{"id":73744,"date":"2021-02-02T15:12:15","date_gmt":"2021-02-02T15:12:15","guid":{"rendered":"http:\/\/folhadosudeste.com\/site\/?p=73744"},"modified":"2021-02-02T15:12:15","modified_gmt":"2021-02-02T15:12:15","slug":"vieiras-recebe-novo-lote-de-vacinas-contra-covid","status":"publish","type":"post","link":"http:\/\/folhadosudeste.com\/site\/?p=73744","title":{"rendered":"Vieiras recebe novo lote de vacinas contra covid"},"content":{"rendered":"<p><a href=\"http:\/\/folhadosudeste.com\/site\/wp-content\/uploads\/2021\/02\/Chegada-do-segundo-lote-de-vacinas-a-Vieiras.jpg\"><img loading=\"lazy\" decoding=\"async\" class=\"alignnone size-full wp-image-73745\" src=\"http:\/\/folhadosudeste.com\/site\/wp-content\/uploads\/2021\/02\/Chegada-do-segundo-lote-de-vacinas-a-Vieiras.jpg\" alt=\"\" width=\"1144\" height=\"772\" srcset=\"http:\/\/folhadosudeste.com\/site\/wp-content\/uploads\/2021\/02\/Chegada-do-segundo-lote-de-vacinas-a-Vieiras.jpg 1144w, http:\/\/folhadosudeste.com\/site\/wp-content\/uploads\/2021\/02\/Chegada-do-segundo-lote-de-vacinas-a-Vieiras-300x202.jpg 300w, http:\/\/folhadosudeste.com\/site\/wp-content\/uploads\/2021\/02\/Chegada-do-segundo-lote-de-vacinas-a-Vieiras-768x518.jpg 768w, http:\/\/folhadosudeste.com\/site\/wp-content\/uploads\/2021\/02\/Chegada-do-segundo-lote-de-vacinas-a-Vieiras-1024x691.jpg 1024w, http:\/\/folhadosudeste.com\/site\/wp-content\/uploads\/2021\/02\/Chegada-do-segundo-lote-de-vacinas-a-Vieiras-120x80.jpg 120w\" sizes=\"auto, (max-width: 1144px) 100vw, 1144px\" \/><\/a><\/p>\n<p style=\"text-align: justify;\"><i>Munic\u00edpio tamb\u00e9m passou a contar com duas barreiras sanit\u00e1rias<\/i><\/p>\n<p style=\"text-align: justify;\">O segundo lote de vacinas contra a covid j\u00e1 est\u00e1 em Vieiras. O munic\u00edpio recebeu, nesta segunda-feira, dia 1\u00b0, mais 56 doses, sendo 16 da Coronavac e 40 da AstraZeneca.<\/p>\n<p style=\"text-align: justify;\">Neste segundo momento, ser\u00e3o vacinados profissionais da sa\u00fade do munic\u00edpio, al\u00e9m dos profissionais da sa\u00fade que atuam na linha de frente no combate ao coronav\u00edrus e que j\u00e1 receberam a primeira dose.<\/p>\n<p style=\"text-align: justify;\">A aplica\u00e7\u00e3o das doses ser\u00e1 feita a partir desta ter\u00e7a-feira, dia 2.<\/p>\n<p style=\"text-align: justify;\">Ao todo, Vieiras j\u00e1 recebeu 65 doses do imunizante, entre o 1\u00b0 e 2\u00b0 lotes.<\/p>\n<p style=\"text-align: justify;\">De acordo com o mais recente boletim epidemiol\u00f3gica divulgado na \u00faltima sexta-feira, dia 29 de janeiro, Vieiras tem 191 casos confirmados de coronav\u00edrus.<\/p>\n<p><!--more--><\/p>\n<p style=\"text-align: justify;\"><b>Barreiras sanit\u00e1rias &#8211;<\/b>&nbsp;A cidade tamb\u00e9m ganhou nesta segunda-feira um refor\u00e7o na preven\u00e7\u00e3o ao coronav\u00edrus. O munic\u00edpio passou a contar com duas barreiras sanit\u00e1rias &#8211; uma instalada na entrada de Vieiras e outra na sa\u00edda para a Comunidade do Gavi\u00e3o.<\/p>\n<p style=\"text-align: justify;\">A barreira vai funcionar todos os dias, das 7h \u00e0s 19h, com media\u00e7\u00e3o de temperatura e higieniza\u00e7\u00e3o das m\u00e3os. Al\u00e9m disso, as equipes contam com um ox\u00edmetro &#8211; aparelho que mede os batimentos card\u00edacos e a oxigena\u00e7\u00e3o.<\/p>\n<p style=\"text-align: justify;\">Uma terceira barreira sanit\u00e1ria ser\u00e1 instalada em breve sentido no Distrito de Santo Ant\u00f4nio.<\/p>\n<p><a href=\"http:\/\/folhadosudeste.com\/site\/wp-content\/uploads\/2021\/02\/Barreira-sanit\u00e1ria-instalada-na-entrada-principal-da-cidade.jpg\"><img loading=\"lazy\" decoding=\"async\" class=\"alignnone size-full wp-image-73746\" src=\"http:\/\/folhadosudeste.com\/site\/wp-content\/uploads\/2021\/02\/Barreira-sanit\u00e1ria-instalada-na-entrada-principal-da-cidade.jpg\" alt=\"\" width=\"1500\" height=\"844\" srcset=\"http:\/\/folhadosudeste.com\/site\/wp-content\/uploads\/2021\/02\/Barreira-sanit\u00e1ria-instalada-na-entrada-principal-da-cidade.jpg 1500w, http:\/\/folhadosudeste.com\/site\/wp-content\/uploads\/2021\/02\/Barreira-sanit\u00e1ria-instalada-na-entrada-principal-da-cidade-300x169.jpg 300w, http:\/\/folhadosudeste.com\/site\/wp-content\/uploads\/2021\/02\/Barreira-sanit\u00e1ria-instalada-na-entrada-principal-da-cidade-768x432.jpg 768w, http:\/\/folhadosudeste.com\/site\/wp-content\/uploads\/2021\/02\/Barreira-sanit\u00e1ria-instalada-na-entrada-principal-da-cidade-1024x576.jpg 1024w\" sizes=\"auto, (max-width: 1500px) 100vw, 1500px\" \/><\/a> <a href=\"http:\/\/folhadosudeste.com\/site\/wp-content\/uploads\/2021\/02\/Dose-da-vacina-contra-a-covid.jpg\"><img loading=\"lazy\" decoding=\"async\" class=\"alignnone size-full wp-image-73747\" src=\"http:\/\/folhadosudeste.com\/site\/wp-content\/uploads\/2021\/02\/Dose-da-vacina-contra-a-covid.jpg\" alt=\"\" width=\"1500\" height=\"994\" srcset=\"http:\/\/folhadosudeste.com\/site\/wp-content\/uploads\/2021\/02\/Dose-da-vacina-contra-a-covid.jpg 1500w, http:\/\/folhadosudeste.com\/site\/wp-content\/uploads\/2021\/02\/Dose-da-vacina-contra-a-covid-300x199.jpg 300w, http:\/\/folhadosudeste.com\/site\/wp-content\/uploads\/2021\/02\/Dose-da-vacina-contra-a-covid-768x509.jpg 768w, http:\/\/folhadosudeste.com\/site\/wp-content\/uploads\/2021\/02\/Dose-da-vacina-contra-a-covid-1024x679.jpg 1024w, http:\/\/folhadosudeste.com\/site\/wp-content\/uploads\/2021\/02\/Dose-da-vacina-contra-a-covid-120x80.jpg 120w, http:\/\/folhadosudeste.com\/site\/wp-content\/uploads\/2021\/02\/Dose-da-vacina-contra-a-covid-345x230.jpg 345w, http:\/\/folhadosudeste.com\/site\/wp-content\/uploads\/2021\/02\/Dose-da-vacina-contra-a-covid-590x390.jpg 590w\" sizes=\"auto, (max-width: 1500px) 100vw, 1500px\" \/><\/a> <a href=\"http:\/\/folhadosudeste.com\/site\/wp-content\/uploads\/2021\/02\/Barreiras-sanit\u00e1rias-em-funcionamento-em-Vieiras.jpg\"><img loading=\"lazy\" decoding=\"async\" class=\"alignnone size-full wp-image-73748\" src=\"http:\/\/folhadosudeste.com\/site\/wp-content\/uploads\/2021\/02\/Barreiras-sanit\u00e1rias-em-funcionamento-em-Vieiras.jpg\" alt=\"\" width=\"1500\" height=\"902\" srcset=\"http:\/\/folhadosudeste.com\/site\/wp-content\/uploads\/2021\/02\/Barreiras-sanit\u00e1rias-em-funcionamento-em-Vieiras.jpg 1500w, http:\/\/folhadosudeste.com\/site\/wp-content\/uploads\/2021\/02\/Barreiras-sanit\u00e1rias-em-funcionamento-em-Vieiras-300x180.jpg 300w, http:\/\/folhadosudeste.com\/site\/wp-content\/uploads\/2021\/02\/Barreiras-sanit\u00e1rias-em-funcionamento-em-Vieiras-768x462.jpg 768w, http:\/\/folhadosudeste.com\/site\/wp-content\/uploads\/2021\/02\/Barreiras-sanit\u00e1rias-em-funcionamento-em-Vieiras-1024x616.jpg 1024w\" sizes=\"auto, (max-width: 1500px) 100vw, 1500px\" \/><\/a><\/p>\n","protected":false},"excerpt":{"rendered":"<p>Munic\u00edpio tamb\u00e9m passou a contar com duas barreiras sanit\u00e1rias O segundo lote de vacinas contra a covid j\u00e1 est\u00e1 em Vieiras. O munic\u00edpio recebeu, nesta segunda-feira, dia 1\u00b0, mais 56 doses, sendo 16 da Coronavac e 40 da AstraZeneca. Neste segundo momento, ser\u00e3o vacinados profissionais da sa\u00fade do munic\u00edpio, al\u00e9m dos profissionais da sa\u00fade que [&hellip;]<\/p>\n","protected":false},"author":6,"featured_media":0,"comment_status":"open","ping_status":"closed","sticky":false,"template":"","format":"standard","meta":{"_joinchat":[],"footnotes":""},"categories":[1],"tags":[],"class_list":["post-73744","post","type-post","status-publish","format-standard","hentry","category-sem-categoria"],"_links":{"self":[{"href":"http:\/\/folhadosudeste.com\/site\/index.php?rest_route=\/wp\/v2\/posts\/73744","targetHints":{"allow":["GET"]}}],"collection":[{"href":"http:\/\/folhadosudeste.com\/site\/index.php?rest_route=\/wp\/v2\/posts"}],"about":[{"href":"http:\/\/folhadosudeste.com\/site\/index.php?rest_route=\/wp\/v2\/types\/post"}],"author":[{"embeddable":true,"href":"http:\/\/folhadosudeste.com\/site\/index.php?rest_route=\/wp\/v2\/users\/6"}],"replies":[{"embeddable":true,"href":"http:\/\/folhadosudeste.com\/site\/index.php?rest_route=%2Fwp%2Fv2%2Fcomments&post=73744"}],"version-history":[{"count":1,"href":"http:\/\/folhadosudeste.com\/site\/index.php?rest_route=\/wp\/v2\/posts\/73744\/revisions"}],"predecessor-version":[{"id":73749,"href":"http:\/\/folhadosudeste.com\/site\/index.php?rest_route=\/wp\/v2\/posts\/73744\/revisions\/73749"}],"wp:attachment":[{"href":"http:\/\/folhadosudeste.com\/site\/index.php?rest_route=%2Fwp%2Fv2%2Fmedia&parent=73744"}],"wp:term":[{"taxonomy":"category","embeddable":true,"href":"http:\/\/folhadosudeste.com\/site\/index.php?rest_route=%2Fwp%2Fv2%2Fcategories&post=73744"},{"taxonomy":"post_tag","embeddable":true,"href":"http:\/\/folhadosudeste.com\/site\/index.php?rest_route=%2Fwp%2Fv2%2Ftags&post=73744"}],"curies":[{"name":"wp","href":"https:\/\/api.w.org\/{rel}","templated":true}]}}