{"id":73750,"date":"2021-02-02T15:13:38","date_gmt":"2021-02-02T15:13:38","guid":{"rendered":"http:\/\/folhadosudeste.com\/site\/?p=73750"},"modified":"2021-02-02T15:13:38","modified_gmt":"2021-02-02T15:13:38","slug":"muriae-registra-mais-uma-morte-por-covid-19","status":"publish","type":"post","link":"http:\/\/folhadosudeste.com\/site\/?p=73750","title":{"rendered":"Muria\u00e9 registra mais uma morte por covid-19"},"content":{"rendered":"<p><a href=\"http:\/\/folhadosudeste.com\/site\/wp-content\/uploads\/2021\/02\/WhatsApp-Image-2021-02-02-at-10.51.06.jpeg\"><img loading=\"lazy\" decoding=\"async\" class=\"alignnone size-full wp-image-73751\" src=\"http:\/\/folhadosudeste.com\/site\/wp-content\/uploads\/2021\/02\/WhatsApp-Image-2021-02-02-at-10.51.06.jpeg\" alt=\"\" width=\"670\" height=\"670\" srcset=\"http:\/\/folhadosudeste.com\/site\/wp-content\/uploads\/2021\/02\/WhatsApp-Image-2021-02-02-at-10.51.06.jpeg 670w, http:\/\/folhadosudeste.com\/site\/wp-content\/uploads\/2021\/02\/WhatsApp-Image-2021-02-02-at-10.51.06-150x150.jpeg 150w, http:\/\/folhadosudeste.com\/site\/wp-content\/uploads\/2021\/02\/WhatsApp-Image-2021-02-02-at-10.51.06-300x300.jpeg 300w\" sizes=\"auto, (max-width: 670px) 100vw, 670px\" \/><\/a><\/p>\n<p style=\"text-align: justify;\">Uma senhora de 85 anos foi a mais recente v\u00edtima da covid-19 em Muria\u00e9. Ela era moradora da cidade e tamb\u00e9m sofria de obesidade.<\/p>\n<p style=\"text-align: justify;\">Com isso, a cidade j\u00e1 registra 132 \u00f3bitos pela doen\u00e7a desde o in\u00edcio da pandemia, al\u00e9m de outras 99 pessoas que moravam em outros munic\u00edpios, mas faleceram enquanto estavam internadas em hospitais muriaeenses.<\/p>\n<p style=\"text-align: justify;\">O boletim desta segunda-feira tamb\u00e9m trouxe a confirma\u00e7\u00e3o de 13 novas infec\u00e7\u00f5es pelo coronav\u00edrus em Muria\u00e9. Embora o n\u00famero de hoje tenha sido consideravelmente menor que os dos \u00faltimos dias, cabe ressaltar que a Secretaria Municipal de Sa\u00fade n\u00e3o recebeu resultados de exames no fim de semana, o que pode ter provocado a drenagem do \u00edndice.<\/p>\n<p style=\"text-align: justify;\">Interna\u00e7\u00f5es &#8211; Nesta sexta-feira, os hospitais da cidade est\u00e3o com 48 pessoas internadas com suspeita ou confirma\u00e7\u00e3o de covid-19. Deste total, 22 est\u00e3o est\u00e3o em leitos comuns e 26, em UTIS.<\/p>\n<p><!--more--><\/p>\n<p style=\"text-align: justify;\">Respiradores em utiliza\u00e7\u00e3o totalizam 13 no momento. J\u00e1 a ocupa\u00e7\u00e3o de UTIs p\u00fablicas destinadas para tratamento de covid \u00e9 de 91% &#8211; ou seja, dos 21 leitos de terapia intensiva credenciados ao SUS, apenas dois est\u00e3o dispon\u00edveis.<\/p>\n<p style=\"text-align: justify;\">Os n\u00fameros de hoje (01\/02\/2021) foram retirados do sistema \u00e0s 5h30. Veja os dados completos:<\/p>\n<p style=\"text-align: justify;\">MORADORES DE MURIA\u00c9<br \/>\nTotal de confirma\u00e7\u00f5es: 6.884 (em rela\u00e7\u00e3o ao boletim anterior: +13)<br \/>\nPessoas vacinadas: 2.635<br \/>\nPacientes ativos: 194 (em rela\u00e7\u00e3o ao boletim anterior: -93)<br \/>\nPacientes curados: 6.558 (em rela\u00e7\u00e3o ao boletim anterior: +105)<br \/>\n\u00d3bitos: 132 (em rela\u00e7\u00e3o ao boletim anterior: +01)<br \/>\nEm investiga\u00e7\u00e3o (com exame): 178<br \/>\nEm monitoramento (sem exame): 10<br \/>\nNegativos: 7.681<\/p>\n<p style=\"text-align: justify;\">MORADORES DE OUTRAS CIDADES ATENDIDOS EM MURIA\u00c9 (estes n\u00fameros entram nas estat\u00edsticas das cidades de origem de cada paciente; a divulga\u00e7\u00e3o ocorre apenas a t\u00edtulo de informa\u00e7\u00e3o e transpar\u00eancia)<br \/>\nTotal de confirma\u00e7\u00f5es: 687 (em rela\u00e7\u00e3o ao boletim anterior: +02)<br \/>\nPacientes ativos: 38 (em rela\u00e7\u00e3o ao boletim anterior: -11)<br \/>\nPacientes curados: 550 (em rela\u00e7\u00e3o ao boletim anterior: +13)<br \/>\n\u00d3bitos: 99 (em rela\u00e7\u00e3o ao boletim anterior: sem altera\u00e7\u00e3o)<br \/>\nEm investiga\u00e7\u00e3o (com exame): 14<br \/>\nEm monitoramento (sem exame): 02<br \/>\nNegativos: 869<\/p>\n","protected":false},"excerpt":{"rendered":"<p>Uma senhora de 85 anos foi a mais recente v\u00edtima da covid-19 em Muria\u00e9. Ela era moradora da cidade e tamb\u00e9m sofria de obesidade. Com isso, a cidade j\u00e1 registra 132 \u00f3bitos pela doen\u00e7a desde o in\u00edcio da pandemia, al\u00e9m de outras 99 pessoas que moravam em outros munic\u00edpios, mas faleceram enquanto estavam internadas em [&hellip;]<\/p>\n","protected":false},"author":6,"featured_media":0,"comment_status":"open","ping_status":"closed","sticky":false,"template":"","format":"standard","meta":{"_joinchat":[],"footnotes":""},"categories":[1],"tags":[],"class_list":["post-73750","post","type-post","status-publish","format-standard","hentry","category-sem-categoria"],"_links":{"self":[{"href":"http:\/\/folhadosudeste.com\/site\/index.php?rest_route=\/wp\/v2\/posts\/73750","targetHints":{"allow":["GET"]}}],"collection":[{"href":"http:\/\/folhadosudeste.com\/site\/index.php?rest_route=\/wp\/v2\/posts"}],"about":[{"href":"http:\/\/folhadosudeste.com\/site\/index.php?rest_route=\/wp\/v2\/types\/post"}],"author":[{"embeddable":true,"href":"http:\/\/folhadosudeste.com\/site\/index.php?rest_route=\/wp\/v2\/users\/6"}],"replies":[{"embeddable":true,"href":"http:\/\/folhadosudeste.com\/site\/index.php?rest_route=%2Fwp%2Fv2%2Fcomments&post=73750"}],"version-history":[{"count":1,"href":"http:\/\/folhadosudeste.com\/site\/index.php?rest_route=\/wp\/v2\/posts\/73750\/revisions"}],"predecessor-version":[{"id":73752,"href":"http:\/\/folhadosudeste.com\/site\/index.php?rest_route=\/wp\/v2\/posts\/73750\/revisions\/73752"}],"wp:attachment":[{"href":"http:\/\/folhadosudeste.com\/site\/index.php?rest_route=%2Fwp%2Fv2%2Fmedia&parent=73750"}],"wp:term":[{"taxonomy":"category","embeddable":true,"href":"http:\/\/folhadosudeste.com\/site\/index.php?rest_route=%2Fwp%2Fv2%2Fcategories&post=73750"},{"taxonomy":"post_tag","embeddable":true,"href":"http:\/\/folhadosudeste.com\/site\/index.php?rest_route=%2Fwp%2Fv2%2Ftags&post=73750"}],"curies":[{"name":"wp","href":"https:\/\/api.w.org\/{rel}","templated":true}]}}