{"id":73757,"date":"2021-02-02T23:13:52","date_gmt":"2021-02-02T23:13:52","guid":{"rendered":"http:\/\/folhadosudeste.com\/site\/?p=73757"},"modified":"2021-02-02T23:13:52","modified_gmt":"2021-02-02T23:13:52","slug":"muriae-tem-mais-duas-mortes-e-30-novos-casos-de-covid-19","status":"publish","type":"post","link":"http:\/\/folhadosudeste.com\/site\/?p=73757","title":{"rendered":"Muria\u00e9 tem mais duas mortes e 30 novos casos de covid-19"},"content":{"rendered":"<p><img decoding=\"async\" src=\"https:\/\/muriae.mg.gov.br\/wp-content\/uploads\/2021\/02\/PHOTO-2021-02-02-16-41-21.jpg\" alt=\"PHOTO-2021-02-02-16-41-21\"><\/p>\n<p style=\"text-align: justify;\">Mais duas pessoas de Muria\u00e9 morreram em decorr\u00eancia de complica\u00e7\u00f5es da covid-19. As v\u00edtimas mais recentes foram duas mulheres: uma de 78 anos e outra de 84. Ambas eram hipertensas.<\/p>\n<p style=\"text-align: justify;\">Os hospitais da cidade tamb\u00e9m registraram a morte de outros dois pacientes que n\u00e3o moravam em Muria\u00e9, mas estavam internados aqui.<\/p>\n<p style=\"text-align: justify;\">N\u00fameros do dia &#8211; Nesta ter\u00e7a-feira, Muria\u00e9 registrou 30 novas infec\u00e7\u00f5es pelo coronav\u00edrus. O n\u00famero de pacientes ativos subiu para 199, cinco a mais que ontem.<\/p>\n<p style=\"text-align: justify;\">Interna\u00e7\u00f5es &#8211; Os hospitais da cidade est\u00e3o com 43 pessoas internadas com suspeita ou confirma\u00e7\u00e3o de covid-19. Deste total, 16 est\u00e3o est\u00e3o em leitos comuns e 26, em UTIS.<\/p>\n<p style=\"text-align: justify;\">Respiradores em utiliza\u00e7\u00e3o totalizam nove no momento. J\u00e1 a ocupa\u00e7\u00e3o de UTIs p\u00fablicas destinadas para tratamento de covid \u00e9 de 91% &#8211; ou seja, dos 21 leitos de terapia intensiva credenciados ao SUS, apenas dois est\u00e3o dispon\u00edveis.<\/p>\n<p style=\"text-align: justify;\">Os n\u00fameros de hoje (02\/02\/2021) foram retirados do sistema \u00e0s 5h30. Veja os dados completos:<\/p>\n<p style=\"text-align: justify;\">MORADORES DE MURIA\u00c9<br \/>\nTotal de confirma\u00e7\u00f5es: 6.914 (em rela\u00e7\u00e3o ao boletim anterior: +30)<br \/>\nPessoas vacinadas: 3.201<br \/>\nPacientes ativos: 199 (em rela\u00e7\u00e3o ao boletim anterior: +05)<br \/>\nPacientes curados: 6.581 (em rela\u00e7\u00e3o ao boletim anterior: +23)<br \/>\n\u00d3bitos: 134 (em rela\u00e7\u00e3o ao boletim anterior: +02)<br \/>\nEm investiga\u00e7\u00e3o (com exame): 94<br \/>\nEm monitoramento (sem exame): 11<br \/>\nNegativos: 7.719<\/p>\n<p style=\"text-align: justify;\">MORADORES DE OUTRAS CIDADES ATENDIDOS EM MURIA\u00c9 (estes n\u00fameros entram nas estat\u00edsticas das cidades de origem de cada paciente; a divulga\u00e7\u00e3o ocorre apenas a t\u00edtulo de informa\u00e7\u00e3o e transpar\u00eancia)<br \/>\nTotal de confirma\u00e7\u00f5es: 691 (em rela\u00e7\u00e3o ao boletim anterior: +04)<br \/>\nPacientes ativos: 37 (em rela\u00e7\u00e3o ao boletim anterior: -01)<br \/>\nPacientes curados: 553 (em rela\u00e7\u00e3o ao boletim anterior: +03)<br \/>\n\u00d3bitos: 101 (em rela\u00e7\u00e3o ao boletim anterior: +02)<br \/>\nEm investiga\u00e7\u00e3o (com exame): 13<br \/>\nEm monitoramento (sem exame): 02<br \/>\nNegativos: 869<\/p>\n","protected":false},"excerpt":{"rendered":"<p>Mais duas pessoas de Muria\u00e9 morreram em decorr\u00eancia de complica\u00e7\u00f5es da covid-19. As v\u00edtimas mais recentes foram duas mulheres: uma de 78 anos e outra de 84. Ambas eram hipertensas. Os hospitais da cidade tamb\u00e9m registraram a morte de outros dois pacientes que n\u00e3o moravam em Muria\u00e9, mas estavam internados aqui. N\u00fameros do dia &#8211; [&hellip;]<\/p>\n","protected":false},"author":6,"featured_media":0,"comment_status":"open","ping_status":"closed","sticky":false,"template":"","format":"standard","meta":{"_joinchat":[],"footnotes":""},"categories":[1],"tags":[],"class_list":["post-73757","post","type-post","status-publish","format-standard","hentry","category-sem-categoria"],"_links":{"self":[{"href":"http:\/\/folhadosudeste.com\/site\/index.php?rest_route=\/wp\/v2\/posts\/73757","targetHints":{"allow":["GET"]}}],"collection":[{"href":"http:\/\/folhadosudeste.com\/site\/index.php?rest_route=\/wp\/v2\/posts"}],"about":[{"href":"http:\/\/folhadosudeste.com\/site\/index.php?rest_route=\/wp\/v2\/types\/post"}],"author":[{"embeddable":true,"href":"http:\/\/folhadosudeste.com\/site\/index.php?rest_route=\/wp\/v2\/users\/6"}],"replies":[{"embeddable":true,"href":"http:\/\/folhadosudeste.com\/site\/index.php?rest_route=%2Fwp%2Fv2%2Fcomments&post=73757"}],"version-history":[{"count":1,"href":"http:\/\/folhadosudeste.com\/site\/index.php?rest_route=\/wp\/v2\/posts\/73757\/revisions"}],"predecessor-version":[{"id":73758,"href":"http:\/\/folhadosudeste.com\/site\/index.php?rest_route=\/wp\/v2\/posts\/73757\/revisions\/73758"}],"wp:attachment":[{"href":"http:\/\/folhadosudeste.com\/site\/index.php?rest_route=%2Fwp%2Fv2%2Fmedia&parent=73757"}],"wp:term":[{"taxonomy":"category","embeddable":true,"href":"http:\/\/folhadosudeste.com\/site\/index.php?rest_route=%2Fwp%2Fv2%2Fcategories&post=73757"},{"taxonomy":"post_tag","embeddable":true,"href":"http:\/\/folhadosudeste.com\/site\/index.php?rest_route=%2Fwp%2Fv2%2Ftags&post=73757"}],"curies":[{"name":"wp","href":"https:\/\/api.w.org\/{rel}","templated":true}]}}