{"id":73763,"date":"2021-02-04T00:50:30","date_gmt":"2021-02-04T00:50:30","guid":{"rendered":"http:\/\/folhadosudeste.com\/site\/?p=73763"},"modified":"2021-02-04T00:50:30","modified_gmt":"2021-02-04T00:50:30","slug":"camara-elege-mesa-diretora-e-aprova-maria-da-consolacao-para-direcao-geral-do-demsur","status":"publish","type":"post","link":"http:\/\/folhadosudeste.com\/site\/?p=73763","title":{"rendered":"C\u00e2mara elege Mesa Diretora e aprova Maria da Consola\u00e7\u00e3o para dire\u00e7\u00e3o geral do Demsur"},"content":{"rendered":"<p><a href=\"http:\/\/folhadosudeste.com\/site\/wp-content\/uploads\/2021\/02\/DSC_0303.jpg\"><img loading=\"lazy\" decoding=\"async\" class=\"alignnone size-full wp-image-73764\" src=\"http:\/\/folhadosudeste.com\/site\/wp-content\/uploads\/2021\/02\/DSC_0303.jpg\" alt=\"\" width=\"1500\" height=\"990\" srcset=\"http:\/\/folhadosudeste.com\/site\/wp-content\/uploads\/2021\/02\/DSC_0303.jpg 1500w, http:\/\/folhadosudeste.com\/site\/wp-content\/uploads\/2021\/02\/DSC_0303-300x198.jpg 300w, http:\/\/folhadosudeste.com\/site\/wp-content\/uploads\/2021\/02\/DSC_0303-768x507.jpg 768w, http:\/\/folhadosudeste.com\/site\/wp-content\/uploads\/2021\/02\/DSC_0303-1024x676.jpg 1024w, http:\/\/folhadosudeste.com\/site\/wp-content\/uploads\/2021\/02\/DSC_0303-120x80.jpg 120w, http:\/\/folhadosudeste.com\/site\/wp-content\/uploads\/2021\/02\/DSC_0303-590x390.jpg 590w\" sizes=\"auto, (max-width: 1500px) 100vw, 1500px\" \/><\/a><\/p>\n<p style=\"font-weight: 400; text-align: justify;\">A C\u00e2mara Municipal de Muria\u00e9 retornou nesta ter\u00e7a-feira, dia 2 de fevereiro, do recesso parlamentar com a primeira sess\u00e3o semanal da legislatura 2021\/2024. Presidida por Afonso da Sa\u00fade (PTB), vereador eleito presidente por ter sido o mais votado nas elei\u00e7\u00f5es de 2020, os trabalhos legislativos em plen\u00e1rio tiveram in\u00edcio com a elei\u00e7\u00e3o dos demais membros da Mesa Diretora da Casa.<\/p>\n<p style=\"font-weight: 400; text-align: justify;\">Para os cargos de 1\u00ba vice-presidente, 2\u00ba vice-presidente, 1\u00ba secret\u00e1rio e 2\u00ba secret\u00e1rio concorreram duas chapas. A chapa 01 concorreu com os respectivos candidatos: vereador Forim (Solidariedade), vereador Gerson Ferreira Varella Neto (PSL), vereador Valdinei Lacerda (PSD) e vereador Anderson (PSD). J\u00e1 a chapa 02 foi composta pelo vereador Devail (PP), vereadora Dr\u00aa Miriam (PP), vereador Ademar Camerino (MDB) e vereador Dr. Frederico (PTB).<\/p>\n<p><!--more--><\/p>\n<p style=\"font-weight: 400; text-align: justify;\">Por dez votos a sete, integram a Mesa Diretora 2021, a chapa 01:<\/p>\n<p style=\"font-weight: 400; text-align: justify;\">&nbsp;&#8211; Forim (1\u00ba vice-presidente)<\/p>\n<p style=\"font-weight: 400; text-align: justify;\">&nbsp;&#8211; Gerson Ferreira Varella Neto (2\u00ba vice-presidente)<\/p>\n<p style=\"font-weight: 400; text-align: justify;\">&nbsp;&#8211; Valdinei Lacerda (1\u00ba secret\u00e1rio)<\/p>\n<p style=\"font-weight: 400; text-align: justify;\">&nbsp;&#8211; Anderson (2\u00ba secret\u00e1rio)<\/p>\n<p style=\"font-weight: 400; text-align: justify;\">Ap\u00f3s as elei\u00e7\u00f5es dos novos membros da Mesa, foi realizada, conforme determina a Lei Org\u00e2nica de Muria\u00e9, a sabatina da indicada para a dire\u00e7\u00e3o geral do Departamento Municipal de Saneamento Urbano (Demsur), Maria da Consola\u00e7\u00e3o Tanus Pampolini de Freitas. Consola\u00e7\u00e3o falou aos vereadores sobre seus planos na autarquia e recebeu questionamentos dos vereadores Forim, Celsinho (PSD), Gerson Varella Neto, Anderson, Evandro Cheroso (Cidadania), Dr\u00aa Miriam, Valdinei Lacerda e Delsinho (Solidariedade). Depois de responder os vereadores, foi realizada a vota\u00e7\u00e3o que consolidou, por unanimidade, a indica\u00e7\u00e3o de Maria da Consola\u00e7\u00e3o para a dire\u00e7\u00e3o geral do Demsur.<\/p>\n<p style=\"font-weight: 400; text-align: justify;\">V\u00e1rios projetos importantes foram apresentados aos vereadores nesta primeira sess\u00e3o e come\u00e7am a ser debatidos e votados no Legislativo Municipal nas pr\u00f3ximas semanas, j\u00e1 que os trabalhos a partir de agora seguem de forma regular.&nbsp;<\/p>\n<p style=\"font-weight: 400; text-align: justify;\">Vale destacar que, devido \u00e0 pandemia, a sess\u00e3o presencial foi restrita aos vereadores, seus assessores, equipe da C\u00e2mara que atua na log\u00edstica das sess\u00f5es, Maria da Consola\u00e7\u00e3o e parte da equipe do Demsur, bem como a imprensa local. Todos os presentes usavam m\u00e1scaras. Tamb\u00e9m foi disponibilizado \u00e1lcool 70% para higieniza\u00e7\u00e3o das m\u00e3os. &nbsp;<\/p>\n<p style=\"font-weight: 400; text-align: justify;\">Os vereadores voltam a se reunir nesta quinta-feira, dia 4, quando acontecer\u00e1 uma sess\u00e3o extraordin\u00e1ria \u00e0s 18h30min.&nbsp;<\/p>\n<p><a href=\"http:\/\/folhadosudeste.com\/site\/wp-content\/uploads\/2021\/02\/DSC_0222.jpg\"><img loading=\"lazy\" decoding=\"async\" class=\"alignnone size-full wp-image-73765\" src=\"http:\/\/folhadosudeste.com\/site\/wp-content\/uploads\/2021\/02\/DSC_0222.jpg\" alt=\"\" width=\"1500\" height=\"995\" srcset=\"http:\/\/folhadosudeste.com\/site\/wp-content\/uploads\/2021\/02\/DSC_0222.jpg 1500w, http:\/\/folhadosudeste.com\/site\/wp-content\/uploads\/2021\/02\/DSC_0222-300x199.jpg 300w, http:\/\/folhadosudeste.com\/site\/wp-content\/uploads\/2021\/02\/DSC_0222-768x509.jpg 768w, http:\/\/folhadosudeste.com\/site\/wp-content\/uploads\/2021\/02\/DSC_0222-1024x679.jpg 1024w, http:\/\/folhadosudeste.com\/site\/wp-content\/uploads\/2021\/02\/DSC_0222-120x80.jpg 120w, http:\/\/folhadosudeste.com\/site\/wp-content\/uploads\/2021\/02\/DSC_0222-345x230.jpg 345w, http:\/\/folhadosudeste.com\/site\/wp-content\/uploads\/2021\/02\/DSC_0222-590x390.jpg 590w\" sizes=\"auto, (max-width: 1500px) 100vw, 1500px\" \/><\/a><\/p>\n<p><a href=\"http:\/\/folhadosudeste.com\/site\/wp-content\/uploads\/2021\/02\/DSC_0204.jpg\"><img loading=\"lazy\" decoding=\"async\" class=\"alignnone size-full wp-image-73766\" src=\"http:\/\/folhadosudeste.com\/site\/wp-content\/uploads\/2021\/02\/DSC_0204.jpg\" alt=\"\" width=\"1500\" height=\"952\" srcset=\"http:\/\/folhadosudeste.com\/site\/wp-content\/uploads\/2021\/02\/DSC_0204.jpg 1500w, http:\/\/folhadosudeste.com\/site\/wp-content\/uploads\/2021\/02\/DSC_0204-300x190.jpg 300w, http:\/\/folhadosudeste.com\/site\/wp-content\/uploads\/2021\/02\/DSC_0204-768x487.jpg 768w, http:\/\/folhadosudeste.com\/site\/wp-content\/uploads\/2021\/02\/DSC_0204-1024x650.jpg 1024w\" sizes=\"auto, (max-width: 1500px) 100vw, 1500px\" \/><\/a><\/p>\n<p><a href=\"http:\/\/folhadosudeste.com\/site\/wp-content\/uploads\/2021\/02\/DSC_0227.jpg\"><img loading=\"lazy\" decoding=\"async\" class=\"alignnone size-full wp-image-73767\" src=\"http:\/\/folhadosudeste.com\/site\/wp-content\/uploads\/2021\/02\/DSC_0227.jpg\" alt=\"\" width=\"1500\" height=\"991\" srcset=\"http:\/\/folhadosudeste.com\/site\/wp-content\/uploads\/2021\/02\/DSC_0227.jpg 1500w, http:\/\/folhadosudeste.com\/site\/wp-content\/uploads\/2021\/02\/DSC_0227-300x198.jpg 300w, http:\/\/folhadosudeste.com\/site\/wp-content\/uploads\/2021\/02\/DSC_0227-768x507.jpg 768w, http:\/\/folhadosudeste.com\/site\/wp-content\/uploads\/2021\/02\/DSC_0227-1024x677.jpg 1024w, http:\/\/folhadosudeste.com\/site\/wp-content\/uploads\/2021\/02\/DSC_0227-120x80.jpg 120w, http:\/\/folhadosudeste.com\/site\/wp-content\/uploads\/2021\/02\/DSC_0227-590x390.jpg 590w\" sizes=\"auto, (max-width: 1500px) 100vw, 1500px\" \/><\/a><\/p>\n<p><a href=\"http:\/\/folhadosudeste.com\/site\/wp-content\/uploads\/2021\/02\/DSC_0256.jpg\"><img loading=\"lazy\" decoding=\"async\" class=\"alignnone size-full wp-image-73768\" src=\"http:\/\/folhadosudeste.com\/site\/wp-content\/uploads\/2021\/02\/DSC_0256.jpg\" alt=\"\" width=\"1500\" height=\"1063\" srcset=\"http:\/\/folhadosudeste.com\/site\/wp-content\/uploads\/2021\/02\/DSC_0256.jpg 1500w, http:\/\/folhadosudeste.com\/site\/wp-content\/uploads\/2021\/02\/DSC_0256-300x213.jpg 300w, http:\/\/folhadosudeste.com\/site\/wp-content\/uploads\/2021\/02\/DSC_0256-768x544.jpg 768w, http:\/\/folhadosudeste.com\/site\/wp-content\/uploads\/2021\/02\/DSC_0256-1024x726.jpg 1024w\" sizes=\"auto, (max-width: 1500px) 100vw, 1500px\" \/><\/a><\/p>\n<p><a href=\"http:\/\/folhadosudeste.com\/site\/wp-content\/uploads\/2021\/02\/DSC_0224.jpg\"><img loading=\"lazy\" decoding=\"async\" class=\"alignnone size-full wp-image-73769\" src=\"http:\/\/folhadosudeste.com\/site\/wp-content\/uploads\/2021\/02\/DSC_0224.jpg\" alt=\"\" width=\"1500\" height=\"991\" srcset=\"http:\/\/folhadosudeste.com\/site\/wp-content\/uploads\/2021\/02\/DSC_0224.jpg 1500w, http:\/\/folhadosudeste.com\/site\/wp-content\/uploads\/2021\/02\/DSC_0224-300x198.jpg 300w, http:\/\/folhadosudeste.com\/site\/wp-content\/uploads\/2021\/02\/DSC_0224-768x507.jpg 768w, http:\/\/folhadosudeste.com\/site\/wp-content\/uploads\/2021\/02\/DSC_0224-1024x677.jpg 1024w, http:\/\/folhadosudeste.com\/site\/wp-content\/uploads\/2021\/02\/DSC_0224-120x80.jpg 120w, http:\/\/folhadosudeste.com\/site\/wp-content\/uploads\/2021\/02\/DSC_0224-590x390.jpg 590w\" sizes=\"auto, (max-width: 1500px) 100vw, 1500px\" \/><\/a><\/p>\n<p><a href=\"http:\/\/folhadosudeste.com\/site\/wp-content\/uploads\/2021\/02\/DSC_0261.jpg\"><img loading=\"lazy\" decoding=\"async\" class=\"alignnone size-full wp-image-73770\" src=\"http:\/\/folhadosudeste.com\/site\/wp-content\/uploads\/2021\/02\/DSC_0261.jpg\" alt=\"\" width=\"1500\" height=\"1100\" srcset=\"http:\/\/folhadosudeste.com\/site\/wp-content\/uploads\/2021\/02\/DSC_0261.jpg 1500w, http:\/\/folhadosudeste.com\/site\/wp-content\/uploads\/2021\/02\/DSC_0261-300x220.jpg 300w, http:\/\/folhadosudeste.com\/site\/wp-content\/uploads\/2021\/02\/DSC_0261-768x563.jpg 768w, http:\/\/folhadosudeste.com\/site\/wp-content\/uploads\/2021\/02\/DSC_0261-1024x751.jpg 1024w\" sizes=\"auto, (max-width: 1500px) 100vw, 1500px\" \/><\/a><\/p>\n<p><a href=\"http:\/\/folhadosudeste.com\/site\/wp-content\/uploads\/2021\/02\/DSC_0269.jpg\"><img loading=\"lazy\" decoding=\"async\" class=\"alignnone size-full wp-image-73771\" src=\"http:\/\/folhadosudeste.com\/site\/wp-content\/uploads\/2021\/02\/DSC_0269.jpg\" alt=\"\" width=\"1500\" height=\"1003\" srcset=\"http:\/\/folhadosudeste.com\/site\/wp-content\/uploads\/2021\/02\/DSC_0269.jpg 1500w, http:\/\/folhadosudeste.com\/site\/wp-content\/uploads\/2021\/02\/DSC_0269-300x201.jpg 300w, http:\/\/folhadosudeste.com\/site\/wp-content\/uploads\/2021\/02\/DSC_0269-768x514.jpg 768w, http:\/\/folhadosudeste.com\/site\/wp-content\/uploads\/2021\/02\/DSC_0269-1024x685.jpg 1024w, http:\/\/folhadosudeste.com\/site\/wp-content\/uploads\/2021\/02\/DSC_0269-120x80.jpg 120w, http:\/\/folhadosudeste.com\/site\/wp-content\/uploads\/2021\/02\/DSC_0269-345x230.jpg 345w\" sizes=\"auto, (max-width: 1500px) 100vw, 1500px\" \/><\/a><\/p>\n<p><a href=\"http:\/\/folhadosudeste.com\/site\/wp-content\/uploads\/2021\/02\/DSC_0291.jpg\"><img loading=\"lazy\" decoding=\"async\" class=\"alignnone size-full wp-image-73772\" src=\"http:\/\/folhadosudeste.com\/site\/wp-content\/uploads\/2021\/02\/DSC_0291.jpg\" alt=\"\" width=\"1500\" height=\"1003\" srcset=\"http:\/\/folhadosudeste.com\/site\/wp-content\/uploads\/2021\/02\/DSC_0291.jpg 1500w, http:\/\/folhadosudeste.com\/site\/wp-content\/uploads\/2021\/02\/DSC_0291-300x201.jpg 300w, http:\/\/folhadosudeste.com\/site\/wp-content\/uploads\/2021\/02\/DSC_0291-768x514.jpg 768w, http:\/\/folhadosudeste.com\/site\/wp-content\/uploads\/2021\/02\/DSC_0291-1024x685.jpg 1024w, http:\/\/folhadosudeste.com\/site\/wp-content\/uploads\/2021\/02\/DSC_0291-120x80.jpg 120w, http:\/\/folhadosudeste.com\/site\/wp-content\/uploads\/2021\/02\/DSC_0291-345x230.jpg 345w\" sizes=\"auto, (max-width: 1500px) 100vw, 1500px\" \/><\/a><\/p>\n","protected":false},"excerpt":{"rendered":"<p>A C\u00e2mara Municipal de Muria\u00e9 retornou nesta ter\u00e7a-feira, dia 2 de fevereiro, do recesso parlamentar com a primeira sess\u00e3o semanal da legislatura 2021\/2024. Presidida por Afonso da Sa\u00fade (PTB), vereador eleito presidente por ter sido o mais votado nas elei\u00e7\u00f5es de 2020, os trabalhos legislativos em plen\u00e1rio tiveram in\u00edcio com a elei\u00e7\u00e3o dos demais membros [&hellip;]<\/p>\n","protected":false},"author":6,"featured_media":0,"comment_status":"open","ping_status":"closed","sticky":false,"template":"","format":"standard","meta":{"_joinchat":[],"footnotes":""},"categories":[1],"tags":[],"class_list":["post-73763","post","type-post","status-publish","format-standard","hentry","category-sem-categoria"],"_links":{"self":[{"href":"http:\/\/folhadosudeste.com\/site\/index.php?rest_route=\/wp\/v2\/posts\/73763","targetHints":{"allow":["GET"]}}],"collection":[{"href":"http:\/\/folhadosudeste.com\/site\/index.php?rest_route=\/wp\/v2\/posts"}],"about":[{"href":"http:\/\/folhadosudeste.com\/site\/index.php?rest_route=\/wp\/v2\/types\/post"}],"author":[{"embeddable":true,"href":"http:\/\/folhadosudeste.com\/site\/index.php?rest_route=\/wp\/v2\/users\/6"}],"replies":[{"embeddable":true,"href":"http:\/\/folhadosudeste.com\/site\/index.php?rest_route=%2Fwp%2Fv2%2Fcomments&post=73763"}],"version-history":[{"count":1,"href":"http:\/\/folhadosudeste.com\/site\/index.php?rest_route=\/wp\/v2\/posts\/73763\/revisions"}],"predecessor-version":[{"id":73773,"href":"http:\/\/folhadosudeste.com\/site\/index.php?rest_route=\/wp\/v2\/posts\/73763\/revisions\/73773"}],"wp:attachment":[{"href":"http:\/\/folhadosudeste.com\/site\/index.php?rest_route=%2Fwp%2Fv2%2Fmedia&parent=73763"}],"wp:term":[{"taxonomy":"category","embeddable":true,"href":"http:\/\/folhadosudeste.com\/site\/index.php?rest_route=%2Fwp%2Fv2%2Fcategories&post=73763"},{"taxonomy":"post_tag","embeddable":true,"href":"http:\/\/folhadosudeste.com\/site\/index.php?rest_route=%2Fwp%2Fv2%2Ftags&post=73763"}],"curies":[{"name":"wp","href":"https:\/\/api.w.org\/{rel}","templated":true}]}}