{"id":73774,"date":"2021-02-04T18:47:15","date_gmt":"2021-02-04T18:47:15","guid":{"rendered":"http:\/\/folhadosudeste.com\/site\/?p=73774"},"modified":"2021-02-04T18:47:24","modified_gmt":"2021-02-04T18:47:24","slug":"em-busca-de-melhorias-para-o-municipio-de-miradouro-prefeito-cloves-botelho-se-reune-com-o-governador-romeu-zema-em-belo-horizonte","status":"publish","type":"post","link":"http:\/\/folhadosudeste.com\/site\/?p=73774","title":{"rendered":"Em busca de melhorias para o Munic\u00edpio de Miradouro, Prefeito Cloves Botelho se re\u00fane com o Governador Romeu Zema em Belo Horizonte"},"content":{"rendered":"<p><img decoding=\"async\" src=\"https:\/\/scontent.fplu6-1.fna.fbcdn.net\/v\/t1.0-0\/s600x600\/146295012_2716310615286830_2259385137442669518_o.jpg?_nc_cat=108&amp;ccb=2&amp;_nc_sid=a26aad&amp;_nc_ohc=DU71fsBhnsgAX9Akpxc&amp;_nc_ht=scontent.fplu6-1.fna&amp;tp=7&amp;oh=ede021e3cf5eb24751e996a94e09917c&amp;oe=6041B9D6\" alt=\"Pode ser uma imagem de em p\u00e9 e texto que diz &quot;MINAS GERAIS GOVERNO DIFERENTE. ESTADO CIENTE IRTRS ARRASTE PARA 0 LADO&quot;\"><\/p>\n<p style=\"text-align: justify;\">O Prefeito de Miradouro, Cloves Botelho, ao lado de outros cinco prefeitos da regi\u00e3o, liderados pelo Deputado Br\u00e1ulio Braz, se reuniram na tarde de hoje com o Governador de Minas Gerais, Romeu Zema. Al\u00e9m do Prefeito de Miradouro, participaram do encontro os seguintes Prefeitos: Ricardo Maia (Vieiras), Walace Pedrosa (S\u00e3o Francisco do Gl\u00f3ria), Tiago Dalp\u00e9rio (Tombos), Welison Fonseca, o Sans\u00e3o (Ant\u00f4nio Prado de Minas) e Bruno Ribeiro (Astolfo Dutra).<\/p>\n<p style=\"text-align: justify;\">A reuni\u00e3o ocorreu no Pal\u00e1cio Tiradentes, em Belo Horizonte. Os Prefeitos apresentaram ao Governador Romeu Zema as prioridades de investimentos e obras de infraestrutura nos Munic\u00edpios que administram. Como afirma o Prefeito de Miradouro, Cloves Botelho, \u00e9 essencial que a Gest\u00e3o Municipal estabele\u00e7a canais respeit\u00e1veis de di\u00e1logos com o Governo do Estado e com a Assembleia Legislativa. A atra\u00e7\u00e3o de benef\u00edcios para a popula\u00e7\u00e3o passa por essa intera\u00e7\u00e3o.<\/p>\n<p style=\"text-align: justify;\">O balan\u00e7o do encontro com o governador mineiro foi positivo e bastante produtivo. A partir de agora foi estabelecida uma pauta de inten\u00e7\u00f5es entre o Munic\u00edpio de Miradouro e o Governo Estadual. O Chefe do Executivo Municipal, Cloves Botelho, continuar\u00e1 se empenhando na busca de boas novidades para o povo miradourense, sobretudo em investimentos nas \u00e1reas consideradas priorit\u00e1rias para o bem-estar da popula\u00e7\u00e3o. Fonte:&nbsp;miradouronoticias.com<\/p>\n<p><img decoding=\"async\" src=\"https:\/\/scontent.fplu6-1.fna.fbcdn.net\/v\/t1.0-0\/s600x600\/146070091_2716310601953498_5843265652220063332_o.jpg?_nc_cat=107&amp;ccb=2&amp;_nc_sid=a26aad&amp;_nc_ohc=Sld9qpuGZxoAX-cUmep&amp;_nc_ht=scontent.fplu6-1.fna&amp;tp=7&amp;oh=84a80fdaa8b5f245066fd85b58165cdb&amp;oe=60419435\" alt=\"Pode ser uma imagem de 1 pessoa, em p\u00e9 e texto que diz &quot;MINAS GERAIS 0 GOVERN ESTADO GOVERNO DIFERENTE. TADO IENTE. S GOVERN ESTADO AN DO N VERNO STADO ARRASTE PARA 0 LADO G OVERNO ESTADO&quot;\"><\/p>\n<p><!--more--><\/p>\n<p><img decoding=\"async\" src=\"https:\/\/scontent.fplu6-1.fna.fbcdn.net\/v\/t1.0-9\/145505325_2716310605286831_3686499802507360918_o.jpg?_nc_cat=111&amp;ccb=2&amp;_nc_sid=a26aad&amp;_nc_ohc=aJCME1-Iz-MAX_44hxQ&amp;_nc_ht=scontent.fplu6-1.fna&amp;oh=c81b440368d0c2119ccbe015e97ea05d&amp;oe=6042DD2F\" alt=\"Pode ser uma imagem de em p\u00e9\"><\/p>\n<p><img decoding=\"async\" src=\"https:\/\/scontent.fplu6-1.fna.fbcdn.net\/v\/t1.0-9\/146269123_2716310608620164_6340124439906995714_o.jpg?_nc_cat=106&amp;ccb=2&amp;_nc_sid=a26aad&amp;_nc_ohc=YZxx3arG-AcAX8hvWBS&amp;_nc_ht=scontent.fplu6-1.fna&amp;oh=b8dfeab50b0b3473332aadccbe0a3304&amp;oe=6040756B\" alt=\"Pode ser uma imagem de texto\"><\/p>\n","protected":false},"excerpt":{"rendered":"<p>O Prefeito de Miradouro, Cloves Botelho, ao lado de outros cinco prefeitos da regi\u00e3o, liderados pelo Deputado Br\u00e1ulio Braz, se reuniram na tarde de hoje com o Governador de Minas Gerais, Romeu Zema. Al\u00e9m do Prefeito de Miradouro, participaram do encontro os seguintes Prefeitos: Ricardo Maia (Vieiras), Walace Pedrosa (S\u00e3o Francisco do Gl\u00f3ria), Tiago Dalp\u00e9rio [&hellip;]<\/p>\n","protected":false},"author":6,"featured_media":0,"comment_status":"open","ping_status":"closed","sticky":false,"template":"","format":"standard","meta":{"_joinchat":[],"footnotes":""},"categories":[1],"tags":[],"class_list":["post-73774","post","type-post","status-publish","format-standard","hentry","category-sem-categoria"],"_links":{"self":[{"href":"http:\/\/folhadosudeste.com\/site\/index.php?rest_route=\/wp\/v2\/posts\/73774","targetHints":{"allow":["GET"]}}],"collection":[{"href":"http:\/\/folhadosudeste.com\/site\/index.php?rest_route=\/wp\/v2\/posts"}],"about":[{"href":"http:\/\/folhadosudeste.com\/site\/index.php?rest_route=\/wp\/v2\/types\/post"}],"author":[{"embeddable":true,"href":"http:\/\/folhadosudeste.com\/site\/index.php?rest_route=\/wp\/v2\/users\/6"}],"replies":[{"embeddable":true,"href":"http:\/\/folhadosudeste.com\/site\/index.php?rest_route=%2Fwp%2Fv2%2Fcomments&post=73774"}],"version-history":[{"count":2,"href":"http:\/\/folhadosudeste.com\/site\/index.php?rest_route=\/wp\/v2\/posts\/73774\/revisions"}],"predecessor-version":[{"id":73776,"href":"http:\/\/folhadosudeste.com\/site\/index.php?rest_route=\/wp\/v2\/posts\/73774\/revisions\/73776"}],"wp:attachment":[{"href":"http:\/\/folhadosudeste.com\/site\/index.php?rest_route=%2Fwp%2Fv2%2Fmedia&parent=73774"}],"wp:term":[{"taxonomy":"category","embeddable":true,"href":"http:\/\/folhadosudeste.com\/site\/index.php?rest_route=%2Fwp%2Fv2%2Fcategories&post=73774"},{"taxonomy":"post_tag","embeddable":true,"href":"http:\/\/folhadosudeste.com\/site\/index.php?rest_route=%2Fwp%2Fv2%2Ftags&post=73774"}],"curies":[{"name":"wp","href":"https:\/\/api.w.org\/{rel}","templated":true}]}}