{"id":73800,"date":"2021-02-11T17:25:10","date_gmt":"2021-02-11T17:25:10","guid":{"rendered":"http:\/\/folhadosudeste.com\/site\/?p=73800"},"modified":"2021-02-11T17:25:10","modified_gmt":"2021-02-11T17:25:10","slug":"direcao-da-sicredi-botucarai-visita-municipios-da-regiao","status":"publish","type":"post","link":"http:\/\/folhadosudeste.com\/site\/?p=73800","title":{"rendered":"Dire\u00e7\u00e3o da Sicredi Botucara\u00ed visita munic\u00edpios da regi\u00e3o"},"content":{"rendered":"<p><a href=\"http:\/\/folhadosudeste.com\/site\/wp-content\/uploads\/2021\/02\/Reuni\u00e3o-Sindicato.jpg\"><img loading=\"lazy\" decoding=\"async\" class=\"alignnone size-full wp-image-73801\" src=\"http:\/\/folhadosudeste.com\/site\/wp-content\/uploads\/2021\/02\/Reuni\u00e3o-Sindicato.jpg\" alt=\"\" width=\"2048\" height=\"1532\" srcset=\"http:\/\/folhadosudeste.com\/site\/wp-content\/uploads\/2021\/02\/Reuni\u00e3o-Sindicato.jpg 2048w, http:\/\/folhadosudeste.com\/site\/wp-content\/uploads\/2021\/02\/Reuni\u00e3o-Sindicato-300x224.jpg 300w, http:\/\/folhadosudeste.com\/site\/wp-content\/uploads\/2021\/02\/Reuni\u00e3o-Sindicato-768x575.jpg 768w, http:\/\/folhadosudeste.com\/site\/wp-content\/uploads\/2021\/02\/Reuni\u00e3o-Sindicato-1024x766.jpg 1024w\" sizes=\"auto, (max-width: 2048px) 100vw, 2048px\" \/><\/a><\/p>\n<p style=\"text-align: justify;\">A dire\u00e7\u00e3o da Sicredi Botucara\u00ed RS\/MG esteve em Minas Gerais entre os dias 02 e 05 de fevereiro. O presidente da Cooperativa, Carlos Rog\u00e9rio Matuella, acompanhado do diretor Executivo, Eudes &nbsp;Mesacasa, do gerente de planejamento estrat\u00e9gico, Glaicon Bonato e do gerente de Desenvolvimento de Neg\u00f3cios e coordenador do projeto de expans\u00e3o, Laoni da Cunha, visitaram munic\u00edpios da regi\u00e3o com o intuito de dar seguimento ao projeto de expans\u00e3o em Minas Gerais.<\/p>\n<p style=\"text-align: justify;\">A comitiva esteve inicialmente na cidade de Tabuleiro, munic\u00edpio de 4 mil habitantes, localizado a aproximadamente 100 km de Muria\u00e9. Na cidade a dire\u00e7\u00e3o foi recebida pelas lideran\u00e7as do Executivo, Legislativo, secret\u00e1rios e representantes de entidades. O munic\u00edpio, que n\u00e3o possu\u00ed nenhuma ag\u00eancia banc\u00e1ria, apresentou um pedido formal para que o Sicredi instale uma ag\u00eancia na cidade. \u201cFoi um momento muito importante. Fomos muito bem recebidos pela comunidade de Tabuleiro, onde tivemos a oportunidade de conhecer a cidade e j\u00e1 visitamos poss\u00edveis salas para a instala\u00e7\u00e3o da nossa ag\u00eancia no munic\u00edpio\u201d, destacou o presidente Carlos Rog\u00e9rio Matuella.<\/p>\n<p style=\"text-align: justify;\">A cidade de Mira\u00ed tamb\u00e9m esteve na agenda da dire\u00e7\u00e3o da Cooperativa. No munic\u00edpio a comitiva foi recebida pelo empres\u00e1rio Claudemir Mirainox, que \u00e9 um dos 22 primeiros associados da Sicredi Botucara\u00ed RS\/MG, em Minas Gerais.<\/p>\n<p style=\"text-align: justify;\">A pr\u00f3xima cidade visitada foi a Cataguazes. No escrit\u00f3rio do Sebrae do munic\u00edpio, a comitiva esteve reunida com o gerente regional do Sebrae, Marco Ant\u00f4nio de Mendon\u00e7a. A segunda agenda nessa cidade foi na prefeitura municipal, onde foram recebidos pelo Prefeito Jos\u00e9 Henriques.<\/p>\n<p style=\"text-align: justify;\">No mesmo dia ainda estiveram no munic\u00edpio de Argirita, que tamb\u00e9m n\u00e3o possu\u00ed ag\u00eancia banc\u00e1ria. \u201cFomos recebidos pelo prefeito Alex Andrade Anzolin e secret\u00e1rios municipais, que tamb\u00e9m formalizaram um pedido para que a Sicredi Botucara\u00ed RS\/MG instale uma ag\u00eancia no munic\u00edpio.<\/p>\n<p style=\"text-align: justify;\">A \u00faltima visita da dire\u00e7\u00e3o foi no munic\u00edpio de Leopoldina, onde participaram de uma reuni\u00e3o com o prefeito Pedro Augusto Junqueira Ferraz e o secret\u00e1rio de Desenvolvimento Econ\u00f4mico, Sergio Duarte Benatti, bem como demais autoridades do munic\u00edpio.<\/p>\n<p><!--more--><\/p>\n<p style=\"text-align: justify;\">De acordo com o presidente da Sicredi Botucara\u00ed RS\/MG, a proposta para este ano \u00e9 a abertura de tr\u00eas ag\u00eancias em munic\u00edpios da regi\u00e3o e mais um escrit\u00f3rio de neg\u00f3cios no centro da cidade de Muria\u00e9, que funcionar\u00e1 at\u00e9 que a obra da ag\u00eancia do centro seja finalizada. \u201cTodas as cidades que visitamos tem potencial, s\u00e3o vi\u00e1veis economicamente e em todas fomos muito bem recebidos pelas lideran\u00e7as\u201d, destacou o presidente.<\/p>\n<p style=\"text-align: justify;\">Matuella avaliou de forma positiva a visita a Minas Gerais. \u201cAtrav\u00e9s dessas visitas aos munic\u00edpios da regi\u00e3o conseguimos construir o planejamento das novas ag\u00eancias da Cooperativa. A defini\u00e7\u00e3o das cidades em que vamos dar sequ\u00eancia ao projeto depende agora de estudo e disponibilidade de local para a instala\u00e7\u00e3o f\u00edsica das nossas ag\u00eancias\u201d, explicou.<\/p>\n<p style=\"text-align: justify;\">Na agenda, a dire\u00e7\u00e3o ainda esteve reunida com a equipe de colaboradores da ag\u00eancia Muria\u00e9\/Barra. \u201cVisitamos a nossa primeira ag\u00eancia em Minas Gerais, e tivemos um bate-papo muito importante com nossa equipe de colaboradores. Estamos muito satisfeitos com os n\u00fameros que a ag\u00eancia est\u00e1 apresentando\u201d, acrescentou o presidente.<\/p>\n<p style=\"text-align: justify;\">Na quinta-feira, dia 04, a dire\u00e7\u00e3o participou da assinatura do conv\u00eanio com a CDL para a Campanha 2021.<\/p>\n<p style=\"text-align: justify;\">Neste mesmo dia esteve reunida com a diretoria do Sindicato Rural de Muria\u00e9, e no final da tarde esteve na sede do Nacional Atl\u00e9tico Clube para a assinatura do contrato de patroc\u00ednio com o Clube, para a temporada 2021.<\/p>\n<p style=\"text-align: justify;\">Para o Diretor Executivo da Sicredi Botucara\u00ed RS\/MG, Eudes Mesacasa, a visita foi extremamente produtiva. \u201cA cada visita que fazemos a Minas Gerais nos surpreendemos de forma positiva. Fomos muito bem acolhidos em todos os lugares que visitamos. Estamos satisfeitos com tudo o que fizemos at\u00e9 agora e muito motivados para dar continuidade no trabalho, pensando em uma expans\u00e3o s\u00f3lida e sustent\u00e1vel. S\u00f3 temos a agradecer as comunidades mineiras pela forma com t\u00eam nos recebido, e aos colegas aqui de Muria\u00e9 pelo trabalho que t\u00eam feito\u201d, afirmou.<\/p>\n<p style=\"text-align: justify;\">O gerente de Planejamento Estrat\u00e9gico da Sicredi Botucara\u00ed RS\/MG, Glaicon Bonato, acompanhou a dire\u00e7\u00e3o da Cooperativa em todas as visitas. Para ele esse momento \u00e9 um divisor de \u00e1guas. \u201c\u00c9 um momento muito gratificante e fico feliz de poder estar desde o in\u00edcio trabalhando nesse projeto. Reunimos muitos dados importantes que v\u00e3o nos permitir dar sequ\u00eancia no projeto de expans\u00e3o\u201d, acrescentou.<\/p>\n<p style=\"text-align: justify;\">O gerente de Desenvolvimento da Cooperativa e Coordenador do Projeto de Expans\u00e3o, Laoni da Cunha destaca que foi realizada uma agenda muito produtiva no que diz respeito ao projeto de expans\u00e3o, come\u00e7ando pela visita a alguns munic\u00edpios da \u00e1rea de atua\u00e7\u00e3o da Sicredi Botucara\u00ed RS\/MG, definidos pela solicita\u00e7\u00e3o dos mesmos para a instala\u00e7\u00e3o de ag\u00eancias do Sicredi. \u201cA forma como fomos recebidos nesses munic\u00edpios nos deu a certeza de que o nosso projeto est\u00e1 no caminho certo. Temos em nosso planejamento para esse ano a abertura de tr\u00eas ag\u00eancias e um escrit\u00f3rio de neg\u00f3cio no centro de Muria\u00e9, sendo que dessas tr\u00eas ag\u00eancias, duas ser\u00e3o em munic\u00edpios que n\u00e3o possuem nenhuma institui\u00e7\u00e3o banc\u00e1ria, vindo ao encontro com a nossa miss\u00e3o que tamb\u00e9m \u00e9 a inclus\u00e3o financeira\u201d, ressaltou.<\/p>\n<p style=\"text-align: justify;\">Laoni destaca ainda a assinatura dos contratos de parceria com a CDL e com o Nacional, al\u00e9m da reuni\u00e3o com a dire\u00e7\u00e3o do Sindicato Rural. \u201cEssas parcerias nos proporcionam a apresenta\u00e7\u00e3o do Sicredi para a comunidade demonstrando o nosso interesse em participar do desenvolvimento econ\u00f4mico e social desta regi\u00e3o\u201d finalizou.<\/p>\n<p><a href=\"http:\/\/folhadosudeste.com\/site\/wp-content\/uploads\/2021\/02\/Argirita.jpeg\"><img loading=\"lazy\" decoding=\"async\" class=\"alignnone size-full wp-image-73802\" src=\"http:\/\/folhadosudeste.com\/site\/wp-content\/uploads\/2021\/02\/Argirita.jpeg\" alt=\"\" width=\"1024\" height=\"768\" srcset=\"http:\/\/folhadosudeste.com\/site\/wp-content\/uploads\/2021\/02\/Argirita.jpeg 1024w, http:\/\/folhadosudeste.com\/site\/wp-content\/uploads\/2021\/02\/Argirita-300x225.jpeg 300w, http:\/\/folhadosudeste.com\/site\/wp-content\/uploads\/2021\/02\/Argirita-768x576.jpeg 768w\" sizes=\"auto, (max-width: 1024px) 100vw, 1024px\" \/><\/a> <a href=\"http:\/\/folhadosudeste.com\/site\/wp-content\/uploads\/2021\/02\/Leopoldina-prefeitura.jpeg\"><img loading=\"lazy\" decoding=\"async\" class=\"alignnone size-full wp-image-73803\" src=\"http:\/\/folhadosudeste.com\/site\/wp-content\/uploads\/2021\/02\/Leopoldina-prefeitura.jpeg\" alt=\"\" width=\"1280\" height=\"958\" srcset=\"http:\/\/folhadosudeste.com\/site\/wp-content\/uploads\/2021\/02\/Leopoldina-prefeitura.jpeg 1280w, http:\/\/folhadosudeste.com\/site\/wp-content\/uploads\/2021\/02\/Leopoldina-prefeitura-300x225.jpeg 300w, http:\/\/folhadosudeste.com\/site\/wp-content\/uploads\/2021\/02\/Leopoldina-prefeitura-768x575.jpeg 768w, http:\/\/folhadosudeste.com\/site\/wp-content\/uploads\/2021\/02\/Leopoldina-prefeitura-1024x766.jpeg 1024w\" sizes=\"auto, (max-width: 1280px) 100vw, 1280px\" \/><\/a> <a href=\"http:\/\/folhadosudeste.com\/site\/wp-content\/uploads\/2021\/02\/Sebrae-Cataguases.jpeg\"><img loading=\"lazy\" decoding=\"async\" class=\"alignnone size-full wp-image-73804\" src=\"http:\/\/folhadosudeste.com\/site\/wp-content\/uploads\/2021\/02\/Sebrae-Cataguases.jpeg\" alt=\"\" width=\"1280\" height=\"960\" srcset=\"http:\/\/folhadosudeste.com\/site\/wp-content\/uploads\/2021\/02\/Sebrae-Cataguases.jpeg 1280w, http:\/\/folhadosudeste.com\/site\/wp-content\/uploads\/2021\/02\/Sebrae-Cataguases-300x225.jpeg 300w, http:\/\/folhadosudeste.com\/site\/wp-content\/uploads\/2021\/02\/Sebrae-Cataguases-768x576.jpeg 768w, http:\/\/folhadosudeste.com\/site\/wp-content\/uploads\/2021\/02\/Sebrae-Cataguases-1024x768.jpeg 1024w\" sizes=\"auto, (max-width: 1280px) 100vw, 1280px\" \/><\/a> <a href=\"http:\/\/folhadosudeste.com\/site\/wp-content\/uploads\/2021\/02\/prefeitura-de-Cataguases.jpeg\"><img loading=\"lazy\" decoding=\"async\" class=\"alignnone size-full wp-image-73805\" src=\"http:\/\/folhadosudeste.com\/site\/wp-content\/uploads\/2021\/02\/prefeitura-de-Cataguases.jpeg\" alt=\"\" width=\"1040\" height=\"780\" srcset=\"http:\/\/folhadosudeste.com\/site\/wp-content\/uploads\/2021\/02\/prefeitura-de-Cataguases.jpeg 1040w, http:\/\/folhadosudeste.com\/site\/wp-content\/uploads\/2021\/02\/prefeitura-de-Cataguases-300x225.jpeg 300w, http:\/\/folhadosudeste.com\/site\/wp-content\/uploads\/2021\/02\/prefeitura-de-Cataguases-768x576.jpeg 768w, http:\/\/folhadosudeste.com\/site\/wp-content\/uploads\/2021\/02\/prefeitura-de-Cataguases-1024x768.jpeg 1024w\" sizes=\"auto, (max-width: 1040px) 100vw, 1040px\" \/><\/a> <a href=\"http:\/\/folhadosudeste.com\/site\/wp-content\/uploads\/2021\/02\/Tabuleiro.jpeg\"><img loading=\"lazy\" decoding=\"async\" class=\"alignnone size-full wp-image-73806\" src=\"http:\/\/folhadosudeste.com\/site\/wp-content\/uploads\/2021\/02\/Tabuleiro.jpeg\" alt=\"\" width=\"1024\" height=\"768\" srcset=\"http:\/\/folhadosudeste.com\/site\/wp-content\/uploads\/2021\/02\/Tabuleiro.jpeg 1024w, http:\/\/folhadosudeste.com\/site\/wp-content\/uploads\/2021\/02\/Tabuleiro-300x225.jpeg 300w, http:\/\/folhadosudeste.com\/site\/wp-content\/uploads\/2021\/02\/Tabuleiro-768x576.jpeg 768w\" sizes=\"auto, (max-width: 1024px) 100vw, 1024px\" \/><\/a><\/p>\n","protected":false},"excerpt":{"rendered":"<p>A dire\u00e7\u00e3o da Sicredi Botucara\u00ed RS\/MG esteve em Minas Gerais entre os dias 02 e 05 de fevereiro. O presidente da Cooperativa, Carlos Rog\u00e9rio Matuella, acompanhado do diretor Executivo, Eudes &nbsp;Mesacasa, do gerente de planejamento estrat\u00e9gico, Glaicon Bonato e do gerente de Desenvolvimento de Neg\u00f3cios e coordenador do projeto de expans\u00e3o, Laoni da Cunha, visitaram [&hellip;]<\/p>\n","protected":false},"author":6,"featured_media":0,"comment_status":"open","ping_status":"closed","sticky":false,"template":"","format":"standard","meta":{"_joinchat":[],"footnotes":""},"categories":[1],"tags":[],"class_list":["post-73800","post","type-post","status-publish","format-standard","hentry","category-sem-categoria"],"_links":{"self":[{"href":"http:\/\/folhadosudeste.com\/site\/index.php?rest_route=\/wp\/v2\/posts\/73800","targetHints":{"allow":["GET"]}}],"collection":[{"href":"http:\/\/folhadosudeste.com\/site\/index.php?rest_route=\/wp\/v2\/posts"}],"about":[{"href":"http:\/\/folhadosudeste.com\/site\/index.php?rest_route=\/wp\/v2\/types\/post"}],"author":[{"embeddable":true,"href":"http:\/\/folhadosudeste.com\/site\/index.php?rest_route=\/wp\/v2\/users\/6"}],"replies":[{"embeddable":true,"href":"http:\/\/folhadosudeste.com\/site\/index.php?rest_route=%2Fwp%2Fv2%2Fcomments&post=73800"}],"version-history":[{"count":1,"href":"http:\/\/folhadosudeste.com\/site\/index.php?rest_route=\/wp\/v2\/posts\/73800\/revisions"}],"predecessor-version":[{"id":73807,"href":"http:\/\/folhadosudeste.com\/site\/index.php?rest_route=\/wp\/v2\/posts\/73800\/revisions\/73807"}],"wp:attachment":[{"href":"http:\/\/folhadosudeste.com\/site\/index.php?rest_route=%2Fwp%2Fv2%2Fmedia&parent=73800"}],"wp:term":[{"taxonomy":"category","embeddable":true,"href":"http:\/\/folhadosudeste.com\/site\/index.php?rest_route=%2Fwp%2Fv2%2Fcategories&post=73800"},{"taxonomy":"post_tag","embeddable":true,"href":"http:\/\/folhadosudeste.com\/site\/index.php?rest_route=%2Fwp%2Fv2%2Ftags&post=73800"}],"curies":[{"name":"wp","href":"https:\/\/api.w.org\/{rel}","templated":true}]}}