{"id":73809,"date":"2021-02-19T13:37:52","date_gmt":"2021-02-19T13:37:52","guid":{"rendered":"http:\/\/folhadosudeste.com\/site\/?p=73809"},"modified":"2021-02-19T13:37:52","modified_gmt":"2021-02-19T13:37:52","slug":"muriae-confirma-mais-quatro-obitos-e-chega-a-150-mortes-por-covid-19","status":"publish","type":"post","link":"http:\/\/folhadosudeste.com\/site\/?p=73809","title":{"rendered":"Muria\u00e9 confirma mais quatro \u00f3bitos e chega a 150 mortes por covid-19"},"content":{"rendered":"<div><a href=\"http:\/\/folhadosudeste.com\/site\/wp-content\/uploads\/2021\/02\/18022021-1.jpg\"><img loading=\"lazy\" decoding=\"async\" class=\"alignnone size-full wp-image-73810\" src=\"http:\/\/folhadosudeste.com\/site\/wp-content\/uploads\/2021\/02\/18022021-1.jpg\" alt=\"\" width=\"1080\" height=\"1080\" srcset=\"http:\/\/folhadosudeste.com\/site\/wp-content\/uploads\/2021\/02\/18022021-1.jpg 1080w, http:\/\/folhadosudeste.com\/site\/wp-content\/uploads\/2021\/02\/18022021-1-150x150.jpg 150w, http:\/\/folhadosudeste.com\/site\/wp-content\/uploads\/2021\/02\/18022021-1-300x300.jpg 300w, http:\/\/folhadosudeste.com\/site\/wp-content\/uploads\/2021\/02\/18022021-1-768x768.jpg 768w, http:\/\/folhadosudeste.com\/site\/wp-content\/uploads\/2021\/02\/18022021-1-1024x1024.jpg 1024w\" sizes=\"auto, (max-width: 1080px) 100vw, 1080px\" \/><\/a><\/div>\n<div style=\"text-align: justify;\">Muria\u00e9 alcan\u00e7ou nesta quinta-feira a marca de 150 mortes registradas em decorr\u00eancia da covid-19. S\u00f3 no boletim de hoje, foram confirmados mais quatro \u00f3bito provocados pela doen\u00e7a. As v\u00edtimas foram:<\/div>\n<div style=\"text-align: justify;\">&nbsp;<\/div>\n<div style=\"text-align: justify;\">&#8211; Homem, 69 anos, uma comorbidade: c\u00e2ncer;<\/div>\n<div style=\"text-align: justify;\">&#8211; Homem, 70 anos, sem comorbidades;<\/div>\n<div style=\"text-align: justify;\">&#8211; Mulher, 73 anos, duas comorbidades: hipertens\u00e3o e diabetes;<\/div>\n<div style=\"text-align: justify;\">&#8211; Homem, 75 anos, duas comorbidades: hipertens\u00e3o e diabetes.<\/div>\n<div style=\"text-align: justify;\">&nbsp;<\/div>\n<div style=\"text-align: justify;\">Nas \u00faltimas 24 horas, tamb\u00e9m foram registradas 14 novas infec\u00e7\u00f5es pelo coronav\u00edrus, enquanto nove pessoas foram consideradas curadas da covid-19. J\u00e1 o n\u00famero de pacientes ativos fechou em 113, apenas um a mais que ontem.<\/div>\n<div style=\"text-align: justify;\">&nbsp;<\/div>\n<div style=\"text-align: justify;\"><strong>Interna\u00e7\u00f5es &#8211;<\/strong>&nbsp;Os hospitais da cidade est\u00e3o com 36 pessoas internadas com suspeita ou confirma\u00e7\u00e3o de covid-19. Deste total, 23 est\u00e3o em Unidades de Terapia Intensiva, sendo que oito est\u00e3o intubadas.&nbsp;<\/div>\n<div style=\"text-align: justify;\">&nbsp;<\/div>\n<div style=\"text-align: justify;\">A taxa de ocupa\u00e7\u00e3o das UTIs credenciadas ao SUS para tratamento da doen\u00e7a \u00e9 de 81%, ou seja: dos 21 leitos existentes, quatro est\u00e3o dispon\u00edveis.<\/div>\n<div style=\"text-align: justify;\">&nbsp;<\/div>\n<div style=\"text-align: justify;\">Veja os n\u00fameros completos de hoje (18\/02\/2021):<\/div>\n<div style=\"text-align: justify;\">&nbsp;<\/div>\n<div style=\"text-align: justify;\"><strong>VACINA\u00c7\u00c3O<\/strong><\/div>\n<div style=\"text-align: justify;\">Vacinados com 1\u00aa Dose: 4.616<\/div>\n<div style=\"text-align: justify;\">Vacinados com 2\u00aa Dose: 2.422<\/div>\n<div style=\"text-align: justify;\">&nbsp;<\/div>\n<div style=\"text-align: justify;\"><strong>PACIENTES<\/strong><\/div>\n<div style=\"text-align: justify;\">Total de casos confirmados de covid-19: 7.194 (em rela\u00e7\u00e3o ao boletim anterior: +14)<\/div>\n<div style=\"text-align: justify;\">Pacientes ativos: 113 (em rela\u00e7\u00e3o ao boletim anterior:+01)<\/div>\n<div style=\"text-align: justify;\">Pacientes curados: 6.931 (em rela\u00e7\u00e3o ao boletim anterior: +09)<\/div>\n<div style=\"text-align: justify;\">\u00d3bitos: 150 (em rela\u00e7\u00e3o ao boletim anterior: +04)<\/div>\n<div style=\"text-align: justify;\">Em investiga\u00e7\u00e3o (com exame): 96<\/div>\n<div style=\"text-align: justify;\">Em monitoramento (sem exame): 11<\/div>\n<div style=\"text-align: justify;\">Negativos: 7.964<\/div>\n","protected":false},"excerpt":{"rendered":"<p>Muria\u00e9 alcan\u00e7ou nesta quinta-feira a marca de 150 mortes registradas em decorr\u00eancia da covid-19. S\u00f3 no boletim de hoje, foram confirmados mais quatro \u00f3bito provocados pela doen\u00e7a. As v\u00edtimas foram: &nbsp; &#8211; Homem, 69 anos, uma comorbidade: c\u00e2ncer; &#8211; Homem, 70 anos, sem comorbidades; &#8211; Mulher, 73 anos, duas comorbidades: hipertens\u00e3o e diabetes; &#8211; Homem, [&hellip;]<\/p>\n","protected":false},"author":6,"featured_media":0,"comment_status":"open","ping_status":"closed","sticky":false,"template":"","format":"standard","meta":{"_joinchat":[],"footnotes":""},"categories":[1],"tags":[],"class_list":["post-73809","post","type-post","status-publish","format-standard","hentry","category-sem-categoria"],"_links":{"self":[{"href":"http:\/\/folhadosudeste.com\/site\/index.php?rest_route=\/wp\/v2\/posts\/73809","targetHints":{"allow":["GET"]}}],"collection":[{"href":"http:\/\/folhadosudeste.com\/site\/index.php?rest_route=\/wp\/v2\/posts"}],"about":[{"href":"http:\/\/folhadosudeste.com\/site\/index.php?rest_route=\/wp\/v2\/types\/post"}],"author":[{"embeddable":true,"href":"http:\/\/folhadosudeste.com\/site\/index.php?rest_route=\/wp\/v2\/users\/6"}],"replies":[{"embeddable":true,"href":"http:\/\/folhadosudeste.com\/site\/index.php?rest_route=%2Fwp%2Fv2%2Fcomments&post=73809"}],"version-history":[{"count":1,"href":"http:\/\/folhadosudeste.com\/site\/index.php?rest_route=\/wp\/v2\/posts\/73809\/revisions"}],"predecessor-version":[{"id":73811,"href":"http:\/\/folhadosudeste.com\/site\/index.php?rest_route=\/wp\/v2\/posts\/73809\/revisions\/73811"}],"wp:attachment":[{"href":"http:\/\/folhadosudeste.com\/site\/index.php?rest_route=%2Fwp%2Fv2%2Fmedia&parent=73809"}],"wp:term":[{"taxonomy":"category","embeddable":true,"href":"http:\/\/folhadosudeste.com\/site\/index.php?rest_route=%2Fwp%2Fv2%2Fcategories&post=73809"},{"taxonomy":"post_tag","embeddable":true,"href":"http:\/\/folhadosudeste.com\/site\/index.php?rest_route=%2Fwp%2Fv2%2Ftags&post=73809"}],"curies":[{"name":"wp","href":"https:\/\/api.w.org\/{rel}","templated":true}]}}