{"id":73812,"date":"2021-02-19T13:40:17","date_gmt":"2021-02-19T13:40:17","guid":{"rendered":"http:\/\/folhadosudeste.com\/site\/?p=73812"},"modified":"2021-02-19T13:40:17","modified_gmt":"2021-02-19T13:40:17","slug":"vereadores-aprovam-recursos-para-saude-e-autorizam-muriae-voltar-ao-cisleste","status":"publish","type":"post","link":"http:\/\/folhadosudeste.com\/site\/?p=73812","title":{"rendered":"Vereadores aprovam recursos para Sa\u00fade e autorizam Muria\u00e9 voltar ao Cisleste"},"content":{"rendered":"<p><a href=\"http:\/\/folhadosudeste.com\/site\/wp-content\/uploads\/2021\/02\/DSC_0609-1.jpg\"><img loading=\"lazy\" decoding=\"async\" class=\"alignnone size-full wp-image-73813\" src=\"http:\/\/folhadosudeste.com\/site\/wp-content\/uploads\/2021\/02\/DSC_0609-1.jpg\" alt=\"\" width=\"1000\" height=\"661\" srcset=\"http:\/\/folhadosudeste.com\/site\/wp-content\/uploads\/2021\/02\/DSC_0609-1.jpg 1000w, http:\/\/folhadosudeste.com\/site\/wp-content\/uploads\/2021\/02\/DSC_0609-1-300x198.jpg 300w, http:\/\/folhadosudeste.com\/site\/wp-content\/uploads\/2021\/02\/DSC_0609-1-768x508.jpg 768w, http:\/\/folhadosudeste.com\/site\/wp-content\/uploads\/2021\/02\/DSC_0609-1-120x80.jpg 120w, http:\/\/folhadosudeste.com\/site\/wp-content\/uploads\/2021\/02\/DSC_0609-1-590x390.jpg 590w\" sizes=\"auto, (max-width: 1000px) 100vw, 1000px\" \/><\/a><\/p>\n<p style=\"text-align: justify;\">Em sess\u00e3o extraordin\u00e1ria realizada na tarde desta quinta-feira, dia 18, os vereadores se reuniram para votar, em car\u00e1ter de urg\u00eancia e relevante interesse p\u00fablico, dois projetos de lei: os PL\u2019s 03 e 17, que autorizam o Executivo municipal a efetivar abertura de cr\u00e9dito adicional de mais de R$2,3 milh\u00f5es para a Sa\u00fade e a Muria\u00e9 retornar ao Cons\u00f3rcio Intermunicipal da Mata Leste (Cisleste). Ambos foram aprovados por unanimidade.<\/p>\n<p style=\"text-align: justify;\">O primeiro projeto aprovado pelos vereadores \u2013 o 17\/2021 &#8211; autoriza Muria\u00e9 a fazer parte novamente do Cisleste. Segundo o Executivo, autor do PL, o contrato de gest\u00e3o entre o munic\u00edpio e o Cons\u00f3rcio possibilitar\u00e1 que os muriaeenses, em especial os menos favorecidos, possam ter atendimento m\u00e9dico especializado e realizar exames de forma mais r\u00e1pida.&nbsp;<\/p>\n<p style=\"text-align: justify;\">O segundo projeto a ser colocado em vota\u00e7\u00e3o foi o 03\/2021. Atrav\u00e9s dele, o Executivo municipal est\u00e1 autorizado a efetivar abertura de cr\u00e9dito no valor de R$2.372.600,00 para atender as despesas da Secretaria Municipal de Sa\u00fade, como a manuten\u00e7\u00e3o dos servi\u00e7os do Centro de Aten\u00e7\u00e3o Psicossocial (CAPS), exames complementares de imagem, cobrir despesas decorrentes de mandados judiciais, al\u00e9m de recursos para o Cisleste.<\/p>\n<p style=\"text-align: justify;\"><b>Recursos para Amerp &#8211;<\/b>&nbsp;Outro projeto que deu entrada na sess\u00e3o desta quinta e apreciado pelos vereadores foi o 21\/2021, que autoriza o munic\u00edpio a efetivar cr\u00e9dito adicional na Lei Or\u00e7ament\u00e1ria de R$685 mil. O valor \u00e9 destinado para suplementa\u00e7\u00e3o da parceria com o Cons\u00f3rcio Intermunicipal Multifinalit\u00e1rio dos Munic\u00edpios da Microrregi\u00e3o Rio Pomba (Amerp) e para manuten\u00e7\u00e3o das atividades do gabinete do prefeito. Tal PL tamb\u00e9m foi aprovado por unanimidade.<\/p>\n<p style=\"text-align: justify;\">Convocada pelo presidente da C\u00e2mara, Afonso da Sa\u00fade (PTB), a sess\u00e3o, assim como as outras ordin\u00e1rias e extraordin\u00e1rias, foi restrita a vereadores, assessores parlamentares, equipe da C\u00e2mara e imprensa local. O objetivo \u00e9 evitar a prolifera\u00e7\u00e3o do coronav\u00edrus.<\/p>\n<p style=\"text-align: justify;\">Al\u00e9m disso, todas as medidas sanit\u00e1rias est\u00e3o sendo tomadas, como uso de m\u00e1scara por todos os presentes e higieniza\u00e7\u00e3o das m\u00e3os com \u00e1lcool 70%.<\/p>\n<p style=\"text-align: justify;\">Para que a popula\u00e7\u00e3o possa acompanhar as atividades parlamentares, as sess\u00f5es est\u00e3o sendo transmitidas ao vivo pela p\u00e1gina da C\u00e2mara no Facebook @camaramunicipaldemuriae.<\/p>\n<p><a href=\"http:\/\/folhadosudeste.com\/site\/wp-content\/uploads\/2021\/02\/DSC_0623-1.jpg\"><img loading=\"lazy\" decoding=\"async\" class=\"alignnone size-full wp-image-73814\" src=\"http:\/\/folhadosudeste.com\/site\/wp-content\/uploads\/2021\/02\/DSC_0623-1.jpg\" alt=\"\" width=\"1000\" height=\"665\" srcset=\"http:\/\/folhadosudeste.com\/site\/wp-content\/uploads\/2021\/02\/DSC_0623-1.jpg 1000w, http:\/\/folhadosudeste.com\/site\/wp-content\/uploads\/2021\/02\/DSC_0623-1-300x200.jpg 300w, http:\/\/folhadosudeste.com\/site\/wp-content\/uploads\/2021\/02\/DSC_0623-1-768x511.jpg 768w, http:\/\/folhadosudeste.com\/site\/wp-content\/uploads\/2021\/02\/DSC_0623-1-120x80.jpg 120w, http:\/\/folhadosudeste.com\/site\/wp-content\/uploads\/2021\/02\/DSC_0623-1-345x230.jpg 345w\" sizes=\"auto, (max-width: 1000px) 100vw, 1000px\" \/><\/a><\/p>\n<p><!--more--><\/p>\n<p><a href=\"http:\/\/folhadosudeste.com\/site\/wp-content\/uploads\/2021\/02\/DSC_0634-1.jpg\"><img loading=\"lazy\" decoding=\"async\" class=\"alignnone size-full wp-image-73815\" src=\"http:\/\/folhadosudeste.com\/site\/wp-content\/uploads\/2021\/02\/DSC_0634-1.jpg\" alt=\"\" width=\"1000\" height=\"656\" srcset=\"http:\/\/folhadosudeste.com\/site\/wp-content\/uploads\/2021\/02\/DSC_0634-1.jpg 1000w, http:\/\/folhadosudeste.com\/site\/wp-content\/uploads\/2021\/02\/DSC_0634-1-300x197.jpg 300w, http:\/\/folhadosudeste.com\/site\/wp-content\/uploads\/2021\/02\/DSC_0634-1-768x504.jpg 768w, http:\/\/folhadosudeste.com\/site\/wp-content\/uploads\/2021\/02\/DSC_0634-1-120x80.jpg 120w\" sizes=\"auto, (max-width: 1000px) 100vw, 1000px\" \/><\/a> <a href=\"http:\/\/folhadosudeste.com\/site\/wp-content\/uploads\/2021\/02\/DSC_0605-1.jpg\"><img loading=\"lazy\" decoding=\"async\" class=\"alignnone size-full wp-image-73816\" src=\"http:\/\/folhadosudeste.com\/site\/wp-content\/uploads\/2021\/02\/DSC_0605-1.jpg\" alt=\"\" width=\"1000\" height=\"687\" srcset=\"http:\/\/folhadosudeste.com\/site\/wp-content\/uploads\/2021\/02\/DSC_0605-1.jpg 1000w, http:\/\/folhadosudeste.com\/site\/wp-content\/uploads\/2021\/02\/DSC_0605-1-300x206.jpg 300w, http:\/\/folhadosudeste.com\/site\/wp-content\/uploads\/2021\/02\/DSC_0605-1-768x528.jpg 768w, http:\/\/folhadosudeste.com\/site\/wp-content\/uploads\/2021\/02\/DSC_0605-1-220x150.jpg 220w\" sizes=\"auto, (max-width: 1000px) 100vw, 1000px\" \/><\/a> <a href=\"http:\/\/folhadosudeste.com\/site\/wp-content\/uploads\/2021\/02\/DSC_0636.jpg\"><img loading=\"lazy\" decoding=\"async\" class=\"alignnone size-full wp-image-73817\" src=\"http:\/\/folhadosudeste.com\/site\/wp-content\/uploads\/2021\/02\/DSC_0636.jpg\" alt=\"\" width=\"1000\" height=\"708\" srcset=\"http:\/\/folhadosudeste.com\/site\/wp-content\/uploads\/2021\/02\/DSC_0636.jpg 1000w, http:\/\/folhadosudeste.com\/site\/wp-content\/uploads\/2021\/02\/DSC_0636-300x212.jpg 300w, http:\/\/folhadosudeste.com\/site\/wp-content\/uploads\/2021\/02\/DSC_0636-768x544.jpg 768w\" sizes=\"auto, (max-width: 1000px) 100vw, 1000px\" \/><\/a> <a href=\"http:\/\/folhadosudeste.com\/site\/wp-content\/uploads\/2021\/02\/DSC_0664-1.jpg\"><img loading=\"lazy\" decoding=\"async\" class=\"alignnone size-full wp-image-73818\" src=\"http:\/\/folhadosudeste.com\/site\/wp-content\/uploads\/2021\/02\/DSC_0664-1.jpg\" alt=\"\" width=\"1000\" height=\"715\" srcset=\"http:\/\/folhadosudeste.com\/site\/wp-content\/uploads\/2021\/02\/DSC_0664-1.jpg 1000w, http:\/\/folhadosudeste.com\/site\/wp-content\/uploads\/2021\/02\/DSC_0664-1-300x215.jpg 300w, http:\/\/folhadosudeste.com\/site\/wp-content\/uploads\/2021\/02\/DSC_0664-1-768x549.jpg 768w\" sizes=\"auto, (max-width: 1000px) 100vw, 1000px\" \/><\/a><\/p>\n","protected":false},"excerpt":{"rendered":"<p>Em sess\u00e3o extraordin\u00e1ria realizada na tarde desta quinta-feira, dia 18, os vereadores se reuniram para votar, em car\u00e1ter de urg\u00eancia e relevante interesse p\u00fablico, dois projetos de lei: os PL\u2019s 03 e 17, que autorizam o Executivo municipal a efetivar abertura de cr\u00e9dito adicional de mais de R$2,3 milh\u00f5es para a Sa\u00fade e a Muria\u00e9 [&hellip;]<\/p>\n","protected":false},"author":6,"featured_media":0,"comment_status":"open","ping_status":"closed","sticky":false,"template":"","format":"standard","meta":{"_joinchat":[],"footnotes":""},"categories":[1],"tags":[],"class_list":["post-73812","post","type-post","status-publish","format-standard","hentry","category-sem-categoria"],"_links":{"self":[{"href":"http:\/\/folhadosudeste.com\/site\/index.php?rest_route=\/wp\/v2\/posts\/73812","targetHints":{"allow":["GET"]}}],"collection":[{"href":"http:\/\/folhadosudeste.com\/site\/index.php?rest_route=\/wp\/v2\/posts"}],"about":[{"href":"http:\/\/folhadosudeste.com\/site\/index.php?rest_route=\/wp\/v2\/types\/post"}],"author":[{"embeddable":true,"href":"http:\/\/folhadosudeste.com\/site\/index.php?rest_route=\/wp\/v2\/users\/6"}],"replies":[{"embeddable":true,"href":"http:\/\/folhadosudeste.com\/site\/index.php?rest_route=%2Fwp%2Fv2%2Fcomments&post=73812"}],"version-history":[{"count":1,"href":"http:\/\/folhadosudeste.com\/site\/index.php?rest_route=\/wp\/v2\/posts\/73812\/revisions"}],"predecessor-version":[{"id":73819,"href":"http:\/\/folhadosudeste.com\/site\/index.php?rest_route=\/wp\/v2\/posts\/73812\/revisions\/73819"}],"wp:attachment":[{"href":"http:\/\/folhadosudeste.com\/site\/index.php?rest_route=%2Fwp%2Fv2%2Fmedia&parent=73812"}],"wp:term":[{"taxonomy":"category","embeddable":true,"href":"http:\/\/folhadosudeste.com\/site\/index.php?rest_route=%2Fwp%2Fv2%2Fcategories&post=73812"},{"taxonomy":"post_tag","embeddable":true,"href":"http:\/\/folhadosudeste.com\/site\/index.php?rest_route=%2Fwp%2Fv2%2Ftags&post=73812"}],"curies":[{"name":"wp","href":"https:\/\/api.w.org\/{rel}","templated":true}]}}