{"id":79929,"date":"2021-12-29T12:38:37","date_gmt":"2021-12-29T12:38:37","guid":{"rendered":"http:\/\/folhadosudeste.com\/site\/?p=79929"},"modified":"2021-12-29T12:38:37","modified_gmt":"2021-12-29T12:38:37","slug":"bairro-planalto-volta-a-ter-linha-de-onibus-a-partir-do-dia-3","status":"publish","type":"post","link":"http:\/\/folhadosudeste.com\/site\/?p=79929","title":{"rendered":"Bairro Planalto volta a ter linha de \u00f4nibus a partir do dia 3"},"content":{"rendered":"<p><a href=\"http:\/\/folhadosudeste.com\/site\/wp-content\/uploads\/2021\/12\/WhatsApp-Image-2021-12-28-at-15.27.51.jpeg\"><img loading=\"lazy\" decoding=\"async\" class=\"alignnone size-full wp-image-79936\" src=\"http:\/\/folhadosudeste.com\/site\/wp-content\/uploads\/2021\/12\/WhatsApp-Image-2021-12-28-at-15.27.51.jpeg\" alt=\"\" width=\"1080\" height=\"1080\" srcset=\"http:\/\/folhadosudeste.com\/site\/wp-content\/uploads\/2021\/12\/WhatsApp-Image-2021-12-28-at-15.27.51.jpeg 1080w, http:\/\/folhadosudeste.com\/site\/wp-content\/uploads\/2021\/12\/WhatsApp-Image-2021-12-28-at-15.27.51-150x150.jpeg 150w, http:\/\/folhadosudeste.com\/site\/wp-content\/uploads\/2021\/12\/WhatsApp-Image-2021-12-28-at-15.27.51-300x300.jpeg 300w, http:\/\/folhadosudeste.com\/site\/wp-content\/uploads\/2021\/12\/WhatsApp-Image-2021-12-28-at-15.27.51-768x768.jpeg 768w, http:\/\/folhadosudeste.com\/site\/wp-content\/uploads\/2021\/12\/WhatsApp-Image-2021-12-28-at-15.27.51-1024x1024.jpeg 1024w\" sizes=\"auto, (max-width: 1080px) 100vw, 1080px\" \/><\/a><\/p>\n<div>A partir da pr\u00f3xima segunda-feira, dia 3 de janeiro, o \u00f4nibus do bairro Planalto voltar\u00e1 a circular em Muria\u00e9.<\/div>\n<div>&nbsp;<\/div>\n<div>O retorno da linha foi conquistado pelo prefeito Jos\u00e9 Braz, atrav\u00e9s de esfor\u00e7os da Secretaria Municipal de Governo e do Demuttran, ap\u00f3s reuni\u00f5es com a diretoria da Via\u00e7\u00e3o Uni\u00e3o.<\/div>\n<div>&nbsp;<\/div>\n<div>&#8220;A administra\u00e7\u00e3o municipal j\u00e1 havia viabilizado, junto \u00e0 empresa, a retomada de quatro linhas que estavam suspensas desde 2020&#8221;, lembra o secret\u00e1rio de Governo, Paulo S\u00e9rgio Amaral.<\/div>\n<div>&nbsp;<\/div>\n<div>&#8220;Mas ainda faltava o Planalto, um bairro grande, com muitos moradores e que n\u00e3o estava devidamente contemplado pela reprograma\u00e7\u00e3o das rotas de \u00f4nibus&#8221;, acrescenta.<\/div>\n<div>&nbsp;<\/div>\n<div>A circula\u00e7\u00e3o da linha do Planalto ser\u00e1 de segunda a s\u00e1bado, com sa\u00eddas da Barra e do Centro. Aos domingos e feriados n\u00e3o haver\u00e1 funcionamento da rota.<\/div>\n<div>&nbsp;<\/div>\n<p><!--more--><\/p>\n<div>&nbsp;<\/div>\n<div>Veja os hor\u00e1rios:<\/div>\n<div>&nbsp;<\/div>\n<div><strong>Segunda a sexta-feira (exceto feriados)<\/strong><\/div>\n<div>Sa\u00edda da Barra: 6h00 &#8211; 7h20 &#8211; 8h40 &#8211; 10h00 &#8211; 11h20 &#8211; 12h40 &#8211; 14h00 &#8211; 15h20 &#8211; 16h40 &#8211; 18h00<\/div>\n<div>Sa\u00edda do Centro: 6h40 &#8211; 8h00 &#8211; 9h20 &#8211; 10h40 &#8211; 12h00 &#8211; 13h20 &#8211; 14h40 &#8211; 16h00 &#8211; 17h20 &#8211; 18h40<\/div>\n<div>&nbsp;<\/div>\n<div><strong>S\u00e1bados (exceto feriados)<\/strong><\/div>\n<div>Sa\u00edda da Barra: 6h00 &#8211; 7h20 &#8211; 8h40 &#8211; 10h00 &#8211; 11h20<\/div>\n<div>Sa\u00edda do Centro: 6h40 &#8211; 8h00 &#8211; 9h20 &#8211; 10h40 &#8211; 12h00<\/div>\n<div>&nbsp;<\/div>\n<div><strong>Domingos e feriados:<\/strong>&nbsp;n\u00e3o haver\u00e1 circula\u00e7\u00e3o da linha<\/div>\n<div>&nbsp;<\/div>\n<div><a href=\"http:\/\/folhadosudeste.com\/site\/wp-content\/uploads\/2021\/12\/images.jpeg\"><img loading=\"lazy\" decoding=\"async\" class=\"alignnone size-full wp-image-79938\" src=\"http:\/\/folhadosudeste.com\/site\/wp-content\/uploads\/2021\/12\/images.jpeg\" alt=\"\" width=\"636\" height=\"474\" srcset=\"http:\/\/folhadosudeste.com\/site\/wp-content\/uploads\/2021\/12\/images.jpeg 636w, http:\/\/folhadosudeste.com\/site\/wp-content\/uploads\/2021\/12\/images-300x224.jpeg 300w\" sizes=\"auto, (max-width: 636px) 100vw, 636px\" \/><\/a><\/div>\n<div>&nbsp;<\/div>\n<div>Fonte: Comunica\u00e7\u00e3o PMM&nbsp;<\/div>\n","protected":false},"excerpt":{"rendered":"<p>A partir da pr\u00f3xima segunda-feira, dia 3 de janeiro, o \u00f4nibus do bairro Planalto voltar\u00e1 a circular em Muria\u00e9. &nbsp; O retorno da linha foi conquistado pelo prefeito Jos\u00e9 Braz, atrav\u00e9s de esfor\u00e7os da Secretaria Municipal de Governo e do Demuttran, ap\u00f3s reuni\u00f5es com a diretoria da Via\u00e7\u00e3o Uni\u00e3o. &nbsp; &#8220;A administra\u00e7\u00e3o municipal j\u00e1 havia [&hellip;]<\/p>\n","protected":false},"author":6,"featured_media":0,"comment_status":"open","ping_status":"closed","sticky":false,"template":"","format":"standard","meta":{"_joinchat":[],"footnotes":""},"categories":[1],"tags":[],"class_list":["post-79929","post","type-post","status-publish","format-standard","hentry","category-sem-categoria"],"_links":{"self":[{"href":"http:\/\/folhadosudeste.com\/site\/index.php?rest_route=\/wp\/v2\/posts\/79929","targetHints":{"allow":["GET"]}}],"collection":[{"href":"http:\/\/folhadosudeste.com\/site\/index.php?rest_route=\/wp\/v2\/posts"}],"about":[{"href":"http:\/\/folhadosudeste.com\/site\/index.php?rest_route=\/wp\/v2\/types\/post"}],"author":[{"embeddable":true,"href":"http:\/\/folhadosudeste.com\/site\/index.php?rest_route=\/wp\/v2\/users\/6"}],"replies":[{"embeddable":true,"href":"http:\/\/folhadosudeste.com\/site\/index.php?rest_route=%2Fwp%2Fv2%2Fcomments&post=79929"}],"version-history":[{"count":1,"href":"http:\/\/folhadosudeste.com\/site\/index.php?rest_route=\/wp\/v2\/posts\/79929\/revisions"}],"predecessor-version":[{"id":79940,"href":"http:\/\/folhadosudeste.com\/site\/index.php?rest_route=\/wp\/v2\/posts\/79929\/revisions\/79940"}],"wp:attachment":[{"href":"http:\/\/folhadosudeste.com\/site\/index.php?rest_route=%2Fwp%2Fv2%2Fmedia&parent=79929"}],"wp:term":[{"taxonomy":"category","embeddable":true,"href":"http:\/\/folhadosudeste.com\/site\/index.php?rest_route=%2Fwp%2Fv2%2Fcategories&post=79929"},{"taxonomy":"post_tag","embeddable":true,"href":"http:\/\/folhadosudeste.com\/site\/index.php?rest_route=%2Fwp%2Fv2%2Ftags&post=79929"}],"curies":[{"name":"wp","href":"https:\/\/api.w.org\/{rel}","templated":true}]}}