{"id":80228,"date":"2022-02-04T17:00:53","date_gmt":"2022-02-04T17:00:53","guid":{"rendered":"http:\/\/folhadosudeste.com\/site\/?p=80228"},"modified":"2022-02-04T17:00:53","modified_gmt":"2022-02-04T17:00:53","slug":"prefeitura-recupera-estradas-rurais-apos-temporais","status":"publish","type":"post","link":"http:\/\/folhadosudeste.com\/site\/?p=80228","title":{"rendered":"Prefeitura recupera estradas rurais ap\u00f3s temporais"},"content":{"rendered":"<p><a href=\"http:\/\/folhadosudeste.com\/site\/wp-content\/uploads\/2022\/02\/estrada-entre-Pedra-Alta-e-santa-Catarina-parceria-com-pref-Rosario-da-Limeira.jpg\"><img loading=\"lazy\" decoding=\"async\" class=\"alignnone size-full wp-image-80229\" src=\"http:\/\/folhadosudeste.com\/site\/wp-content\/uploads\/2022\/02\/estrada-entre-Pedra-Alta-e-santa-Catarina-parceria-com-pref-Rosario-da-Limeira.jpg\" alt=\"\" width=\"1156\" height=\"534\" srcset=\"http:\/\/folhadosudeste.com\/site\/wp-content\/uploads\/2022\/02\/estrada-entre-Pedra-Alta-e-santa-Catarina-parceria-com-pref-Rosario-da-Limeira.jpg 1156w, http:\/\/folhadosudeste.com\/site\/wp-content\/uploads\/2022\/02\/estrada-entre-Pedra-Alta-e-santa-Catarina-parceria-com-pref-Rosario-da-Limeira-300x139.jpg 300w, http:\/\/folhadosudeste.com\/site\/wp-content\/uploads\/2022\/02\/estrada-entre-Pedra-Alta-e-santa-Catarina-parceria-com-pref-Rosario-da-Limeira-768x355.jpg 768w, http:\/\/folhadosudeste.com\/site\/wp-content\/uploads\/2022\/02\/estrada-entre-Pedra-Alta-e-santa-Catarina-parceria-com-pref-Rosario-da-Limeira-1024x473.jpg 1024w\" sizes=\"auto, (max-width: 1156px) 100vw, 1156px\" \/><\/a><\/p>\n<p align=\"justify\"><span style=\"font-family: Arial, sans-serif;\">A recomposi\u00e7\u00e3o de estradas se realiza rotineiramente nos mais de 2.300 km de malha de terra do munic\u00edpio. A Prefeitura est\u00e1 com equipes nas regi\u00f5es de Vermelho, S\u00e3o Fernando, Belis\u00e1rio, Bom Jesus e nas vias de acesso \u00e0 comunidade de Bom Jardim.<\/span><\/p>\n<p align=\"justify\"><span style=\"font-family: Arial, sans-serif;\">As localidades recebem os servi\u00e7os necess\u00e1rios. Em Vermelho, est\u00e3o instalando canaliza\u00e7\u00f5es para retirar as \u00e1guas dos caminhos das vias de ch\u00e3o, assim como elevando o piso com brita para eliminar atoleiros em Santa Clara e adjac\u00eancias.<\/span><\/p>\n<p align=\"justify\"><!--more--><\/p>\n<p align=\"justify\">Em S\u00e3o Fernando, as estradas ganharam refor\u00e7o no piso com a inser\u00e7\u00e3o de pedras para aumentar a ades\u00e3o das rodas dos ve\u00edculos junto ao solo, deixando o percurso trafeg\u00e1vel.<\/p>\n<p>Em Bom Jardim, ap\u00f3s um per\u00edodo de enxurradas e forma\u00e7\u00e3o de enormes crateras, a Secretaria de Agricultura e Meio Ambiente&nbsp;(SMAMA)&nbsp;em parceria com a Prefeitura de Vieiras, enviou caminh\u00f5es e retroescavadeiras e j\u00e1 fizeram o nivelamento das pistas e sa\u00eddas de \u00e1gua (vazantes) para que melhore as condi\u00e7\u00f5es de circula\u00e7\u00e3o dos ve\u00edculos que passam por ali.<\/p>\n<p align=\"justify\">Em Belis\u00e1rio, as atividades&nbsp;est\u00e3o&nbsp;constantes. Uma das equipes permanece fixa na localidade mais distante da \u00e1rea central da cidade. Neste per\u00edodo, a Prefeitura de Muria\u00e9 estreitou for\u00e7as com o munic\u00edpio de Ros\u00e1rio do Limeira e, ambos, disponibilizaram maquin\u00e1rios pesados e caminh\u00f5es do tipo ca\u00e7amba para regulariza\u00e7\u00e3o da situa\u00e7\u00e3o entre&nbsp;\u00e0 comunidade&nbsp;de Pedra Alta e Santa Catarina.<\/p>\n<p align=\"justify\">No distrito de Bom Jesus h\u00e1 muitos reparos sendo&nbsp;feito&nbsp;pelas equipes de estradas de terra que j\u00e1 recuperaram trechos com eros\u00f5es que tomavam conta das margens da estrada da Palestina e fizeram conten\u00e7\u00f5es de encostas com brita, refazendo laterais para permitir o tr\u00e2nsito seguro. Nesta semana, precisaram est\u00e3o recuperando outras partes devido a tromba&nbsp;d\u00b4\u00e1gua&nbsp;que caiu na quarta-feira (2).<\/p>\n<p align=\"justify\">Na localidade de&nbsp;Siriquite,&nbsp;a Prefeitura implantou novo bueiro para escoamento das \u00e1guas e est\u00e1 trabalhando na eleva\u00e7\u00e3o do piso com aplica\u00e7\u00e3o de camadas de pedras, al\u00e9m de construir vazantes nas extremidades das pistas para eliminar lama\u00e7al. Alguns bueiros ser\u00e3o reconstru\u00eddos nas imedia\u00e7\u00f5es para contribuir com a qualidade do servi\u00e7o.<\/p>\n<p align=\"justify\"><a href=\"http:\/\/folhadosudeste.com\/site\/wp-content\/uploads\/2022\/02\/estrada-de-Bom-jardim-reestruturada-fevereiro-1.jpg\"><img loading=\"lazy\" decoding=\"async\" class=\"alignnone size-full wp-image-80230\" src=\"http:\/\/folhadosudeste.com\/site\/wp-content\/uploads\/2022\/02\/estrada-de-Bom-jardim-reestruturada-fevereiro-1.jpg\" alt=\"\" width=\"1280\" height=\"960\" srcset=\"http:\/\/folhadosudeste.com\/site\/wp-content\/uploads\/2022\/02\/estrada-de-Bom-jardim-reestruturada-fevereiro-1.jpg 1280w, http:\/\/folhadosudeste.com\/site\/wp-content\/uploads\/2022\/02\/estrada-de-Bom-jardim-reestruturada-fevereiro-1-300x225.jpg 300w, http:\/\/folhadosudeste.com\/site\/wp-content\/uploads\/2022\/02\/estrada-de-Bom-jardim-reestruturada-fevereiro-1-768x576.jpg 768w, http:\/\/folhadosudeste.com\/site\/wp-content\/uploads\/2022\/02\/estrada-de-Bom-jardim-reestruturada-fevereiro-1-1024x768.jpg 1024w\" sizes=\"auto, (max-width: 1280px) 100vw, 1280px\" \/><\/a> <a href=\"http:\/\/folhadosudeste.com\/site\/wp-content\/uploads\/2022\/02\/Estrada-de-aguas-de-aguas-claras-4.jpg\"><img loading=\"lazy\" decoding=\"async\" class=\"alignnone size-full wp-image-80231\" src=\"http:\/\/folhadosudeste.com\/site\/wp-content\/uploads\/2022\/02\/Estrada-de-aguas-de-aguas-claras-4.jpg\" alt=\"\" width=\"1280\" height=\"960\" srcset=\"http:\/\/folhadosudeste.com\/site\/wp-content\/uploads\/2022\/02\/Estrada-de-aguas-de-aguas-claras-4.jpg 1280w, http:\/\/folhadosudeste.com\/site\/wp-content\/uploads\/2022\/02\/Estrada-de-aguas-de-aguas-claras-4-300x225.jpg 300w, http:\/\/folhadosudeste.com\/site\/wp-content\/uploads\/2022\/02\/Estrada-de-aguas-de-aguas-claras-4-768x576.jpg 768w, http:\/\/folhadosudeste.com\/site\/wp-content\/uploads\/2022\/02\/Estrada-de-aguas-de-aguas-claras-4-1024x768.jpg 1024w\" sizes=\"auto, (max-width: 1280px) 100vw, 1280px\" \/><\/a><\/p>\n<p align=\"justify\">Fonte:&nbsp;<span class=\"qu\" tabindex=\"-1\" role=\"gridcell\" translate=\"no\"><span class=\"gD\" data-hovercard-id=\"comunicacao@muriae.mg.gov.br\" data-hovercard-owner-id=\"107\">Setor de Comunica\u00e7\u00e3o Imprensa Prefeitura de Muria\u00e9&nbsp;<\/span><\/span><\/p>\n","protected":false},"excerpt":{"rendered":"<p>A recomposi\u00e7\u00e3o de estradas se realiza rotineiramente nos mais de 2.300 km de malha de terra do munic\u00edpio. A Prefeitura est\u00e1 com equipes nas regi\u00f5es de Vermelho, S\u00e3o Fernando, Belis\u00e1rio, Bom Jesus e nas vias de acesso \u00e0 comunidade de Bom Jardim. As localidades recebem os servi\u00e7os necess\u00e1rios. Em Vermelho, est\u00e3o instalando canaliza\u00e7\u00f5es para retirar [&hellip;]<\/p>\n","protected":false},"author":6,"featured_media":0,"comment_status":"open","ping_status":"closed","sticky":false,"template":"","format":"standard","meta":{"_joinchat":[],"footnotes":""},"categories":[1],"tags":[],"class_list":["post-80228","post","type-post","status-publish","format-standard","hentry","category-sem-categoria"],"_links":{"self":[{"href":"http:\/\/folhadosudeste.com\/site\/index.php?rest_route=\/wp\/v2\/posts\/80228","targetHints":{"allow":["GET"]}}],"collection":[{"href":"http:\/\/folhadosudeste.com\/site\/index.php?rest_route=\/wp\/v2\/posts"}],"about":[{"href":"http:\/\/folhadosudeste.com\/site\/index.php?rest_route=\/wp\/v2\/types\/post"}],"author":[{"embeddable":true,"href":"http:\/\/folhadosudeste.com\/site\/index.php?rest_route=\/wp\/v2\/users\/6"}],"replies":[{"embeddable":true,"href":"http:\/\/folhadosudeste.com\/site\/index.php?rest_route=%2Fwp%2Fv2%2Fcomments&post=80228"}],"version-history":[{"count":1,"href":"http:\/\/folhadosudeste.com\/site\/index.php?rest_route=\/wp\/v2\/posts\/80228\/revisions"}],"predecessor-version":[{"id":80232,"href":"http:\/\/folhadosudeste.com\/site\/index.php?rest_route=\/wp\/v2\/posts\/80228\/revisions\/80232"}],"wp:attachment":[{"href":"http:\/\/folhadosudeste.com\/site\/index.php?rest_route=%2Fwp%2Fv2%2Fmedia&parent=80228"}],"wp:term":[{"taxonomy":"category","embeddable":true,"href":"http:\/\/folhadosudeste.com\/site\/index.php?rest_route=%2Fwp%2Fv2%2Fcategories&post=80228"},{"taxonomy":"post_tag","embeddable":true,"href":"http:\/\/folhadosudeste.com\/site\/index.php?rest_route=%2Fwp%2Fv2%2Ftags&post=80228"}],"curies":[{"name":"wp","href":"https:\/\/api.w.org\/{rel}","templated":true}]}}