{"id":80233,"date":"2022-02-04T18:28:55","date_gmt":"2022-02-04T18:28:55","guid":{"rendered":"http:\/\/folhadosudeste.com\/site\/?p=80233"},"modified":"2022-02-04T18:28:55","modified_gmt":"2022-02-04T18:28:55","slug":"5-carros-que-estreiam-no-brasil-em-2022","status":"publish","type":"post","link":"http:\/\/folhadosudeste.com\/site\/?p=80233","title":{"rendered":"5 carros que estreiam no Brasil em 2022"},"content":{"rendered":"<p><a href=\"http:\/\/folhadosudeste.com\/site\/wp-content\/uploads\/2022\/02\/8a1fe8b6-3c11-4b18-a68f-3406ba598fb1.jpg\"><img loading=\"lazy\" decoding=\"async\" class=\"alignnone size-full wp-image-80234\" src=\"http:\/\/folhadosudeste.com\/site\/wp-content\/uploads\/2022\/02\/8a1fe8b6-3c11-4b18-a68f-3406ba598fb1.jpg\" alt=\"\" width=\"1599\" height=\"1599\" srcset=\"http:\/\/folhadosudeste.com\/site\/wp-content\/uploads\/2022\/02\/8a1fe8b6-3c11-4b18-a68f-3406ba598fb1.jpg 1599w, http:\/\/folhadosudeste.com\/site\/wp-content\/uploads\/2022\/02\/8a1fe8b6-3c11-4b18-a68f-3406ba598fb1-150x150.jpg 150w, http:\/\/folhadosudeste.com\/site\/wp-content\/uploads\/2022\/02\/8a1fe8b6-3c11-4b18-a68f-3406ba598fb1-300x300.jpg 300w, http:\/\/folhadosudeste.com\/site\/wp-content\/uploads\/2022\/02\/8a1fe8b6-3c11-4b18-a68f-3406ba598fb1-768x768.jpg 768w, http:\/\/folhadosudeste.com\/site\/wp-content\/uploads\/2022\/02\/8a1fe8b6-3c11-4b18-a68f-3406ba598fb1-1024x1024.jpg 1024w\" sizes=\"auto, (max-width: 1599px) 100vw, 1599px\" \/><\/a><\/p>\n<p><em>Novos lan\u00e7amentos chegam nas concession\u00e1rias a partir do primeiro trimestre do ano.<\/em><\/p>\n<p>Ap\u00f3s crise na falta de semicondutores no setor automobil\u00edstico, que resultou na queda de 32% da produ\u00e7\u00e3o de ve\u00edculos, lojistas e consumidores est\u00e3o esperan\u00e7osos com a estreia dos novos carros no mercado. De&nbsp;modelos compactos e SUVs \u00e0 picapes e ve\u00edculos el\u00e9tricos, a InstaCarro,&nbsp;startup que auxilia a venda de ve\u00edculos usados e seminovos de forma r\u00e1pida e simples, listou os&nbsp;top 5 que estreiam no Brasil nos pr\u00f3ximos meses:<\/p>\n<p><!--more--><\/p>\n<p><strong>Citro\u00ebn C3<\/strong><\/p>\n<p><a href=\"http:\/\/folhadosudeste.com\/site\/wp-content\/uploads\/2022\/02\/unnamed-1.png\"><img loading=\"lazy\" decoding=\"async\" class=\"alignnone size-full wp-image-80235\" src=\"http:\/\/folhadosudeste.com\/site\/wp-content\/uploads\/2022\/02\/unnamed-1.png\" alt=\"\" width=\"698\" height=\"393\" srcset=\"http:\/\/folhadosudeste.com\/site\/wp-content\/uploads\/2022\/02\/unnamed-1.png 698w, http:\/\/folhadosudeste.com\/site\/wp-content\/uploads\/2022\/02\/unnamed-1-300x169.png 300w\" sizes=\"auto, (max-width: 698px) 100vw, 698px\" \/><\/a><\/p>\n<p>Previsto para o 1\u00ba trimestre do ano, o novo Citr\u00f6en C3, renomeado da 3\u00aa gera\u00e7\u00e3o, \u00e9 um projeto desenvolvido na \u00cdndia, com uma vers\u00e3o simplificada da base CMP. O carro ser\u00e1 fabricado no Rio de Janeiro, na unidade industrial da Stellantis em Porto Real. Visualmente, se destaca pela carroceria e altura de rodagem do SUVs,&nbsp;com 3,98 m de comprimento e entre-eixos de 2,54 m, pouco mais curto do que o Peugeot 208, empatando com o modelo argentino no espa\u00e7o entre os eixos. O modelo dever\u00e1 contar com o veterano motor 1.6 EC5 de 118 cv. Mas o 1.0 Firefly do Fiat Argo tamb\u00e9m \u00e9 uma possibilidade.<\/p>\n<p><strong>Ford Maverick<\/strong><\/p>\n<p><a href=\"http:\/\/folhadosudeste.com\/site\/wp-content\/uploads\/2022\/02\/unnamed-2.png\"><img loading=\"lazy\" decoding=\"async\" class=\"alignnone size-full wp-image-80236\" src=\"http:\/\/folhadosudeste.com\/site\/wp-content\/uploads\/2022\/02\/unnamed-2.png\" alt=\"\" width=\"698\" height=\"468\" srcset=\"http:\/\/folhadosudeste.com\/site\/wp-content\/uploads\/2022\/02\/unnamed-2.png 698w, http:\/\/folhadosudeste.com\/site\/wp-content\/uploads\/2022\/02\/unnamed-2-300x201.png 300w, http:\/\/folhadosudeste.com\/site\/wp-content\/uploads\/2022\/02\/unnamed-2-120x80.png 120w, http:\/\/folhadosudeste.com\/site\/wp-content\/uploads\/2022\/02\/unnamed-2-345x230.png 345w\" sizes=\"auto, (max-width: 698px) 100vw, 698px\" \/><\/a><\/p>\n<p>Sim, a Ford parou com a produ\u00e7\u00e3o no Brasil, mas segue confiante na comercializa\u00e7\u00e3o no mercado automotivo. Uma novidade da marca para esse ano \u00e9 o lan\u00e7amento da picape Maverick, que ser\u00e1 importada do M\u00e9xico no primeiro tri. O que se sabe \u00e9 que a configura\u00e7\u00e3o escolhida \u00e9 a Lariat FX4, com um motor 2.0 turbo a gasolina, c\u00e2mbio autom\u00e1tico de oito marchas e tra\u00e7\u00e3o 4\u00d74.<\/p>\n<p><strong>Chevrolet Montana<\/strong><\/p>\n<p><a href=\"http:\/\/folhadosudeste.com\/site\/wp-content\/uploads\/2022\/02\/unnamed-3.png\"><img loading=\"lazy\" decoding=\"async\" class=\"alignnone size-full wp-image-80237\" src=\"http:\/\/folhadosudeste.com\/site\/wp-content\/uploads\/2022\/02\/unnamed-3.png\" alt=\"\" width=\"693\" height=\"345\" srcset=\"http:\/\/folhadosudeste.com\/site\/wp-content\/uploads\/2022\/02\/unnamed-3.png 693w, http:\/\/folhadosudeste.com\/site\/wp-content\/uploads\/2022\/02\/unnamed-3-300x149.png 300w\" sizes=\"auto, (max-width: 693px) 100vw, 693px\" \/><\/a><\/p>\n<p>Outro modelo de picape que estrear\u00e1 no mercado brasileiro \u00e9 a nova Chevrolet Montana, que ter\u00e1 um porte maior e cabine dupla. A fabrica\u00e7\u00e3o do ve\u00edculo ser\u00e1 no Brasil, na mesma plataforma do SUV compacto Tracker. Assim como na imagem, a marca divulgou apenas a silhueta da picape.&nbsp;<\/p>\n<p><strong>Honda HR-V<\/strong><\/p>\n<p><a href=\"http:\/\/folhadosudeste.com\/site\/wp-content\/uploads\/2022\/02\/unnamed-4.png\"><img loading=\"lazy\" decoding=\"async\" class=\"alignnone size-full wp-image-80238\" src=\"http:\/\/folhadosudeste.com\/site\/wp-content\/uploads\/2022\/02\/unnamed-4.png\" alt=\"\" width=\"695\" height=\"465\" srcset=\"http:\/\/folhadosudeste.com\/site\/wp-content\/uploads\/2022\/02\/unnamed-4.png 695w, http:\/\/folhadosudeste.com\/site\/wp-content\/uploads\/2022\/02\/unnamed-4-300x201.png 300w, http:\/\/folhadosudeste.com\/site\/wp-content\/uploads\/2022\/02\/unnamed-4-120x80.png 120w, http:\/\/folhadosudeste.com\/site\/wp-content\/uploads\/2022\/02\/unnamed-4-345x230.png 345w\" sizes=\"auto, (max-width: 695px) 100vw, 695px\" \/><\/a><\/p>\n<p>Entre as novidades da Honda, o modelo in\u00e9dito HR-V chegar\u00e1 no pa\u00eds ainda neste trimestre. Apesar do visual do SUV ser o mesmo visto em outros mercados internacionais, aqui ele n\u00e3o dever\u00e1 contar com motoriza\u00e7\u00e3o h\u00edbrida. Uma op\u00e7\u00e3o \u00e9 o 1.5 turbo a gasolina de 173 cv, j\u00e1 utilizado na vers\u00e3o Touring do HR-V atual.<\/p>\n<p><strong>Renault Kwid el\u00e9trico<\/strong><\/p>\n<p><a href=\"http:\/\/folhadosudeste.com\/site\/wp-content\/uploads\/2022\/02\/unnamed-5.png\"><img loading=\"lazy\" decoding=\"async\" class=\"alignnone size-full wp-image-80239\" src=\"http:\/\/folhadosudeste.com\/site\/wp-content\/uploads\/2022\/02\/unnamed-5.png\" alt=\"\" width=\"684\" height=\"455\" srcset=\"http:\/\/folhadosudeste.com\/site\/wp-content\/uploads\/2022\/02\/unnamed-5.png 684w, http:\/\/folhadosudeste.com\/site\/wp-content\/uploads\/2022\/02\/unnamed-5-300x200.png 300w, http:\/\/folhadosudeste.com\/site\/wp-content\/uploads\/2022\/02\/unnamed-5-120x80.png 120w, http:\/\/folhadosudeste.com\/site\/wp-content\/uploads\/2022\/02\/unnamed-5-345x230.png 345w\" sizes=\"auto, (max-width: 684px) 100vw, 684px\" \/><\/a><\/p>\n<p>Por fim, a Renault j\u00e1 confirmou que ir\u00e1 trazer da China o el\u00e9trico Kwid E-TECH Electric, mesmo carro vendido na Europa com o nome de Dacia Spring. Aqui no Brasil, o Kwid el\u00e9trico dever\u00e1 rivalizar com o JAC E-JS1, como o autom\u00f3vel a bateria mais barato do mercado. Equipado com uma bateria de 26,8 kWh, o Kwid E-TECH Electric pode rodar at\u00e9 230 km com uma carga.<\/p>\n<p>&nbsp;<\/p>\n<p><i><strong>Sobre a InstaCarro<\/strong><\/i><\/p>\n<p><i>Fundada em 2015 pelo argentino Luca Cafici, a InstaCarro \u00e9 uma startup que auxilia a venda de ve\u00edculos usados ou seminovos de forma r\u00e1pida, simples e com o melhor pre\u00e7o do mercado, uma vez que conta com uma base de mais de 4 mil compradores. A marca garante a venda em at\u00e9 24h. J\u00e1 movimentou mais de R\uff04 1 bilh\u00e3o em transa\u00e7\u00f5es e recebeu mais de R\uff04 200 milh\u00f5es em investimentos. Com atua\u00e7\u00e3o inicial em S\u00e3o Paulo, a plataforma deve chegar nas principais capitais brasileiras at\u00e9 o final de 2021.<\/i><\/p>\n<p>&nbsp;<\/p>\n<p><strong>Fonte:<\/strong> <strong>Informa\u00e7\u00f5es<\/strong><strong> para a imprensa &#8211; Fala Criativa<\/strong><\/p>\n<p>&nbsp;<\/p>\n","protected":false},"excerpt":{"rendered":"<p>Novos lan\u00e7amentos chegam nas concession\u00e1rias a partir do primeiro trimestre do ano. Ap\u00f3s crise na falta de semicondutores no setor automobil\u00edstico, que resultou na queda de 32% da produ\u00e7\u00e3o de ve\u00edculos, lojistas e consumidores est\u00e3o esperan\u00e7osos com a estreia dos novos carros no mercado. De&nbsp;modelos compactos e SUVs \u00e0 picapes e ve\u00edculos el\u00e9tricos, a InstaCarro,&nbsp;startup [&hellip;]<\/p>\n","protected":false},"author":6,"featured_media":0,"comment_status":"open","ping_status":"closed","sticky":false,"template":"","format":"standard","meta":{"_joinchat":[],"footnotes":""},"categories":[1],"tags":[],"class_list":["post-80233","post","type-post","status-publish","format-standard","hentry","category-sem-categoria"],"_links":{"self":[{"href":"http:\/\/folhadosudeste.com\/site\/index.php?rest_route=\/wp\/v2\/posts\/80233","targetHints":{"allow":["GET"]}}],"collection":[{"href":"http:\/\/folhadosudeste.com\/site\/index.php?rest_route=\/wp\/v2\/posts"}],"about":[{"href":"http:\/\/folhadosudeste.com\/site\/index.php?rest_route=\/wp\/v2\/types\/post"}],"author":[{"embeddable":true,"href":"http:\/\/folhadosudeste.com\/site\/index.php?rest_route=\/wp\/v2\/users\/6"}],"replies":[{"embeddable":true,"href":"http:\/\/folhadosudeste.com\/site\/index.php?rest_route=%2Fwp%2Fv2%2Fcomments&post=80233"}],"version-history":[{"count":1,"href":"http:\/\/folhadosudeste.com\/site\/index.php?rest_route=\/wp\/v2\/posts\/80233\/revisions"}],"predecessor-version":[{"id":80240,"href":"http:\/\/folhadosudeste.com\/site\/index.php?rest_route=\/wp\/v2\/posts\/80233\/revisions\/80240"}],"wp:attachment":[{"href":"http:\/\/folhadosudeste.com\/site\/index.php?rest_route=%2Fwp%2Fv2%2Fmedia&parent=80233"}],"wp:term":[{"taxonomy":"category","embeddable":true,"href":"http:\/\/folhadosudeste.com\/site\/index.php?rest_route=%2Fwp%2Fv2%2Fcategories&post=80233"},{"taxonomy":"post_tag","embeddable":true,"href":"http:\/\/folhadosudeste.com\/site\/index.php?rest_route=%2Fwp%2Fv2%2Ftags&post=80233"}],"curies":[{"name":"wp","href":"https:\/\/api.w.org\/{rel}","templated":true}]}}