{"id":88294,"date":"2023-06-01T14:36:57","date_gmt":"2023-06-01T14:36:57","guid":{"rendered":"http:\/\/folhadosudeste.com\/site\/?p=88294"},"modified":"2023-06-01T14:36:57","modified_gmt":"2023-06-01T14:36:57","slug":"federacao-de-associacoes-de-moradores-reune-cerca-de-150-pessoas-no-zaccaria-marques","status":"publish","type":"post","link":"http:\/\/folhadosudeste.com\/site\/?p=88294","title":{"rendered":"Federa\u00e7\u00e3o de Associa\u00e7\u00f5es de Moradores re\u00fane cerca de 150 pessoas no Zaccaria Marques"},"content":{"rendered":"<p><a href=\"http:\/\/folhadosudeste.com\/site\/wp-content\/uploads\/2023\/06\/WhatsApp-Image-2023-06-01-at-10.59.29.jpeg\"><img loading=\"lazy\" decoding=\"async\" class=\"alignnone size-full wp-image-88295\" src=\"http:\/\/folhadosudeste.com\/site\/wp-content\/uploads\/2023\/06\/WhatsApp-Image-2023-06-01-at-10.59.29.jpeg\" alt=\"\" width=\"449\" height=\"229\" srcset=\"http:\/\/folhadosudeste.com\/site\/wp-content\/uploads\/2023\/06\/WhatsApp-Image-2023-06-01-at-10.59.29.jpeg 449w, http:\/\/folhadosudeste.com\/site\/wp-content\/uploads\/2023\/06\/WhatsApp-Image-2023-06-01-at-10.59.29-300x153.jpeg 300w\" sizes=\"auto, (max-width: 449px) 100vw, 449px\" \/><\/a><\/p>\n<p>Aconteceu na noite de quarta-feira, 31 de maio, a reuni\u00e3o ordin\u00e1ria da Federa\u00e7\u00e3o das Associa\u00e7\u00f5es de Muria\u00e9 e Adjac\u00eancias \u2013 FEAMA. Alguns dos assuntos e propostas apresentadas pelos representantes das entidades presentes e por moradores ser\u00e3o analisadas e encaminhadas \u00e0 Secretaria Municipal de Planejamento pata que possam ser inclu\u00eddas no Or\u00e7amento Participativo de 2024 de Muria\u00e9.<\/p>\n<p><!--more--><\/p>\n<p>A reuni\u00e3o foi coordenada pelo presidente da Feama, Jos\u00e9 \u00c2ngelo de Freitas (Z\u00e9 Nenzim), e contou com a presen\u00e7a do prefeito Dr. Marcos Guarino de Oliveira; dos secret\u00e1rios municipais de Governo (Vanderl\u00e9ia Castro); Agricultura (Fernando Levati) e Planejamento (Silvio Salvatto). Tamb\u00e9m estava a vereadora Miriam Facchini e o assessor parlamentar do gabinete do deputado Reginaldo Lopes, Carlos Eduardo Or\u00e1cio (Kadu Or\u00e1cio).<\/p>\n<p>A Feama foi fundada em 10 de junho de 1994, inicialmente sob o nome de Febaime (Federa\u00e7\u00e3o das Associa\u00e7\u00f5es de Bairros e Entidades de Muria\u00e9). Ao longo dos quase 30 anos de exist\u00eancia, a entidade tem desempenhado um papel fundamental no apoio \u00e0s associa\u00e7\u00f5es de moradores e entidades sociais em nossa regi\u00e3o.<\/p>\n<p>A Feama possui a Declara\u00e7\u00e3o de Utilidade P\u00fablica Municipal, concedida pela Lei 2721\/2002, e a Declara\u00e7\u00e3o de Utilidade P\u00fablica Estadual, concedida pela Lei 21.739\/2015 que reconhecem a import\u00e2ncia da federa\u00e7\u00e3o no fortalecimento da sociedade civil organizada e no desenvolvimento das comunidades que representamos.<br \/>\nEla atua no aux\u00edlio das associa\u00e7\u00f5es na sua formaliza\u00e7\u00e3o, na organiza\u00e7\u00e3o de suas elei\u00e7\u00f5es e na intermedia\u00e7\u00e3o entre as demandas junto ao poder p\u00fablico.<\/p>\n<p>Ap\u00f3s os discursos iniciais os representantes puderam falar qual bairro estavam representando e, alguns, chegaram a apresentar propostas para melhoria de suas localidades.<\/p>\n<p><strong>Associa\u00e7\u00e3o de Moradores e Entidade de Classe filiadas \u00e0 FEAMA:<\/strong><\/p>\n<p>Estavam presentes moradores, diretores e presidentes de diversos bairros, distritos e entidades de classe. No total, quase 150 pessoas compareceram ao primeiro encontro da Federa\u00e7\u00e3o.<\/p>\n<p>Aeroporto<br \/>\nAssocia\u00e7\u00e3o Cadeira de Roda<br \/>\nAssocia\u00e7\u00e3o Camel\u00f4s e Ambulantes<br \/>\nAssocia\u00e7\u00e3o pipeiros<br \/>\nBarra<br \/>\nBoa fam\u00edlia<br \/>\nBom Jesus<br \/>\nBom pastor<br \/>\nCardoso de Melo<br \/>\nColety<br \/>\nConselho Comunit\u00e1ria Belis\u00e1rio<br \/>\nDistrito de Macuco<br \/>\nDornelas<br \/>\nEncoberta<br \/>\nFolia de Reis<br \/>\nFolia S\u00e3o Crist\u00f3v\u00e3o<br \/>\nGaspar<br \/>\nG\u00e1vea<br \/>\nInconfid\u00eancia 1<br \/>\nInconfid\u00eancia 2<br \/>\nItamuri<br \/>\nJo\u00e3o 23<br \/>\nJo\u00e3o VI<br \/>\nLiga Esportiva<br \/>\nPadre Tiago<br \/>\nPatrim\u00f4nio S\u00e3o Jos\u00e9<br \/>\nPlanalto<br \/>\nPorto<br \/>\nPorto Belo<br \/>\nPrimavera<br \/>\nPr\u00f3-Cultura<br \/>\nRecanto Verde<br \/>\nSafira<br \/>\nSanta Terezinha<br \/>\nSantana<br \/>\nSanto Ant\u00f4nio<br \/>\nS\u00e3o Crist\u00f3v\u00e3o<br \/>\nS\u00e3o Crist\u00f3v\u00e3o Futebol Clube<br \/>\nS\u00e3o Francisco<br \/>\nS\u00e3o Gotardo<br \/>\nS\u00e3o Joaquim<br \/>\nS\u00e3o Pedro<br \/>\nSofoc\u00f3<br \/>\nUni\u00e3o<br \/>\nVermelho<br \/>\nVioleiros<\/p>\n<p><a href=\"http:\/\/folhadosudeste.com\/site\/wp-content\/uploads\/2023\/06\/WhatsApp-Image-2023-06-01-at-11.01.36.jpeg\"><img loading=\"lazy\" decoding=\"async\" class=\"alignnone size-full wp-image-88296\" src=\"http:\/\/folhadosudeste.com\/site\/wp-content\/uploads\/2023\/06\/WhatsApp-Image-2023-06-01-at-11.01.36.jpeg\" alt=\"\" width=\"768\" height=\"1024\" srcset=\"http:\/\/folhadosudeste.com\/site\/wp-content\/uploads\/2023\/06\/WhatsApp-Image-2023-06-01-at-11.01.36.jpeg 768w, http:\/\/folhadosudeste.com\/site\/wp-content\/uploads\/2023\/06\/WhatsApp-Image-2023-06-01-at-11.01.36-225x300.jpeg 225w\" sizes=\"auto, (max-width: 768px) 100vw, 768px\" \/><\/a> <a href=\"http:\/\/folhadosudeste.com\/site\/wp-content\/uploads\/2023\/06\/WhatsApp-Image-2023-06-01-at-11.01.35.jpeg\"><img loading=\"lazy\" decoding=\"async\" class=\"alignnone size-full wp-image-88297\" src=\"http:\/\/folhadosudeste.com\/site\/wp-content\/uploads\/2023\/06\/WhatsApp-Image-2023-06-01-at-11.01.35.jpeg\" alt=\"\" width=\"1600\" height=\"1200\" srcset=\"http:\/\/folhadosudeste.com\/site\/wp-content\/uploads\/2023\/06\/WhatsApp-Image-2023-06-01-at-11.01.35.jpeg 1600w, http:\/\/folhadosudeste.com\/site\/wp-content\/uploads\/2023\/06\/WhatsApp-Image-2023-06-01-at-11.01.35-300x225.jpeg 300w, http:\/\/folhadosudeste.com\/site\/wp-content\/uploads\/2023\/06\/WhatsApp-Image-2023-06-01-at-11.01.35-768x576.jpeg 768w, http:\/\/folhadosudeste.com\/site\/wp-content\/uploads\/2023\/06\/WhatsApp-Image-2023-06-01-at-11.01.35-1024x768.jpeg 1024w\" sizes=\"auto, (max-width: 1600px) 100vw, 1600px\" \/><\/a> <a href=\"http:\/\/folhadosudeste.com\/site\/wp-content\/uploads\/2023\/06\/WhatsApp-Image-2023-06-01-at-10.59.28.jpeg\"><img loading=\"lazy\" decoding=\"async\" class=\"alignnone size-full wp-image-88298\" src=\"http:\/\/folhadosudeste.com\/site\/wp-content\/uploads\/2023\/06\/WhatsApp-Image-2023-06-01-at-10.59.28.jpeg\" alt=\"\" width=\"337\" height=\"249\" srcset=\"http:\/\/folhadosudeste.com\/site\/wp-content\/uploads\/2023\/06\/WhatsApp-Image-2023-06-01-at-10.59.28.jpeg 337w, http:\/\/folhadosudeste.com\/site\/wp-content\/uploads\/2023\/06\/WhatsApp-Image-2023-06-01-at-10.59.28-300x222.jpeg 300w\" sizes=\"auto, (max-width: 337px) 100vw, 337px\" \/><\/a><\/p>\n<p>&nbsp;<\/p>\n","protected":false},"excerpt":{"rendered":"<p>Aconteceu na noite de quarta-feira, 31 de maio, a reuni\u00e3o ordin\u00e1ria da Federa\u00e7\u00e3o das Associa\u00e7\u00f5es de Muria\u00e9 e Adjac\u00eancias \u2013 FEAMA. Alguns dos assuntos e propostas apresentadas pelos representantes das entidades presentes e por moradores ser\u00e3o analisadas e encaminhadas \u00e0 Secretaria Municipal de Planejamento pata que possam ser inclu\u00eddas no Or\u00e7amento Participativo de 2024 de [&hellip;]<\/p>\n","protected":false},"author":6,"featured_media":0,"comment_status":"open","ping_status":"closed","sticky":false,"template":"","format":"standard","meta":{"_joinchat":[],"footnotes":""},"categories":[1],"tags":[],"class_list":["post-88294","post","type-post","status-publish","format-standard","hentry","category-sem-categoria"],"_links":{"self":[{"href":"http:\/\/folhadosudeste.com\/site\/index.php?rest_route=\/wp\/v2\/posts\/88294","targetHints":{"allow":["GET"]}}],"collection":[{"href":"http:\/\/folhadosudeste.com\/site\/index.php?rest_route=\/wp\/v2\/posts"}],"about":[{"href":"http:\/\/folhadosudeste.com\/site\/index.php?rest_route=\/wp\/v2\/types\/post"}],"author":[{"embeddable":true,"href":"http:\/\/folhadosudeste.com\/site\/index.php?rest_route=\/wp\/v2\/users\/6"}],"replies":[{"embeddable":true,"href":"http:\/\/folhadosudeste.com\/site\/index.php?rest_route=%2Fwp%2Fv2%2Fcomments&post=88294"}],"version-history":[{"count":1,"href":"http:\/\/folhadosudeste.com\/site\/index.php?rest_route=\/wp\/v2\/posts\/88294\/revisions"}],"predecessor-version":[{"id":88299,"href":"http:\/\/folhadosudeste.com\/site\/index.php?rest_route=\/wp\/v2\/posts\/88294\/revisions\/88299"}],"wp:attachment":[{"href":"http:\/\/folhadosudeste.com\/site\/index.php?rest_route=%2Fwp%2Fv2%2Fmedia&parent=88294"}],"wp:term":[{"taxonomy":"category","embeddable":true,"href":"http:\/\/folhadosudeste.com\/site\/index.php?rest_route=%2Fwp%2Fv2%2Fcategories&post=88294"},{"taxonomy":"post_tag","embeddable":true,"href":"http:\/\/folhadosudeste.com\/site\/index.php?rest_route=%2Fwp%2Fv2%2Ftags&post=88294"}],"curies":[{"name":"wp","href":"https:\/\/api.w.org\/{rel}","templated":true}]}}