{"id":88302,"date":"2023-06-02T19:23:04","date_gmt":"2023-06-02T19:23:04","guid":{"rendered":"http:\/\/folhadosudeste.com\/site\/?p=88302"},"modified":"2023-06-02T19:23:04","modified_gmt":"2023-06-02T19:23:04","slug":"camara-homenageia-ambientalistas-no-dia-mundial-do-meio-ambiente","status":"publish","type":"post","link":"http:\/\/folhadosudeste.com\/site\/?p=88302","title":{"rendered":"C\u00e2mara homenageia ambientalistas no Dia Mundial do Meio Ambiente"},"content":{"rendered":"<p><a href=\"http:\/\/folhadosudeste.com\/site\/wp-content\/uploads\/2023\/06\/WhatsApp-Image-2023-06-02-at-11.21.54.jpeg\"><img loading=\"lazy\" decoding=\"async\" class=\"alignnone size-full wp-image-88303\" src=\"http:\/\/folhadosudeste.com\/site\/wp-content\/uploads\/2023\/06\/WhatsApp-Image-2023-06-02-at-11.21.54.jpeg\" alt=\"\" width=\"1120\" height=\"1600\" srcset=\"http:\/\/folhadosudeste.com\/site\/wp-content\/uploads\/2023\/06\/WhatsApp-Image-2023-06-02-at-11.21.54.jpeg 1120w, http:\/\/folhadosudeste.com\/site\/wp-content\/uploads\/2023\/06\/WhatsApp-Image-2023-06-02-at-11.21.54-210x300.jpeg 210w, http:\/\/folhadosudeste.com\/site\/wp-content\/uploads\/2023\/06\/WhatsApp-Image-2023-06-02-at-11.21.54-768x1097.jpeg 768w, http:\/\/folhadosudeste.com\/site\/wp-content\/uploads\/2023\/06\/WhatsApp-Image-2023-06-02-at-11.21.54-717x1024.jpeg 717w\" sizes=\"auto, (max-width: 1120px) 100vw, 1120px\" \/><\/a><\/p>\n<p>A C\u00e2mara de Muria\u00e9 realiza nesta segunda-feira, 5 de junho, quando se comemora o Dia Mundial do Meio Ambiente, a solenidade de outorga da Ordem do M\u00e9rito Chico Mendes. Ser\u00e3o 18 homenageados entre pessoas e organiza\u00e7\u00f5es p\u00fablicas, privadas e ONGs que de alguma forma tenham contribu\u00eddo para a preserva\u00e7\u00e3o do meio ambiente e prote\u00e7\u00e3o do ecossistema. A solenidade ser\u00e1 realizada no Plen\u00e1rio da C\u00e2mara \u00e0s 19h, ap\u00f3s o encerramento da sess\u00e3o semanal que, excepcionalmente nesta semana, acontecer\u00e1 das 17h \u00e0s 19h.<\/p>\n<p><!--more--><br \/>\n<strong>Os homenageados s\u00e3o indicados pelo presidente da C\u00e2mara, prefeito e vereadores. Seguem a rela\u00e7\u00e3o dos agraciados de 2023:<\/strong><\/p>\n<p>PRESIDENTE DR. GERSON VARELLA NETO<br \/>\nHomenageado: 2\u00ba Sarg. PM Jardel Silva de Paula<\/p>\n<p>Serve na atividade especializada de Meio Ambiente h\u00e1 mais 12 anos, tendo participando de in\u00fameras a\u00e7\u00f5es que visaram a defesa e preserva\u00e7\u00e3o do Meio Ambiente em seus diversos segmentos. Atua diretamente na preserva\u00e7\u00e3o do Parque Estadual Serra do Brigadeiro e demais \u00c1reas de Prote\u00e7\u00e3o Ambiental. Atua tamb\u00e9m no combate aos crimes contra a natureza e seus recursos e promove constantemente campanhas de recupera\u00e7\u00e3o de nascentes, \u00e1reas degradadas e recursos h\u00eddricos. Atualmente lidera uma equipe de cinco militares, com o compromisso de promover a seguran\u00e7a e tranquilidade \u00e0 popula\u00e7\u00e3o de dez munic\u00edpios focando em A\u00e7\u00f5es de Preserva\u00e7\u00e3o Ambiental.<\/p>\n<p>PREFEITO MARCOS GUARINO<br \/>\nHomenageado: F\u00e1bio Rodrigues Laureano<\/p>\n<p>F\u00e1bio Laureano tomou posse como promotor de Justi\u00e7a em junho de 1997. Atuou nas Promotorias de Justi\u00e7a das comarcas de Teixeiras, Mira\u00ed, chegando a Muria\u00e9 em setembro de 2003, onde ainda \u00e9 titular da 4\u00aa Promotoria de Justi\u00e7a. Exerce atualmente o cargo de Coordenador Regional das Promotorias de Justi\u00e7a do Meio Ambiente da Bacia do Rio Para\u00edba do Sul.<\/p>\n<p>VEREADOR ADEMAR CAMERINO<br \/>\nHomenageado: Douglas Barbosa Castro<\/p>\n<p>Professor, Engenheiro Agr\u00f4nomo e pesquisador, atualmente, contribui desenvolvendo pesquisas cient\u00edficas voltadas \u00e0 Sustentabilidade, ao aperfei\u00e7oamento de pr\u00e1ticas sustent\u00e1veis na agricultura, participando ativamente de Congressos, Simp\u00f3sios e Workshops, no \u00e2mbito nacional e internacional. Desde 2015, \u00e9 docente no curso de Ci\u00eancias Biol\u00f3gicas da Faculdade Santa Marcelina de Muria\u00e9, contribuindo com a forma\u00e7\u00e3o de professores e bi\u00f3logos na regi\u00e3o. Tamb\u00e9m atua na Secretaria Municipal de Urbanismo e Meio Ambiente da Prefeitura Municipal de Muria\u00e9, contribuindo para a Preserva\u00e7\u00e3o, Prote\u00e7\u00e3o e Educa\u00e7\u00e3o Ambiental no munic\u00edpio. Formado na Universidade Federal de Vi\u00e7osa, mestre e Doutor em Fitopatologia pela Universidade Federal Rural de Pernambuco, \u00e9 especialista em doc\u00eancia no ensino superior.<\/p>\n<p>VEREADOR ANDERSON DA CAIXA<br \/>\nHomenageado: Reinaldo Barberine<\/p>\n<p>No ano de 1996 iniciou sua luta ecol\u00f3gica pela prote\u00e7\u00e3o e preserva\u00e7\u00e3o do Meio Ambiente, atuando no Sindicato dos Trabalhadores Rurais de Muria\u00e9 e Regi\u00e3o. Em 2005 passou a integrar a equipe da CPT \u2013 Comiss\u00e3o Pastoral da Terra na regi\u00e3o &#8211; com forte trabalho nos distritos de Muria\u00e9, principalmente junto \u00e0s comunidades rurais. Acredita e atua em trabalhos de parceria como a C\u00e1ritas do Brasil, Instituto Iracambi e MAM \u2013 Movimento Anti Minera\u00e7\u00e3o. V\u00ea nosso planeta como local sagrada, como a nossa Casa e dela temos todos que cuidar. Sua fala em v\u00e1rios momentos \u00e9: \u201cA anima\u00e7\u00e3o b\u00edblica encarnada na realidade me anima na caminhada. Amanh\u00e3 haver\u00e1 um novo dia, um novo sol\u201d.<\/p>\n<p>VEREADOR AFONSO DA SA\u00daDE<br \/>\nHomenageada: Secretaria Municipal de Urbanismo e Meio Ambiente \u2013 P.M.Muria\u00e9<\/p>\n<p>A Secretaria Municipal de Urbanismo e Meio Ambiente da Prefeitura Municipal de Muria\u00e9, chefiada pelo Secret\u00e1rio Mauro Francisco de Aquino, conta com dezenas de servidores que prestam servi\u00e7os de excel\u00eancia para a popula\u00e7\u00e3o de Muria\u00e9, administrando e protegendo nossos recursos naturais, al\u00e9m de trabalharem para a melhoria de sua qualidade. Presta servi\u00e7os de licenciamento ambiental, an\u00e1lise t\u00e9cnica de processos, poda de \u00e1rvores, recolhimento de galhos, produ\u00e7\u00e3o de mudas para reflorestamento e arboriza\u00e7\u00e3o urbana, recupera\u00e7\u00e3o das \u00e1reas verdes, manuten\u00e7\u00e3o das pra\u00e7as e parques, al\u00e9m das a\u00e7\u00f5es de controle e corre\u00e7\u00e3o exercidas pela fiscaliza\u00e7\u00e3o ambiental.<\/p>\n<p>VEREADOR CELSINHO<br \/>\nHomenageado: Cl\u00e9lio de Sousa Lima J\u00fanior<\/p>\n<p>Bi\u00f3logo e Ornit\u00f3logo, realizou o primeiro invent\u00e1rio de ornitofauna da regi\u00e3o. Idealizou e produziu o primeiro encontro de observa\u00e7\u00e3o de aves de Muria\u00e9. No campo da pesquisa, realizou estudo relevante sobre atropelamento de corujas em rodovias da regi\u00e3o, trazendo \u00e0 tona a import\u00e2ncia de medidas de conserva\u00e7\u00e3o e mitiga\u00e7\u00e3o para prote\u00e7\u00e3o. Tamb\u00e9m se destacou em estudos relacionados \u00e0 qualidade da \u00e1gua do rio Muria\u00e9, o que tornou poss\u00edvel mapear a extens\u00e3o da polui\u00e7\u00e3o e acompanhar seu decl\u00ednio \u00e0 medida que o rio se afasta da \u00e1rea urbana. Atualmente, atua como Bi\u00f3logo na JSL S.A, empresa pertencente ao Grupo Simpar, onde exerce fun\u00e7\u00e3o de lideran\u00e7a da equipe de Monitoramento Ambiental nas unidades de Mirai e Itamarati de Minas da CBA.<\/p>\n<p>CHRISTIAN TANUS BAHIA<br \/>\nHomenageado: Diego Cardoso de Melo<\/p>\n<p>Atua h\u00e1 mais de 20 anos no mercado de reciclagem, sendo propriet\u00e1rio das empresas Muria\u00e7o e Equipam Pl\u00e1sticos, empresas que tem finalidade na manuten\u00e7\u00e3o, preserva\u00e7\u00e3o do meio ambiente e melhoria na qualidade de vida do ser humano. Sua miss\u00e3o \u00e9 conscientizar a popula\u00e7\u00e3o sobre a import\u00e2ncia da reciclagem como alternativa para preservar o meio ambiente. Para tanto, vem sendo respons\u00e1vel pela retirada das ruas de mais de 500 toneladas de res\u00edduos que s\u00e3o reprocessados, colaborando para que tenhamos uma sociedade autossustent\u00e1vel e promovendo a qualidade de vida da popula\u00e7\u00e3o em geral.<\/p>\n<p>VEREADOR DELCINHO AMARO<br \/>\nHomenageado: M\u00e1rcio Castro das Merc\u00eas<\/p>\n<p>Servidor aposentado pelo Instituto Chico Mendes da Biodiversidade, foi respons\u00e1vel pela cria\u00e7\u00e3o do Movimento Pr\u00f3 Reserva Biol\u00f3gica do Tingu\u00e1 com o objetivo de criar uma Unidade de Conserva\u00e7\u00e3o de uso mais restritivo, considerando a urgente necessidade de prote\u00e7\u00e3o de seus mananciais h\u00eddricos, o que resultou na oficializa\u00e7\u00e3o da Reserva Biol\u00f3gica do Tingu\u00e1. Atuou em v\u00e1rios organismos voltados ao meio ambiente como Instituto Brasileiro de Desenvolvimento Florestal), o IBAMA e posteriormente ICMBio (Instituto Chico Mendes da Conserva\u00e7\u00e3o da Biodiversidade). Tamb\u00e9m colaborou, junto a equipe t\u00e9cnica composta em Muria\u00e9, no levantamento t\u00e9cnico das caracter\u00edsticas geof\u00edsicas da Serra do Brigadeiro, coletando dados acerca das popula\u00e7\u00f5es de fauna e flora com o objetivo de formalizar o Documento propondo o Tombamento da regi\u00e3o, criando ali o Parque Estadual da Serra do Brigadeiro.<\/p>\n<p>VEREADOR DEVAIL GOMES CORREA<br \/>\nHomenageado: Francisco Paiva de Rezende<\/p>\n<p>Com servidor da Emater possui longa hist\u00f3ria de envolvimento na conscientiza\u00e7\u00e3o da popula\u00e7\u00e3o rural para preserva\u00e7\u00e3o do meio ambiente, promovendo a destina\u00e7\u00e3o correta de embalagens, o uso adequado de produtos agropecu\u00e1rios, a prote\u00e7\u00e3o de mananciais de \u00e1gua, matas e a n\u00e3o utiliza\u00e7\u00e3o do fogo como pr\u00e1tica de limpeza das terras. Incentivou e ensinou o uso de a\u00e7\u00f5es de conserva\u00e7\u00e3o do solo adequadas a fim de proporcionar equil\u00edbrio entre o uso da terra e a manuten\u00e7\u00e3o das esp\u00e9cies. Como produtor rural, possui em suas terras mais de 4.5 hectares de mata nativa preservada, atuando ainda em recupera\u00e7\u00e3o de matas ciliares e na prote\u00e7\u00e3o de um bosque com mais de 70 \u00e1rvores de Pau Brasil.<\/p>\n<p>VEREADOR EVANDRO CHEROSO<br \/>\nHomenageado: Amaury Guarconi de Almeida<\/p>\n<p>Amaury Guarconi De Almeida, nasceu em Pirapanema. Como Assessor de Cooperativismo e Associativismo Rural na Prefeitura Municipal de Muria\u00e9, atua como encarregado da Secretaria Municipal de Agricultura. Atualmente tamb\u00e9m est\u00e1 como presidente da Associa\u00e7\u00e3o dos Fruticultores de S\u00e3o Sebasti\u00e3o do Vargem Alegre e Regi\u00e3o (plantadores de uvas).<\/p>\n<p>VEREADOR DR. FREDERICO FARIA<br \/>\nHomenageada: ASCAMAREM (Associa\u00e7\u00e3o dos Trabalhadores e Coletadores de Materiais Recicl\u00e1veis de Muria\u00e9 -MG)&nbsp;<\/p>\n<p>Representada por seu presidente Jos\u00e9 Ant\u00f4nio de Andrade, pelo Conselho Gestor e 45 filiados, foi fundada em 2010 e funciona no Bairro Gaspar, em Muria\u00e9. Esta associa\u00e7\u00e3o de trabalhadores contribui com a coleta de aproximadamente 35 mil quilos mensais de papel\u00e3o, ferro velho, garrafa pet, descarte de vidros, dentre outros materiais recicl\u00e1veis, contribuindo assim com o meio ambiente e a sustentabilidade no munic\u00edpio de Muria\u00e9.<\/p>\n<p>VEREADOR PROF. J\u00daLIO SIMBRA<br \/>\nHomenageada: Ag\u00eancia de Ecoturismo Verde Aventuras<\/p>\n<p>Vem demonstrando como a atividade tur\u00edstica desenvolvida de forma sustent\u00e1vel e respons\u00e1vel gera receita a popula\u00e7\u00e3o aut\u00f3ctone e conscientiza\u00e7\u00e3o a visitantes e turistas que tem por destino a regi\u00e3o de Belis\u00e1rio e adjac\u00eancias. Seu propriet\u00e1rio Eliab Souza Clemente \u00e9 formado em turismo pela Universidade Federal de Vi\u00e7osa\/ Campus Florestal, e possui larga experi\u00eancia em boas pr\u00e1ticas de ecoturismo e turismo de aventuras nos 12 anos que viveu na Nova Zel\u00e2ndia. A ag\u00eancia atua com a premissa de conscientiza as pessoas sobre a import\u00e2ncia de correlacionarem as atitudes do dia a dia com a preserva\u00e7\u00e3o e manuten\u00e7\u00e3o do meio ambiente em que est\u00e3o inseridos.<\/p>\n<p>VEREADORA DR\u00aa MIRIAM FACCHINI<\/p>\n<p>Homenageada: MAIS Solu\u00e7\u00f5es Rurais e Ambientais<\/p>\n<p>Criada em fevereiro de 2017, na cidade de Muria\u00e9, tem por objetivo trabalhar as quest\u00f5es ambientais de forma sustent\u00e1vel, equilibrada e harm\u00f4nica com o meio ambiente e desburocratizada para seus clientes. Sua equipe t\u00e9cnica, liderada pelos s\u00f3cios Juliana Guarino e Gilberto Garcia Bonatto Filho, \u00e9 altamente capacitada, formada por engenheiros e gestores das mais diversas \u00e1reas ambientais. Atualmente, possui escrit\u00f3rios f\u00edsicos em Muria\u00e9, Miradouro e Leopoldina, mas realiza atendimentos em diversas cidades do entorno. \u00c9 respons\u00e1vel pela regulariza\u00e7\u00e3o ambiental de diversos empreendimentos na regi\u00e3o.<\/p>\n<p>VEREADOR DELEGADO RANGEL<br \/>\nHomenageado: Wagner Corr\u00eaa Rocha<\/p>\n<p>Especialista em Geografia e Educa\u00e7\u00e3o Ambiental, \u00e9 mestre em Ensino de Biologia. Respons\u00e1vel pela gest\u00e3o da cria\u00e7\u00e3o de Unidades de Conserva\u00e7\u00e3o em dezenas de munic\u00edpios em Minas Gerais e tamb\u00e9m pela gest\u00e3o de saneamento rural por meio de instala\u00e7\u00e3o de fossas s\u00e9pticas biodigestoras nas mesmas unidades. Desenvolve Programas de Educa\u00e7\u00e3o Ambiental na rede p\u00fablica de ensino e Programas de Educa\u00e7\u00e3o Ambiental para centenas de professores pela Companhia Brasileira de Alum\u00ednio. Professor de Ci\u00eancias e Biologia no Estado de Minas Gerais, atualmente \u00e9 diretor da E.E. Desembargador Canedo.<\/p>\n<p>VEREADOR REGINALDO RORIZ<br \/>\nHomenageado: Silvan Vital de Freitas<\/p>\n<p>Nascido e criado em Belis\u00e1rio numa fam\u00edlia de produtores rurais e comerciantes, \u00e9 servidor p\u00fablico e comerciante, possuindo uma ag\u00eancia de Ecoturismo (VITAL ECOTURISMO) que atua em toda regi\u00e3o mostrando o que h\u00e1 de melhor no entorno do Pico do Itajuru. \u00c9 idealizador do Mountain Bike de BELIS\u00c1RIO e um dos Apoiadores da maior e melhor Cavalgada da Regi\u00e3o, hoje, em sua 22\u00aa edi\u00e7\u00e3o. Possui forma\u00e7\u00e3o em Gest\u00e3o de turismo, Guia, Bombeiro Civil, Brigadista profissional e socorrista em \u00e1reas remota.<\/p>\n<p>VEREADOR VALDINEI LACERDA<br \/>\nHomenageado: Dandara Paula da Silva Guimar\u00e3es<\/p>\n<p>Apaixonada por florestas e por transformar os seus recursos de maneira sustent\u00e1vel, inovadora e tecnol\u00f3gica, \u00e9 Engenheira Florestal, pesquisadora em n\u00edvel de mestrado no Programa de P\u00f3s-gradua\u00e7\u00e3o em Ci\u00eancia Florestal da Universidade Federal de Vi\u00e7osa e especialista em Qualidade, Meio Ambiente e Seguran\u00e7a pela PUC-Minas. Atualmente, \u00e9 Coordenadora de Projetos de Pir\u00f3lise e Bioenergia no Laborat\u00f3rio de Pain\u00e9is e Energia da Madeira, visando o desenvolvimento sustent\u00e1vel da cadeia produtiva de carv\u00e3o vegetal.<\/p>\n<p>VEREADOR CISO<br \/>\nHomenageada: Marina Valente Soares Vermelho<\/p>\n<p>Bi\u00f3loga e Pesquisadora, graduada em Ci\u00eancias Biol\u00f3gicas pela Faculdade Santa Marcelina, Mestra e Doutoranda em Ecologia e Recursos Naturais na Universidade Estadual do Norte Fluminense Darcy Ribeiro. Atua na \u00e1rea de Biologia da Conserva\u00e7\u00e3o desenvolvendo pesquisas relacionadas \u00e0 gest\u00e3o de recursos h\u00eddricos, impactos antr\u00f3picos em bacias hidrogr\u00e1ficas, Etnobiologia e conserva\u00e7\u00e3o de esp\u00e9cies amea\u00e7adas de extin\u00e7\u00e3o. Desenvolveu sua Disserta\u00e7\u00e3o de Mestrado com o principal objetivo de identificar os impactos ambientais na Bacia do rio Muria\u00e9 pela \u00f3tica da popula\u00e7\u00e3o de entorno. Atuou na Focus Gest\u00e3o Ambiental no desenvolvimento e cria\u00e7\u00e3o de Unidades de Conserva\u00e7\u00e3o, tendo atuado em v\u00e1rios munic\u00edpios do Estado. Atualmente no doutorado trabalha com Etnobiologia voltada \u00e0 projetos de conserva\u00e7\u00e3o de esp\u00e9cies amea\u00e7adas de extin\u00e7\u00e3o nas regi\u00f5es Norte e Nordeste do Brasil.<\/p>\n<p>VEREADOR WELLINGTON FORIM<br \/>\nHomenageado: Adgar C\u00e9lio Rodrigues<\/p>\n<p>Por meio de sua empresa Caetano Rodrigues, que \u00e9 uma empresa de reciclagem, onde por se s\u00f3 j\u00e1 contribui pela prote\u00e7\u00e3o do meio ambiente e sustentabilidade, tamb\u00e9m promove pr\u00e1ticas de promo\u00e7\u00e3o da cidadania e transforma\u00e7\u00e3o social. O grande exemplo se encontra no projeto Resgatando Vidas, pelo qual atua de forma integrada na recupera\u00e7\u00e3o de dependentes qu\u00edmicos, atrav\u00e9s de diversos trabalhos de adapta\u00e7\u00e3o e integra\u00e7\u00e3o com o meio ambiente. Desta forma, oferece qualidade de vida e sa\u00fade as pessoas, agindo sobre o ser humano, enquanto extens\u00e3o do meio ambiente, conscientizando sobre a valoriza\u00e7\u00e3o, o pertencimento ao ecossistema, conscientizando sobre a import\u00e2ncia da preserva\u00e7\u00e3o.<\/p>\n<p><a href=\"http:\/\/folhadosudeste.com\/site\/wp-content\/uploads\/2023\/06\/WhatsApp-Image-2023-06-02-at-11.21.54-1.jpeg\"><img loading=\"lazy\" decoding=\"async\" class=\"alignnone size-full wp-image-88304\" src=\"http:\/\/folhadosudeste.com\/site\/wp-content\/uploads\/2023\/06\/WhatsApp-Image-2023-06-02-at-11.21.54-1.jpeg\" alt=\"\" width=\"1120\" height=\"1600\" srcset=\"http:\/\/folhadosudeste.com\/site\/wp-content\/uploads\/2023\/06\/WhatsApp-Image-2023-06-02-at-11.21.54-1.jpeg 1120w, http:\/\/folhadosudeste.com\/site\/wp-content\/uploads\/2023\/06\/WhatsApp-Image-2023-06-02-at-11.21.54-1-210x300.jpeg 210w, http:\/\/folhadosudeste.com\/site\/wp-content\/uploads\/2023\/06\/WhatsApp-Image-2023-06-02-at-11.21.54-1-768x1097.jpeg 768w, http:\/\/folhadosudeste.com\/site\/wp-content\/uploads\/2023\/06\/WhatsApp-Image-2023-06-02-at-11.21.54-1-717x1024.jpeg 717w\" sizes=\"auto, (max-width: 1120px) 100vw, 1120px\" \/><\/a><\/p>\n","protected":false},"excerpt":{"rendered":"<p>A C\u00e2mara de Muria\u00e9 realiza nesta segunda-feira, 5 de junho, quando se comemora o Dia Mundial do Meio Ambiente, a solenidade de outorga da Ordem do M\u00e9rito Chico Mendes. Ser\u00e3o 18 homenageados entre pessoas e organiza\u00e7\u00f5es p\u00fablicas, privadas e ONGs que de alguma forma tenham contribu\u00eddo para a preserva\u00e7\u00e3o do meio ambiente e prote\u00e7\u00e3o do [&hellip;]<\/p>\n","protected":false},"author":6,"featured_media":0,"comment_status":"open","ping_status":"closed","sticky":false,"template":"","format":"standard","meta":{"_joinchat":[],"footnotes":""},"categories":[1],"tags":[],"class_list":["post-88302","post","type-post","status-publish","format-standard","hentry","category-sem-categoria"],"_links":{"self":[{"href":"http:\/\/folhadosudeste.com\/site\/index.php?rest_route=\/wp\/v2\/posts\/88302","targetHints":{"allow":["GET"]}}],"collection":[{"href":"http:\/\/folhadosudeste.com\/site\/index.php?rest_route=\/wp\/v2\/posts"}],"about":[{"href":"http:\/\/folhadosudeste.com\/site\/index.php?rest_route=\/wp\/v2\/types\/post"}],"author":[{"embeddable":true,"href":"http:\/\/folhadosudeste.com\/site\/index.php?rest_route=\/wp\/v2\/users\/6"}],"replies":[{"embeddable":true,"href":"http:\/\/folhadosudeste.com\/site\/index.php?rest_route=%2Fwp%2Fv2%2Fcomments&post=88302"}],"version-history":[{"count":1,"href":"http:\/\/folhadosudeste.com\/site\/index.php?rest_route=\/wp\/v2\/posts\/88302\/revisions"}],"predecessor-version":[{"id":88305,"href":"http:\/\/folhadosudeste.com\/site\/index.php?rest_route=\/wp\/v2\/posts\/88302\/revisions\/88305"}],"wp:attachment":[{"href":"http:\/\/folhadosudeste.com\/site\/index.php?rest_route=%2Fwp%2Fv2%2Fmedia&parent=88302"}],"wp:term":[{"taxonomy":"category","embeddable":true,"href":"http:\/\/folhadosudeste.com\/site\/index.php?rest_route=%2Fwp%2Fv2%2Fcategories&post=88302"},{"taxonomy":"post_tag","embeddable":true,"href":"http:\/\/folhadosudeste.com\/site\/index.php?rest_route=%2Fwp%2Fv2%2Ftags&post=88302"}],"curies":[{"name":"wp","href":"https:\/\/api.w.org\/{rel}","templated":true}]}}