{"id":88306,"date":"2023-06-02T21:43:52","date_gmt":"2023-06-02T21:43:52","guid":{"rendered":"http:\/\/folhadosudeste.com\/site\/?p=88306"},"modified":"2023-06-02T21:43:52","modified_gmt":"2023-06-02T21:43:52","slug":"pret-de-fibra-e-lancada-em-muriae-e-a-primeira-marca-de-lingerie-na-america-latina-a-respeitar-as-identidades-das-mulheres-negras","status":"publish","type":"post","link":"http:\/\/folhadosudeste.com\/site\/?p=88306","title":{"rendered":"Pret@ de Fibra \u00e9 lan\u00e7ada em Muria\u00e9: \u00e9 a primeira marca de lingerie na Am\u00e9rica Latina a respeitar as identidades das mulheres negras"},"content":{"rendered":"<p><a href=\"http:\/\/folhadosudeste.com\/site\/wp-content\/uploads\/2023\/06\/DSC_0387.jpg\"><img loading=\"lazy\" decoding=\"async\" class=\"alignnone size-full wp-image-88307\" src=\"http:\/\/folhadosudeste.com\/site\/wp-content\/uploads\/2023\/06\/DSC_0387.jpg\" alt=\"\" width=\"2048\" height=\"1365\" srcset=\"http:\/\/folhadosudeste.com\/site\/wp-content\/uploads\/2023\/06\/DSC_0387.jpg 2048w, http:\/\/folhadosudeste.com\/site\/wp-content\/uploads\/2023\/06\/DSC_0387-300x200.jpg 300w, http:\/\/folhadosudeste.com\/site\/wp-content\/uploads\/2023\/06\/DSC_0387-768x512.jpg 768w, http:\/\/folhadosudeste.com\/site\/wp-content\/uploads\/2023\/06\/DSC_0387-1024x683.jpg 1024w, http:\/\/folhadosudeste.com\/site\/wp-content\/uploads\/2023\/06\/DSC_0387-120x80.jpg 120w, http:\/\/folhadosudeste.com\/site\/wp-content\/uploads\/2023\/06\/DSC_0387-345x230.jpg 345w\" sizes=\"auto, (max-width: 2048px) 100vw, 2048px\" \/><\/a><\/p>\n<p>Muria\u00e9 foi mais uma vez agraciada com a oportunidade de protagonizar um momento hist\u00f3rico, refor\u00e7ando sua qualidade como munic\u00edpio reconhecido como Polo da Moda e seu destaque na consolida\u00e7\u00e3o e respeito \u00e0 diversidade cultural. No \u00faltimo s\u00e1bado 27 de maio, aconteceu o lan\u00e7amento da Pret@ de Fibra, com um bel\u00edssimo desfile, que aconteceu no 4\u00ba andar do Shopping Boulevard, com a participa\u00e7\u00e3o de v\u00e1rias mulheres negras. Uma marca de lingerie que veio para fazer hist\u00f3ria como a primeira de toda na Am\u00e9rica Latina a personificar as roupas \u00edntimas femininas exclusivamente para mulheres negras, abrangendo suas particularidades, tons e nuances, ao mesmo tempo que as reverenciam e combate o racismo estrutural.<\/p>\n<p><a href=\"http:\/\/folhadosudeste.com\/site\/wp-content\/uploads\/2023\/06\/DSC_0200.jpg\"><img loading=\"lazy\" decoding=\"async\" class=\"alignnone size-full wp-image-88308\" src=\"http:\/\/folhadosudeste.com\/site\/wp-content\/uploads\/2023\/06\/DSC_0200.jpg\" alt=\"\" width=\"2048\" height=\"1365\" srcset=\"http:\/\/folhadosudeste.com\/site\/wp-content\/uploads\/2023\/06\/DSC_0200.jpg 2048w, http:\/\/folhadosudeste.com\/site\/wp-content\/uploads\/2023\/06\/DSC_0200-300x200.jpg 300w, http:\/\/folhadosudeste.com\/site\/wp-content\/uploads\/2023\/06\/DSC_0200-768x512.jpg 768w, http:\/\/folhadosudeste.com\/site\/wp-content\/uploads\/2023\/06\/DSC_0200-1024x683.jpg 1024w, http:\/\/folhadosudeste.com\/site\/wp-content\/uploads\/2023\/06\/DSC_0200-120x80.jpg 120w, http:\/\/folhadosudeste.com\/site\/wp-content\/uploads\/2023\/06\/DSC_0200-345x230.jpg 345w\" sizes=\"auto, (max-width: 2048px) 100vw, 2048px\" \/><\/a><\/p>\n<p>At\u00e9 ent\u00e3o, o mercado de roupas \u00edntimas pecava por negligenciar as demandas e necessidades espec\u00edficas relatadas pelas mulheres negras. A lacuna hist\u00f3rica precisava ser preenchida e essa foi a oportunidade para a renomada Professora Iris Am\u00e2ncio estabelecer uma parceria de sucesso imediato com o Coletivo Preta SOU \u2013 Mulheres Negras de Muria\u00e9, para dar in\u00edcio ao projeto.<\/p>\n<p><!--more--><\/p>\n<p><a href=\"http:\/\/folhadosudeste.com\/site\/wp-content\/uploads\/2023\/06\/DSC_0220.jpg\"><img loading=\"lazy\" decoding=\"async\" class=\"alignnone size-full wp-image-88309\" src=\"http:\/\/folhadosudeste.com\/site\/wp-content\/uploads\/2023\/06\/DSC_0220.jpg\" alt=\"\" width=\"2048\" height=\"1365\" srcset=\"http:\/\/folhadosudeste.com\/site\/wp-content\/uploads\/2023\/06\/DSC_0220.jpg 2048w, http:\/\/folhadosudeste.com\/site\/wp-content\/uploads\/2023\/06\/DSC_0220-300x200.jpg 300w, http:\/\/folhadosudeste.com\/site\/wp-content\/uploads\/2023\/06\/DSC_0220-768x512.jpg 768w, http:\/\/folhadosudeste.com\/site\/wp-content\/uploads\/2023\/06\/DSC_0220-1024x683.jpg 1024w, http:\/\/folhadosudeste.com\/site\/wp-content\/uploads\/2023\/06\/DSC_0220-120x80.jpg 120w, http:\/\/folhadosudeste.com\/site\/wp-content\/uploads\/2023\/06\/DSC_0220-345x230.jpg 345w\" sizes=\"auto, (max-width: 2048px) 100vw, 2048px\" \/><\/a><\/p>\n<p>O diferencial da marca \u00e9 justamente atender especificamente este p\u00fablico, j\u00e1 que os modelos s\u00e3o confeccionados em conformidade com os diversos tons de pele negra e a anatomia da musculatura das mamas e regi\u00e3o abdominal delas, com suti\u00e3s e calcinhas obedecendo este formato.<\/p>\n<p>&nbsp;<\/p>\n<p>Iris Am\u00e2ncio \u00e9 muriaeense e voltou \u00e0 sua terra natal em 2017, quando percebeu que a cidade n\u00e3o atendia prontamente as mulheres negras em suas necessidades de escolher roupas \u00edntimas que se adequem especificamente a elas. Essa foi a oportunidade de idealizar o projeto. &#8220;Tenho a confian\u00e7a de que a grife impactar\u00e1 de forma muito positiva na autoestima e empoderamento das mulheres negras de Muria\u00e9 e regi\u00e3o, reconhecendo e valorizando a diversidade e as caracter\u00edsticas \u00fanicas de cada uma, proporcionando-lhes produtos de qualidade que atendam \u00e0s suas necessidades espec\u00edficas. N\u00f3s temos que enfrentar diariamente o racismo, at\u00e9 mesmo no segmento das lingeries. Se isso era um problema, agora acabou&#8221;, explica.<\/p>\n<p><a href=\"http:\/\/folhadosudeste.com\/site\/wp-content\/uploads\/2023\/06\/DSC_0362.jpg\"><img loading=\"lazy\" decoding=\"async\" class=\"alignnone size-full wp-image-88310\" src=\"http:\/\/folhadosudeste.com\/site\/wp-content\/uploads\/2023\/06\/DSC_0362.jpg\" alt=\"\" width=\"2048\" height=\"1365\" srcset=\"http:\/\/folhadosudeste.com\/site\/wp-content\/uploads\/2023\/06\/DSC_0362.jpg 2048w, http:\/\/folhadosudeste.com\/site\/wp-content\/uploads\/2023\/06\/DSC_0362-300x200.jpg 300w, http:\/\/folhadosudeste.com\/site\/wp-content\/uploads\/2023\/06\/DSC_0362-768x512.jpg 768w, http:\/\/folhadosudeste.com\/site\/wp-content\/uploads\/2023\/06\/DSC_0362-1024x683.jpg 1024w, http:\/\/folhadosudeste.com\/site\/wp-content\/uploads\/2023\/06\/DSC_0362-120x80.jpg 120w, http:\/\/folhadosudeste.com\/site\/wp-content\/uploads\/2023\/06\/DSC_0362-345x230.jpg 345w\" sizes=\"auto, (max-width: 2048px) 100vw, 2048px\" \/><\/a><\/p>\n<p>A Pret@ de Fibra a partir de agora se destaca como um s\u00edmbolo de inclus\u00e3o, representatividade, valoriza\u00e7\u00e3o da beleza negra e desafio aos estere\u00f3tipos da ind\u00fastria da moda, na perspectiva do Empreendedorismo de Mulheres.<\/p>\n<p><a href=\"http:\/\/folhadosudeste.com\/site\/wp-content\/uploads\/2023\/06\/DSC_0341.jpg\"><img loading=\"lazy\" decoding=\"async\" class=\"alignnone size-full wp-image-88311\" src=\"http:\/\/folhadosudeste.com\/site\/wp-content\/uploads\/2023\/06\/DSC_0341.jpg\" alt=\"\" width=\"2048\" height=\"1365\" srcset=\"http:\/\/folhadosudeste.com\/site\/wp-content\/uploads\/2023\/06\/DSC_0341.jpg 2048w, http:\/\/folhadosudeste.com\/site\/wp-content\/uploads\/2023\/06\/DSC_0341-300x200.jpg 300w, http:\/\/folhadosudeste.com\/site\/wp-content\/uploads\/2023\/06\/DSC_0341-768x512.jpg 768w, http:\/\/folhadosudeste.com\/site\/wp-content\/uploads\/2023\/06\/DSC_0341-1024x683.jpg 1024w, http:\/\/folhadosudeste.com\/site\/wp-content\/uploads\/2023\/06\/DSC_0341-120x80.jpg 120w, http:\/\/folhadosudeste.com\/site\/wp-content\/uploads\/2023\/06\/DSC_0341-345x230.jpg 345w\" sizes=\"auto, (max-width: 2048px) 100vw, 2048px\" \/><\/a> <a href=\"http:\/\/folhadosudeste.com\/site\/wp-content\/uploads\/2023\/06\/DSC_0228.jpg\"><img loading=\"lazy\" decoding=\"async\" class=\"alignnone size-full wp-image-88312\" src=\"http:\/\/folhadosudeste.com\/site\/wp-content\/uploads\/2023\/06\/DSC_0228.jpg\" alt=\"\" width=\"2048\" height=\"1365\" srcset=\"http:\/\/folhadosudeste.com\/site\/wp-content\/uploads\/2023\/06\/DSC_0228.jpg 2048w, http:\/\/folhadosudeste.com\/site\/wp-content\/uploads\/2023\/06\/DSC_0228-300x200.jpg 300w, http:\/\/folhadosudeste.com\/site\/wp-content\/uploads\/2023\/06\/DSC_0228-768x512.jpg 768w, http:\/\/folhadosudeste.com\/site\/wp-content\/uploads\/2023\/06\/DSC_0228-1024x683.jpg 1024w, http:\/\/folhadosudeste.com\/site\/wp-content\/uploads\/2023\/06\/DSC_0228-120x80.jpg 120w, http:\/\/folhadosudeste.com\/site\/wp-content\/uploads\/2023\/06\/DSC_0228-345x230.jpg 345w\" sizes=\"auto, (max-width: 2048px) 100vw, 2048px\" \/><\/a> <a href=\"http:\/\/folhadosudeste.com\/site\/wp-content\/uploads\/2023\/06\/DSC_0235.jpg\"><img loading=\"lazy\" decoding=\"async\" class=\"alignnone size-full wp-image-88313\" src=\"http:\/\/folhadosudeste.com\/site\/wp-content\/uploads\/2023\/06\/DSC_0235.jpg\" alt=\"\" width=\"2048\" height=\"1365\" srcset=\"http:\/\/folhadosudeste.com\/site\/wp-content\/uploads\/2023\/06\/DSC_0235.jpg 2048w, http:\/\/folhadosudeste.com\/site\/wp-content\/uploads\/2023\/06\/DSC_0235-300x200.jpg 300w, http:\/\/folhadosudeste.com\/site\/wp-content\/uploads\/2023\/06\/DSC_0235-768x512.jpg 768w, http:\/\/folhadosudeste.com\/site\/wp-content\/uploads\/2023\/06\/DSC_0235-1024x683.jpg 1024w, http:\/\/folhadosudeste.com\/site\/wp-content\/uploads\/2023\/06\/DSC_0235-120x80.jpg 120w, http:\/\/folhadosudeste.com\/site\/wp-content\/uploads\/2023\/06\/DSC_0235-345x230.jpg 345w\" sizes=\"auto, (max-width: 2048px) 100vw, 2048px\" \/><\/a> <a href=\"http:\/\/folhadosudeste.com\/site\/wp-content\/uploads\/2023\/06\/DSC_0247.jpg\"><img loading=\"lazy\" decoding=\"async\" class=\"alignnone size-full wp-image-88314\" src=\"http:\/\/folhadosudeste.com\/site\/wp-content\/uploads\/2023\/06\/DSC_0247.jpg\" alt=\"\" width=\"2048\" height=\"1365\" srcset=\"http:\/\/folhadosudeste.com\/site\/wp-content\/uploads\/2023\/06\/DSC_0247.jpg 2048w, http:\/\/folhadosudeste.com\/site\/wp-content\/uploads\/2023\/06\/DSC_0247-300x200.jpg 300w, http:\/\/folhadosudeste.com\/site\/wp-content\/uploads\/2023\/06\/DSC_0247-768x512.jpg 768w, http:\/\/folhadosudeste.com\/site\/wp-content\/uploads\/2023\/06\/DSC_0247-1024x683.jpg 1024w, http:\/\/folhadosudeste.com\/site\/wp-content\/uploads\/2023\/06\/DSC_0247-120x80.jpg 120w, http:\/\/folhadosudeste.com\/site\/wp-content\/uploads\/2023\/06\/DSC_0247-345x230.jpg 345w\" sizes=\"auto, (max-width: 2048px) 100vw, 2048px\" \/><\/a> <a href=\"http:\/\/folhadosudeste.com\/site\/wp-content\/uploads\/2023\/06\/DSC_0262.jpg\"><img loading=\"lazy\" decoding=\"async\" class=\"alignnone size-full wp-image-88315\" src=\"http:\/\/folhadosudeste.com\/site\/wp-content\/uploads\/2023\/06\/DSC_0262.jpg\" alt=\"\" width=\"2048\" height=\"1365\" srcset=\"http:\/\/folhadosudeste.com\/site\/wp-content\/uploads\/2023\/06\/DSC_0262.jpg 2048w, http:\/\/folhadosudeste.com\/site\/wp-content\/uploads\/2023\/06\/DSC_0262-300x200.jpg 300w, http:\/\/folhadosudeste.com\/site\/wp-content\/uploads\/2023\/06\/DSC_0262-768x512.jpg 768w, http:\/\/folhadosudeste.com\/site\/wp-content\/uploads\/2023\/06\/DSC_0262-1024x683.jpg 1024w, http:\/\/folhadosudeste.com\/site\/wp-content\/uploads\/2023\/06\/DSC_0262-120x80.jpg 120w, http:\/\/folhadosudeste.com\/site\/wp-content\/uploads\/2023\/06\/DSC_0262-345x230.jpg 345w\" sizes=\"auto, (max-width: 2048px) 100vw, 2048px\" \/><\/a> <a href=\"http:\/\/folhadosudeste.com\/site\/wp-content\/uploads\/2023\/06\/DSC_0267.jpg\"><img loading=\"lazy\" decoding=\"async\" class=\"alignnone size-full wp-image-88316\" src=\"http:\/\/folhadosudeste.com\/site\/wp-content\/uploads\/2023\/06\/DSC_0267.jpg\" alt=\"\" width=\"2048\" height=\"1365\" srcset=\"http:\/\/folhadosudeste.com\/site\/wp-content\/uploads\/2023\/06\/DSC_0267.jpg 2048w, http:\/\/folhadosudeste.com\/site\/wp-content\/uploads\/2023\/06\/DSC_0267-300x200.jpg 300w, http:\/\/folhadosudeste.com\/site\/wp-content\/uploads\/2023\/06\/DSC_0267-768x512.jpg 768w, http:\/\/folhadosudeste.com\/site\/wp-content\/uploads\/2023\/06\/DSC_0267-1024x683.jpg 1024w, http:\/\/folhadosudeste.com\/site\/wp-content\/uploads\/2023\/06\/DSC_0267-120x80.jpg 120w, http:\/\/folhadosudeste.com\/site\/wp-content\/uploads\/2023\/06\/DSC_0267-345x230.jpg 345w\" sizes=\"auto, (max-width: 2048px) 100vw, 2048px\" \/><\/a> <a href=\"http:\/\/folhadosudeste.com\/site\/wp-content\/uploads\/2023\/06\/DSC_0277.jpg\"><img loading=\"lazy\" decoding=\"async\" class=\"alignnone size-full wp-image-88317\" src=\"http:\/\/folhadosudeste.com\/site\/wp-content\/uploads\/2023\/06\/DSC_0277.jpg\" alt=\"\" width=\"2048\" height=\"1365\" srcset=\"http:\/\/folhadosudeste.com\/site\/wp-content\/uploads\/2023\/06\/DSC_0277.jpg 2048w, http:\/\/folhadosudeste.com\/site\/wp-content\/uploads\/2023\/06\/DSC_0277-300x200.jpg 300w, http:\/\/folhadosudeste.com\/site\/wp-content\/uploads\/2023\/06\/DSC_0277-768x512.jpg 768w, http:\/\/folhadosudeste.com\/site\/wp-content\/uploads\/2023\/06\/DSC_0277-1024x683.jpg 1024w, http:\/\/folhadosudeste.com\/site\/wp-content\/uploads\/2023\/06\/DSC_0277-120x80.jpg 120w, http:\/\/folhadosudeste.com\/site\/wp-content\/uploads\/2023\/06\/DSC_0277-345x230.jpg 345w\" sizes=\"auto, (max-width: 2048px) 100vw, 2048px\" \/><\/a><\/p>\n","protected":false},"excerpt":{"rendered":"<p>Muria\u00e9 foi mais uma vez agraciada com a oportunidade de protagonizar um momento hist\u00f3rico, refor\u00e7ando sua qualidade como munic\u00edpio reconhecido como Polo da Moda e seu destaque na consolida\u00e7\u00e3o e respeito \u00e0 diversidade cultural. No \u00faltimo s\u00e1bado 27 de maio, aconteceu o lan\u00e7amento da Pret@ de Fibra, com um bel\u00edssimo desfile, que aconteceu no 4\u00ba [&hellip;]<\/p>\n","protected":false},"author":6,"featured_media":0,"comment_status":"open","ping_status":"closed","sticky":false,"template":"","format":"standard","meta":{"_joinchat":[],"footnotes":""},"categories":[1],"tags":[],"class_list":["post-88306","post","type-post","status-publish","format-standard","hentry","category-sem-categoria"],"_links":{"self":[{"href":"http:\/\/folhadosudeste.com\/site\/index.php?rest_route=\/wp\/v2\/posts\/88306","targetHints":{"allow":["GET"]}}],"collection":[{"href":"http:\/\/folhadosudeste.com\/site\/index.php?rest_route=\/wp\/v2\/posts"}],"about":[{"href":"http:\/\/folhadosudeste.com\/site\/index.php?rest_route=\/wp\/v2\/types\/post"}],"author":[{"embeddable":true,"href":"http:\/\/folhadosudeste.com\/site\/index.php?rest_route=\/wp\/v2\/users\/6"}],"replies":[{"embeddable":true,"href":"http:\/\/folhadosudeste.com\/site\/index.php?rest_route=%2Fwp%2Fv2%2Fcomments&post=88306"}],"version-history":[{"count":1,"href":"http:\/\/folhadosudeste.com\/site\/index.php?rest_route=\/wp\/v2\/posts\/88306\/revisions"}],"predecessor-version":[{"id":88318,"href":"http:\/\/folhadosudeste.com\/site\/index.php?rest_route=\/wp\/v2\/posts\/88306\/revisions\/88318"}],"wp:attachment":[{"href":"http:\/\/folhadosudeste.com\/site\/index.php?rest_route=%2Fwp%2Fv2%2Fmedia&parent=88306"}],"wp:term":[{"taxonomy":"category","embeddable":true,"href":"http:\/\/folhadosudeste.com\/site\/index.php?rest_route=%2Fwp%2Fv2%2Fcategories&post=88306"},{"taxonomy":"post_tag","embeddable":true,"href":"http:\/\/folhadosudeste.com\/site\/index.php?rest_route=%2Fwp%2Fv2%2Ftags&post=88306"}],"curies":[{"name":"wp","href":"https:\/\/api.w.org\/{rel}","templated":true}]}}