{"id":3749,"date":"2014-06-02T20:43:06","date_gmt":"2014-06-02T20:43:06","guid":{"rendered":"http:\/\/folhadosudeste.com\/site\/?p=3749"},"modified":"2014-06-25T11:51:35","modified_gmt":"2014-06-25T11:51:35","slug":"senac-ira-oferecer-oficinas-durante-gastronomia-na-serra-de-pirapanema","status":"publish","type":"post","link":"https:\/\/folhadosudeste.com\/site\/?p=3749","title":{"rendered":"Senac ir\u00e1 oferecer oficinas durante \u201cGastronomia na Serra de Pirapanema\u201d"},"content":{"rendered":"<p>&nbsp;<\/p>\n<p><a href=\"http:\/\/folhadosudeste.com\/site\/wp-content\/uploads\/2014\/06\/oficina-senac2.jpg\"><img loading=\"lazy\" decoding=\"async\" class=\"aligncenter size-full wp-image-3750\" alt=\"oficina senac2\" src=\"http:\/\/folhadosudeste.com\/site\/wp-content\/uploads\/2014\/06\/oficina-senac2.jpg\" width=\"600\" height=\"399\" srcset=\"https:\/\/folhadosudeste.com\/site\/wp-content\/uploads\/2014\/06\/oficina-senac2.jpg 600w, https:\/\/folhadosudeste.com\/site\/wp-content\/uploads\/2014\/06\/oficina-senac2-300x199.jpg 300w\" sizes=\"auto, (max-width: 600px) 100vw, 600px\" \/><\/a> <a href=\"http:\/\/folhadosudeste.com\/site\/wp-content\/uploads\/2014\/06\/senac.jpg\"><img loading=\"lazy\" decoding=\"async\" class=\"aligncenter size-full wp-image-3751\" alt=\"senac\" src=\"http:\/\/folhadosudeste.com\/site\/wp-content\/uploads\/2014\/06\/senac.jpg\" width=\"751\" height=\"534\" srcset=\"https:\/\/folhadosudeste.com\/site\/wp-content\/uploads\/2014\/06\/senac.jpg 751w, https:\/\/folhadosudeste.com\/site\/wp-content\/uploads\/2014\/06\/senac-300x213.jpg 300w\" sizes=\"auto, (max-width: 751px) 100vw, 751px\" \/><\/a><\/p>\n<p style=\"text-align: justify;\"><b>Senac ir\u00e1 oferecer oficinas durante \u201cGastronomia na Serra de Pirapanema\u201d<\/b><\/p>\n<p style=\"text-align: justify;\">Entre os dias 05 e 08 de junho Muria\u00e9 ir\u00e1 sediar a 4\u00aa edi\u00e7\u00e3o do festival \u201cGastronomia na Serra de Pirapanema\u201d, um evento que visa promover a valoriza\u00e7\u00e3o da cultura e do turismo rural, incentivando, ainda, o com\u00e9rcio e a economia do distrito e da \u00e1rea urbana.<\/p>\n<p style=\"text-align: justify;\">Um dos grandes parceiros desta iniciativa \u00e9 o Senac-MG que, como apoiador educacional, ir\u00e1 trazer sua cozinha m\u00f3vel \u2013 uma carreta-escola, na verdade \u2013, na qual ser\u00e3o oferecidas, entre sexta-feira (06) e domingo (08), Oficinas de Gastronomia gratuitas.<\/p>\n<p style=\"text-align: justify;\">Os interessados em participar devem se inscrever com os monitores do \u201cGastronomia na Serra\u201d meia hora antes do come\u00e7o das oficinas. Os monitores estar\u00e3o no receptivo da Fundarte, com blusas especiais do evento.<\/p>\n<p style=\"text-align: justify;\">O festival \u00e9 uma realiza\u00e7\u00e3o da Prefeitura Municipal de Muria\u00e9, atrav\u00e9s da Secretaria Municipal de Turismo, da Secretaria Municipal de Esporte, Lazer e Juventude, e da Fundarte, por meio da Lei Estadual de Incentivo \u00e0 Cultura do Governo de Minas, e com patroc\u00ednio do Grupo Energisa.<\/p>\n<p style=\"text-align: justify;\"><b><i><span style=\"text-decoration: underline;\">Confira, abaixo, as oficinas que ser\u00e3o oferecidas pelo Senac<\/span><\/i><\/b><b><i>:<\/i><\/b><\/p>\n<p style=\"text-align: justify;\"><b>06 de junho \u2013 sexta-feira<\/b><\/p>\n<p style=\"text-align: justify;\">18h30 &#8211; Oficina Senac \u2013 Coquet\u00e9is: T\u00e9cnicas B\u00e1sicas de Preparo, com Rafael Acrani<\/p>\n<p style=\"text-align: justify;\"><b>Dia 07 de junho \u2013 s\u00e1bado<\/b><\/p>\n<p style=\"text-align: justify;\">14h &#8211; Oficina de Gastronomia Senac \u201cA Arte na Cozinha\u201d &#8211;\u00a0 Tema \u201cComida Mineira Contempor\u00e2nea e o Caf\u00e9\u201d, com Laudinei Tadeu do Carmo<\/p>\n<p style=\"text-align: justify;\">18h &#8211; Oficina de Gastronomia Senac \u201cA Arte na Cozinha\u201d &#8211; Tema \u201cComida Mineira Contempor\u00e2nea e o Caf\u00e9\u201d, com Laudinei Tadeu do Carmo<\/p>\n<p style=\"text-align: justify;\"><b>Dia 08 de junho \u2013 domingo<\/b><\/p>\n<p style=\"text-align: justify;\">15h &#8211; Oficina Senac &#8211; Coquet\u00e9is \u2013 T\u00e9cnicas B\u00e1sicas de Preparo, com Rafael Acrani<\/p>\n<p style=\"text-align: justify;\">Fonte:\u00a0Circuito Cultural GHM<\/p>\n","protected":false},"excerpt":{"rendered":"<p>&nbsp; Senac ir\u00e1 oferecer oficinas durante \u201cGastronomia na Serra de Pirapanema\u201d Entre os dias 05 e 08 de junho Muria\u00e9 ir\u00e1 sediar a 4\u00aa edi\u00e7\u00e3o do festival \u201cGastronomia na Serra de Pirapanema\u201d, um evento que visa promover a valoriza\u00e7\u00e3o da cultura e do turismo rural, incentivando, ainda, o com\u00e9rcio e a economia do distrito e [&hellip;]<\/p>\n","protected":false},"author":4,"featured_media":3751,"comment_status":"open","ping_status":"closed","sticky":false,"template":"","format":"standard","meta":{"_joinchat":[],"footnotes":""},"categories":[1],"tags":[],"class_list":["post-3749","post","type-post","status-publish","format-standard","has-post-thumbnail","hentry","category-sem-categoria"],"_links":{"self":[{"href":"https:\/\/folhadosudeste.com\/site\/index.php?rest_route=\/wp\/v2\/posts\/3749","targetHints":{"allow":["GET"]}}],"collection":[{"href":"https:\/\/folhadosudeste.com\/site\/index.php?rest_route=\/wp\/v2\/posts"}],"about":[{"href":"https:\/\/folhadosudeste.com\/site\/index.php?rest_route=\/wp\/v2\/types\/post"}],"author":[{"embeddable":true,"href":"https:\/\/folhadosudeste.com\/site\/index.php?rest_route=\/wp\/v2\/users\/4"}],"replies":[{"embeddable":true,"href":"https:\/\/folhadosudeste.com\/site\/index.php?rest_route=%2Fwp%2Fv2%2Fcomments&post=3749"}],"version-history":[{"count":1,"href":"https:\/\/folhadosudeste.com\/site\/index.php?rest_route=\/wp\/v2\/posts\/3749\/revisions"}],"predecessor-version":[{"id":3753,"href":"https:\/\/folhadosudeste.com\/site\/index.php?rest_route=\/wp\/v2\/posts\/3749\/revisions\/3753"}],"wp:featuredmedia":[{"embeddable":true,"href":"https:\/\/folhadosudeste.com\/site\/index.php?rest_route=\/wp\/v2\/media\/3751"}],"wp:attachment":[{"href":"https:\/\/folhadosudeste.com\/site\/index.php?rest_route=%2Fwp%2Fv2%2Fmedia&parent=3749"}],"wp:term":[{"taxonomy":"category","embeddable":true,"href":"https:\/\/folhadosudeste.com\/site\/index.php?rest_route=%2Fwp%2Fv2%2Fcategories&post=3749"},{"taxonomy":"post_tag","embeddable":true,"href":"https:\/\/folhadosudeste.com\/site\/index.php?rest_route=%2Fwp%2Fv2%2Ftags&post=3749"}],"curies":[{"name":"wp","href":"https:\/\/api.w.org\/{rel}","templated":true}]}}