{"id":3754,"date":"2014-06-02T20:47:56","date_gmt":"2014-06-02T20:47:56","guid":{"rendered":"http:\/\/folhadosudeste.com\/site\/?p=3754"},"modified":"2014-06-25T11:51:35","modified_gmt":"2014-06-25T11:51:35","slug":"minas-esta-preparada-para-atender-demanda-de-energia-durante-a-copa-do-mundo","status":"publish","type":"post","link":"https:\/\/folhadosudeste.com\/site\/?p=3754","title":{"rendered":"Minas est\u00e1 preparada para atender demanda de energia durante a Copa do Mundo"},"content":{"rendered":"<h2 style=\"text-align: justify;\" align=\"center\">Minas est\u00e1 preparada para atender demanda de energia durante a Copa do Mundo<\/h2>\n<p style=\"text-align: justify;\" align=\"center\">Al\u00e9m de contar com o 1\u00ba est\u00e1dio com usina solar da hist\u00f3ria do Mundial, Estado realizou obras no sistema el\u00e9trico,<br \/>\nque garantir\u00e3o atendimento no per\u00edodo do torneio<\/p>\n<p style=\"text-align: justify;\">Al\u00e9m da conclus\u00e3o de todo o planejamento nas \u00e1reas de seguran\u00e7a, sa\u00fade e mobilidade, Minas Gerais est\u00e1 preparada para receber a Copa do Mundo do ponto de vista de outro setor: a energia. Al\u00e9m de o Mineir\u00e3o, palco de seis partidas do Mundial, ser o primeiro est\u00e1dio da hist\u00f3ria da Copa do Mundo a utilizar energia solar, os investimentos da\u00a0<a href=\"http:\/\/www.cemig.com.br\/\" target=\"_blank\">Companhia Energ\u00e9tica de Minas Gerais (Cemig)<\/a>\u00a0na capital mineira e na Regi\u00e3o Metropolitana de Belo Horizonte (RMBH) ultrapassam R$ 500 milh\u00f5es. As obras realizadas pela Cemig foram antecipadas a fim de garantir a confiabilidade do sistema el\u00e9trico durante a realiza\u00e7\u00e3o do Mundial e j\u00e1 estavam previstas no plano de investimentos da empresa, o que vai garantir um importante legado para a popula\u00e7\u00e3o mineira nos pr\u00f3ximos anos.<\/p>\n<p style=\"text-align: justify;\">Entre as interven\u00e7\u00f5es executadas pela Cemig est\u00e1 a constru\u00e7\u00e3o de duas subesta\u00e7\u00f5es, que adicionam ao sistema el\u00e9trico da RMBH energia suficiente para abastecer uma cidade de porte m\u00e9dio, como Barbacena, que tem mais de 130 mil habitantes. Al\u00e9m disso, foram reformadas outras quatro subesta\u00e7\u00f5es e implantados 72 quil\u00f4metros de linhas de distribui\u00e7\u00e3o de alta tens\u00e3o. \u201cOs investimentos j\u00e1 realizados asseguram o abastecimento ininterrupto de energia ao Mineir\u00e3o e o atendimento ao aumento da demanda na capital e na Regi\u00e3o Metropolitana de Belo Horizonte durante o torneio\u201d, destaca o superintendente de Opera\u00e7\u00e3o e Manuten\u00e7\u00e3o da Distribui\u00e7\u00e3o da Cemig, Danilo Gusm\u00e3o Ara\u00fajo.<\/p>\n<p style=\"text-align: justify;\">A Cemig identificou os locais priorit\u00e1rios para atendimento durante o torneio, como o Mineir\u00e3o, os centros oficiais de treinamento da FIFA, hot\u00e9is credenciados pela entidade, pontos ligados ao transporte p\u00fablico e mobilidade urbana, principais hospitais de pronto atendimento e \u00e1rea da Belo Horizonte FAN Fest, no Expominas, no bairro Gameleira. O trabalho da companhia envolveu inspe\u00e7\u00f5es nas linhas e subesta\u00e7\u00f5es essenciais para suprimento ao evento, poda de \u00e1rvores e limpeza das faixas de servid\u00e3o sob linhas de distribui\u00e7\u00e3o. Ficar\u00e3o dispon\u00edveis, ainda, 15 subesta\u00e7\u00f5es m\u00f3veis, visando ao atendimento a situa\u00e7\u00f5es emergenciais e de manuten\u00e7\u00e3o programada a grandes blocos de carga. Um teste no sistema de transfer\u00eancia autom\u00e1tica de energia para o Mineir\u00e3o tamb\u00e9m foi realizado pela empresa.<\/p>\n<p style=\"text-align: justify;\">O diretor de distribui\u00e7\u00e3o e comercializa\u00e7\u00e3o da Cemig, Ricardo Charbel, afirma que o trabalho da empresa com foco na Copa do Mundo teve in\u00edcio h\u00e1 dois anos e que todo este planejamento j\u00e1 est\u00e1 resultando em benef\u00edcios para a popula\u00e7\u00e3o mineira. \u201cDesde 2012, a Cemig investe no sistema el\u00e9trico com foco na Copa. Em toda a RMBH, al\u00e9m do benef\u00edcio direto aos locais ligados ao evento, os investimentos propiciaram maior disponibilidade de m\u00e3o-de-obra especializada para emerg\u00eancias. As obras nas redes subterr\u00e2neas da capital tamb\u00e9m s\u00e3o importantes, pois objetivam a atualiza\u00e7\u00e3o tecnol\u00f3gica dos equipamentos, o atendimento a novos empreendimentos da regi\u00e3o Centro-Sul, como hot\u00e9is e restaurantes, e a adequa\u00e7\u00e3o do sistema el\u00e9trico da cidade \u00e0s demandas adicionais de energia durante o Mundial\u201d, explicou Charbel.<\/p>\n<p style=\"text-align: justify;\"><strong>Energia solar do est\u00e1dio \u00e9 inspirada em modelos europeus<\/strong><\/p>\n<p style=\"text-align: justify;\">A partida entre Col\u00f4mbia e Gr\u00e9cia, que ser\u00e1 realizada no dia 14 de junho no Mineir\u00e3o, marcar\u00e1 a primeira vez que um jogo da Copa do Mundo, competi\u00e7\u00e3o esportiva de maior audi\u00eancia do planeta, acontece em um est\u00e1dio com uma usina solar em pleno funcionamento. A Usina Solar Fotovoltaica do Mineir\u00e3o, constru\u00edda pela Cemig em parceria com a Minas Arena \u2013 empresa que administra o est\u00e1dio por meio de Parceria P\u00fablico Privada (PPP) \u2013 e o banco alem\u00e3o KfW, est\u00e1 injetando, no sistema de distribui\u00e7\u00e3o da Cemig, mais de 1 MW, o suficiente para abastecer cerca de 1,2 mil resid\u00eancias de m\u00e9dio porte. Conforme o acordo estabelecido na parceria firmada com a Minas Arena, 10% da energia gerada retorna para ser utilizada dentro do est\u00e1dio na Pampulha.<\/p>\n<p style=\"text-align: justify;\">Com uma pot\u00eancia de 1,42 MWp (megawatts-pico) e cerca de 6 mil m\u00f3dulos fotovoltaicos, a unidade \u00e9 a maior usina em cobertura do pa\u00eds e uma das maiores instaladas em arenas esportivas do mundo. A iniciativa de instalar uma central geradora de energia limpa no Mineir\u00e3o foi inspirada nos est\u00e1dios de Freiburg, considerada a capital solar da Alemanha, e de Berna, na Su\u00ed\u00e7a, al\u00e9m dos est\u00e1dios solares constru\u00eddos para a Eurocopa, torneio continental de futebol da Europa, em 2008. Foram instalados, na \u00e1rea \u00fatil da cobertura do est\u00e1dio, 5.910 pain\u00e9is solares com pot\u00eancia de 240 Wp cada um. A energia gerada ser\u00e1 de 1.825 MWh\/ano.<\/p>\n<p style=\"text-align: justify;\"><strong>Energia t\u00e9cnica ser\u00e1 destinada \u00e0 demanda para transmiss\u00f5es de TV<\/strong><\/p>\n<p style=\"text-align: justify;\">A oferta e a demanda de energia durante a Copa do Mundo, entretanto, n\u00e3o se resumem aos trabalhos e equipamentos da Cemig. Situa\u00e7\u00f5es pr\u00f3prias do evento da FIFA, como a transmiss\u00e3o das partidas para mais de 200 pa\u00edses do mundo, exigem o fornecimento de energia tempor\u00e1ria, a chamada energia t\u00e9cnica, trabalho que ser\u00e1 feito pela Aggreko, empresa contratada pela Federa\u00e7\u00e3o Internacional de Futebol para atender a demanda das 12 cidades-sede do Mundial. Al\u00e9m de fornecer energia para a transmiss\u00e3o feita pela m\u00eddia global, a Aggreko ser\u00e1 respons\u00e1vel pela energia utilizada nas placas de publicidade eletr\u00f4nica (LEDs), instaladas no entorno dos gramados dos est\u00e1dios.<\/p>\n<p style=\"text-align: justify;\">A capacidade total de energia que a Aggreko fornecer\u00e1 durante o Mundial ser\u00e1 de 50 MW, sendo 12 MW apenas a para o IBC (Centro de Imprensa da Copa do Mundo), no Rio de Janeiro, e 38 MW para as placas de LED e os Complexos de Transmiss\u00e3o Local em todos os est\u00e1dios. No Mineir\u00e3o, a Aggreko, que j\u00e1 trabalhou em cinco Copas do Mundo e nove Jogos Ol\u00edmpicos, instalou uma estrutura para o Complexo de Transmiss\u00e3o Local que vai fornecer 2MW de pot\u00eancia, o suficiente para abastecer cerca de 2 mil resid\u00eancias. A estrutura montada no Gigante da Pampulha inclui cinco geradores, 70 pain\u00e9is de distribui\u00e7\u00e3o de energia e dez quil\u00f4metros de cabos.<\/p>\n<p style=\"text-align: justify;\">O diretor-geral da Aggreko no Brasil, Pablo Valera, esteve em Belo Horizonte na \u00faltima semana para apresentar o trabalho da empresa na Copa do Mundo. Segundo ele, a institui\u00e7\u00e3o trabalha com uma boa margem de seguran\u00e7a. \u201cTemos cinco ou seis geradores em cada est\u00e1dio, mas dois seriam suficientes para fornecer toda a energia necess\u00e1ria. Os equipamentos trabalham de forma autom\u00e1tica. Se um falhar, o outro assume, imediatamente, a gera\u00e7\u00e3o de energia\u201d, explica. Valera aproveitou a passagem pela capital mineira para visitar o Mineir\u00e3o e conferir a estrutura montada pela Aggreko no est\u00e1dio.<\/p>\n<p style=\"text-align: justify;\">Fundada em 1962, a Aggreko, que conta com mais de 6 mil funcion\u00e1rios, possui mais de 50 anos de experi\u00eancia no fornecimento de solu\u00e7\u00f5es tempor\u00e1rias de energia, resfriamento de processos e climatiza\u00e7\u00e3o, e \u00e9 atualmente a l\u00edder mundial nesse setor. Na Am\u00e9rica Latina, a empresa conta hoje com opera\u00e7\u00f5es no Brasil, Chile, Argentina, Venezuela, Peru, Col\u00f4mbia, M\u00e9xico, Panam\u00e1 e Rep\u00fablica Dominicana. Presente no Brasil desde 2003, a empresa \u00e9 parceira de diversas institui\u00e7\u00f5es mineiras ou instaladas em Minas, principalmente na \u00e1rea de minera\u00e7\u00e3o.<\/p>\n<p style=\"text-align: justify;\">Fonte:SEGOV &#8211; Sup. Central de Imprensa &#8211; Gov<\/p>\n","protected":false},"excerpt":{"rendered":"<p>Minas est\u00e1 preparada para atender demanda de energia durante a Copa do Mundo Al\u00e9m de contar com o 1\u00ba est\u00e1dio com usina solar da hist\u00f3ria do Mundial, Estado realizou obras no sistema el\u00e9trico, que garantir\u00e3o atendimento no per\u00edodo do torneio Al\u00e9m da conclus\u00e3o de todo o planejamento nas \u00e1reas de seguran\u00e7a, sa\u00fade e mobilidade, Minas [&hellip;]<\/p>\n","protected":false},"author":4,"featured_media":0,"comment_status":"open","ping_status":"closed","sticky":false,"template":"","format":"standard","meta":{"_joinchat":[],"footnotes":""},"categories":[1],"tags":[],"class_list":["post-3754","post","type-post","status-publish","format-standard","hentry","category-sem-categoria"],"_links":{"self":[{"href":"https:\/\/folhadosudeste.com\/site\/index.php?rest_route=\/wp\/v2\/posts\/3754","targetHints":{"allow":["GET"]}}],"collection":[{"href":"https:\/\/folhadosudeste.com\/site\/index.php?rest_route=\/wp\/v2\/posts"}],"about":[{"href":"https:\/\/folhadosudeste.com\/site\/index.php?rest_route=\/wp\/v2\/types\/post"}],"author":[{"embeddable":true,"href":"https:\/\/folhadosudeste.com\/site\/index.php?rest_route=\/wp\/v2\/users\/4"}],"replies":[{"embeddable":true,"href":"https:\/\/folhadosudeste.com\/site\/index.php?rest_route=%2Fwp%2Fv2%2Fcomments&post=3754"}],"version-history":[{"count":1,"href":"https:\/\/folhadosudeste.com\/site\/index.php?rest_route=\/wp\/v2\/posts\/3754\/revisions"}],"predecessor-version":[{"id":3755,"href":"https:\/\/folhadosudeste.com\/site\/index.php?rest_route=\/wp\/v2\/posts\/3754\/revisions\/3755"}],"wp:attachment":[{"href":"https:\/\/folhadosudeste.com\/site\/index.php?rest_route=%2Fwp%2Fv2%2Fmedia&parent=3754"}],"wp:term":[{"taxonomy":"category","embeddable":true,"href":"https:\/\/folhadosudeste.com\/site\/index.php?rest_route=%2Fwp%2Fv2%2Fcategories&post=3754"},{"taxonomy":"post_tag","embeddable":true,"href":"https:\/\/folhadosudeste.com\/site\/index.php?rest_route=%2Fwp%2Fv2%2Ftags&post=3754"}],"curies":[{"name":"wp","href":"https:\/\/api.w.org\/{rel}","templated":true}]}}