{"id":3756,"date":"2014-06-03T10:52:16","date_gmt":"2014-06-03T10:52:16","guid":{"rendered":"http:\/\/folhadosudeste.com\/site\/?p=3756"},"modified":"2014-06-25T11:51:35","modified_gmt":"2014-06-25T11:51:35","slug":"veja-como-vai-ser-a-programacao-do-evento-gastronomia-na-serra","status":"publish","type":"post","link":"https:\/\/folhadosudeste.com\/site\/?p=3756","title":{"rendered":"Veja como vai ser a programa\u00e7\u00e3o do evento Gastronomia na Serra."},"content":{"rendered":"<p><a href=\"http:\/\/folhadosudeste.com\/site\/wp-content\/uploads\/2014\/06\/Logo-OFICAL-Gastronomia-Piarapanema-2014-4-edi\u00e7ao-2.jpg\"><img loading=\"lazy\" decoding=\"async\" class=\"aligncenter size-full wp-image-3757\" alt=\"Logo OFICAL Gastronomia Piarapanema 2014 4 edi\u00e7ao 2\" src=\"http:\/\/folhadosudeste.com\/site\/wp-content\/uploads\/2014\/06\/Logo-OFICAL-Gastronomia-Piarapanema-2014-4-edi\u00e7ao-2.jpg\" width=\"600\" height=\"405\" srcset=\"https:\/\/folhadosudeste.com\/site\/wp-content\/uploads\/2014\/06\/Logo-OFICAL-Gastronomia-Piarapanema-2014-4-edi\u00e7ao-2.jpg 600w, https:\/\/folhadosudeste.com\/site\/wp-content\/uploads\/2014\/06\/Logo-OFICAL-Gastronomia-Piarapanema-2014-4-edi\u00e7ao-2-300x202.jpg 300w, https:\/\/folhadosudeste.com\/site\/wp-content\/uploads\/2014\/06\/Logo-OFICAL-Gastronomia-Piarapanema-2014-4-edi\u00e7ao-2-290x195.jpg 290w\" sizes=\"auto, (max-width: 600px) 100vw, 600px\" \/><\/a><\/p>\n<div style=\"text-align: justify;\" align=\"center\"><strong><span style=\"font-size: xx-large;\">GASTRONOMIA NA SERRA<\/span><\/strong><\/div>\n<div style=\"text-align: justify;\" align=\"center\"><strong><span style=\"font-size: x-large;\">PIRAPANEMA &#8211; MURIA\u00c9 MG &#8211; 2014<\/span><\/strong><\/div>\n<div style=\"text-align: justify;\" align=\"center\"><strong><span style=\"font-size: x-large;\">4\u00aa edi\u00e7\u00e3o<\/span><\/strong><\/div>\n<div style=\"text-align: justify;\"><strong>Programa\u00e7\u00e3o:<\/strong><\/div>\n<div style=\"text-align: justify;\"><\/div>\n<div style=\"text-align: justify;\"><strong><span style=\"font-size: large;\">Dia 05 de junho \u2013 Quinta- Feira<\/span><\/strong><\/div>\n<div style=\"text-align: justify;\"><strong>19h30min &#8211; Abertura Oficial<br \/>\nApresenta\u00e7\u00e3o da Banda Sociedade Musical Uni\u00e3o dos Artistas<br \/>\nShow com Triunvirato Power Trio \u2013 Palco Gourmet<br \/>\nDegusta\u00e7\u00e3o de Queijos \u2013 CBR<br \/>\nDegusta\u00e7\u00e3o de Vinhos e Espumantes \u2013 Salton<br \/>\nLan\u00e7amento do Livro \u201cA Vida em Jazz\u201d de Frederico Furtado<br \/>\nExposi\u00e7\u00e3o e Venda de Artesanatos \u201cM\u00e3os que Criam\u201d<br \/>\nExposi\u00e7\u00e3o \u201cHist\u00f3ria da Gastronomia na Serra de Pirapanema\u201d &#8211; Fotos<br \/>\nExposi\u00e7\u00e3o de Orqu\u00eddeas \/ Exposi\u00e7\u00e3o e Venda de Livros \u201cVeredas\u201d<\/strong><\/div>\n<div style=\"text-align: justify;\"><strong><br \/>\n<span style=\"font-size: large;\">Dia 06 de Junho \u2013 Sexta-Feira<\/span><\/strong><\/div>\n<div style=\"text-align: justify;\"><strong>18h30min &#8211; Happy Hour &#8211; Show com Bruna Morena \u2013 Palco Gourmet<br \/>\nOficina SENAC \u2013 Coqueteis \u2013T\u00e9cnicas B\u00e1sicas \u2013 Rafael Acrani<br \/>\nShow com o Grupo Ouro de Minas \u2013 20h00 \u2013 Grande Palco<br \/>\nShow com Big Joe Manfra \u2013 23h00 \u2013 Grande Palco<\/strong><\/div>\n<div style=\"text-align: justify;\"><strong><span style=\"font-size: large;\">Dia 07 de Junho \u2013 S\u00e1bado\u00a0<\/span><\/strong><\/div>\n<div style=\"text-align: justify;\"><strong>08h00 Abertura do Open de Parapente &#8211; (1\u00ba Competi\u00e7\u00e3o)<br \/>\nShow com o Grupo \u201cA\u00ed Vem Eles\u201d \u2013 13h00 \u2013 Palco Gourmet<br \/>\nOficina de Gastronomia SENAC \u201cA Arte na Cozinha\u201d com Laudinei<br \/>\nTadeu do Carmo \u2013 14h00 e 18h00<br \/>\nShow com o Grupo \u201cCouro de Cascavel\u201d &#8211; 18h30min \u2013 Palco Gourmet<br \/>\nShow com o Grupo \u201cCouro &amp; Corda\u201d \u2013 20h00 \u2013 Grande Palco<br \/>\nShow com \u201cLouzada e Edmilson\u201d &#8211; 23h00 \u2013 Grande Palco<br \/>\nShow com \u201cAcoustic N\u2019 Roll\u201d \u2013 00h30min \u2013 Grande Palco<\/strong><\/div>\n<div style=\"text-align: justify;\"><strong><span style=\"font-size: large;\">Dia 08 de Junho \u2013 Domingo<\/span><\/strong><\/div>\n<div style=\"text-align: justify;\"><strong>Caminhada na Serra \u2013 Concentra\u00e7\u00e3o no Pavilh\u00e3o \u201cCaf\u00e9 com Arte\u201d &#8211; 07h30min \/ sa\u00edda 8h00<br \/>\nOpen de Parapente &#8211; (2\u00ba Competi\u00e7\u00e3o) \u2013 08h00<br \/>\n1\u00aa Oficina de Gastronomia Infantil com Glauco Sansoni \u2013 10h00<br \/>\n1\u00aa Conta\u00e7\u00e3o de Hist\u00f3rias com a Biblioteca Mun. Vivaldi Venceslaw Moreira<br \/>\n1\u00aa Oficina de Pintura para Crian\u00e7as<br \/>\n2\u00aa Oficina de Gastronomia Infantil com Glauco Sansoni \u2013 11h00<br \/>\n2\u00aa Conta\u00e7\u00e3o de Hist\u00f3rias com a Biblioteca Mun. Vivaldi Venceslaw Moreira<br \/>\n2\u00aa Oficina de Pintura para Crian\u00e7as &#8211; Tintas LuzColor<br \/>\nOficina de Gastronomia para Adultos com Glauco Sansoni \u2013 12h00<br \/>\nShow com Felipe Ven\u00e2ncio \u2013 Palco Gourmet &#8211; 13h00<br \/>\nShow com \u201cTrio&#8217; Clock\u201d \u2013 Palco Gourmet &#8211; 14h30<br \/>\nOficina SENAC de Drinks \u2013 15h00<br \/>\nEntrega da Premia\u00e7\u00e3o do Open de Parapente \u2013 16h00<br \/>\nOs Restaurantes estar\u00e3o abertos durante todo o festival<br \/>\nAs inscri\u00e7\u00f5es para as Oficinas podem ser feitas com<br \/>\nat\u00e9 30 minutos de anteced\u00eancia<br \/>\nParticipa\u00e7\u00e3o Especial Mestre Cervejeiro ITAIPAVA<\/strong><\/div>\n<div style=\"text-align: justify;\"><\/div>\n<div style=\"text-align: justify;\">Fonte:\u00a0Fundarte &#8211; Muria\u00e9<\/div>\n<p>&nbsp;<\/p>\n","protected":false},"excerpt":{"rendered":"<p>GASTRONOMIA NA SERRA PIRAPANEMA &#8211; MURIA\u00c9 MG &#8211; 2014 4\u00aa edi\u00e7\u00e3o Programa\u00e7\u00e3o: Dia 05 de junho \u2013 Quinta- Feira 19h30min &#8211; Abertura Oficial Apresenta\u00e7\u00e3o da Banda Sociedade Musical Uni\u00e3o dos Artistas Show com Triunvirato Power Trio \u2013 Palco Gourmet Degusta\u00e7\u00e3o de Queijos \u2013 CBR Degusta\u00e7\u00e3o de Vinhos e Espumantes \u2013 Salton Lan\u00e7amento do Livro \u201cA [&hellip;]<\/p>\n","protected":false},"author":4,"featured_media":3757,"comment_status":"open","ping_status":"closed","sticky":false,"template":"","format":"standard","meta":{"_joinchat":[],"footnotes":""},"categories":[1],"tags":[],"class_list":["post-3756","post","type-post","status-publish","format-standard","has-post-thumbnail","hentry","category-sem-categoria"],"_links":{"self":[{"href":"https:\/\/folhadosudeste.com\/site\/index.php?rest_route=\/wp\/v2\/posts\/3756","targetHints":{"allow":["GET"]}}],"collection":[{"href":"https:\/\/folhadosudeste.com\/site\/index.php?rest_route=\/wp\/v2\/posts"}],"about":[{"href":"https:\/\/folhadosudeste.com\/site\/index.php?rest_route=\/wp\/v2\/types\/post"}],"author":[{"embeddable":true,"href":"https:\/\/folhadosudeste.com\/site\/index.php?rest_route=\/wp\/v2\/users\/4"}],"replies":[{"embeddable":true,"href":"https:\/\/folhadosudeste.com\/site\/index.php?rest_route=%2Fwp%2Fv2%2Fcomments&post=3756"}],"version-history":[{"count":3,"href":"https:\/\/folhadosudeste.com\/site\/index.php?rest_route=\/wp\/v2\/posts\/3756\/revisions"}],"predecessor-version":[{"id":3760,"href":"https:\/\/folhadosudeste.com\/site\/index.php?rest_route=\/wp\/v2\/posts\/3756\/revisions\/3760"}],"wp:featuredmedia":[{"embeddable":true,"href":"https:\/\/folhadosudeste.com\/site\/index.php?rest_route=\/wp\/v2\/media\/3757"}],"wp:attachment":[{"href":"https:\/\/folhadosudeste.com\/site\/index.php?rest_route=%2Fwp%2Fv2%2Fmedia&parent=3756"}],"wp:term":[{"taxonomy":"category","embeddable":true,"href":"https:\/\/folhadosudeste.com\/site\/index.php?rest_route=%2Fwp%2Fv2%2Fcategories&post=3756"},{"taxonomy":"post_tag","embeddable":true,"href":"https:\/\/folhadosudeste.com\/site\/index.php?rest_route=%2Fwp%2Fv2%2Ftags&post=3756"}],"curies":[{"name":"wp","href":"https:\/\/api.w.org\/{rel}","templated":true}]}}