{"id":3761,"date":"2014-06-03T15:22:06","date_gmt":"2014-06-03T15:22:06","guid":{"rendered":"http:\/\/folhadosudeste.com\/site\/?p=3761"},"modified":"2014-06-25T11:51:35","modified_gmt":"2014-06-25T11:51:35","slug":"ocorrencias-de-destaque-muriae-03062014","status":"publish","type":"post","link":"https:\/\/folhadosudeste.com\/site\/?p=3761","title":{"rendered":"OCORR\u00caNCIAS DE DESTAQUE  MURIA\u00c9 \u2013 03\/06\/2014"},"content":{"rendered":"<p style=\"text-align: justify;\" align=\"center\"><b>OCORR\u00caNCIAS DE DESTAQUE<\/b><\/p>\n<p style=\"text-align: justify;\" align=\"center\"><b>MURIA\u00c9 \u2013 03\/06\/2014<\/b><\/p>\n<p style=\"text-align: justify;\" align=\"center\"><b>\u00a0<\/b><\/p>\n<p style=\"text-align: justify;\"><b>\u00a0\u00a0\u00a0\u00a0\u00a0\u00a0\u00a0\u00a0\u00a0\u00a0\u00a0 <\/b><b>\u00a0\u00a0\u00a0\u00a0\u00a0\u00a0\u00a0\u00a0\u00a0\u00a0\u00a0 75\u00aa CIA PM- CARANGOLA-MG<\/b><\/p>\n<p style=\"text-align: justify;\"><b>TR\u00c1FICO IL\u00cdCITO DE DROGAS EM CARANGOLA-MG.<\/b><\/p>\n<p style=\"text-align: justify;\">\u00a0\u00a0\u00a0\u00a0\u00a0\u00a0\u00a0\u00a0\u00a0\u00a0\u00a0 EM 02\/06\/2014, por volta das 14hs35min, pela Rua Vista Alegre, bairro Tri\u00e2ngulo, Zona Rural, militares depararam com o adolescente S.S.F., de 17 anos, conhecido traficante de drogas, conversando com dois indiv\u00edduos, e visualizaram o momento em que o adolescente entregou um pequeno objeto para um dos indiv\u00edduos. O adolescente infrator ao avistar a VP jogou no ch\u00e3o uma bucha de maconha e se posicionou para busca, sendo ainda localizado em seu bolso R$ 75,50 em moeda corrente. Os outros dois indiv\u00edduos conseguiram evadir, sendo que o adolescente infrator foi apreendido, e durante o registro do fato o adolescente infrator desacatou o policial militar com palavras de baixo cal\u00e3o e amea\u00e7ou-o de futura agress\u00e3o, sendo o fato lan\u00e7ado no relat\u00f3rio do registro evento de defesa social.<\/p>\n<p style=\"text-align: justify;\"><b>VE\u00cdCULO LOCALIZADO EM FARIA LEMOS -MG.<\/b><\/p>\n<p style=\"text-align: justify;\">\u00a0\u00a0\u00a0\u00a0\u00a0\u00a0\u00a0\u00a0\u00a0\u00a0\u00a0 Em 02\/06\/14, por volta das 13hs10min,\u00a0 a v\u00edtima A.S., de 21 anos, compareceu ao Destacamento Policial e relatou que teve sua motocicleta HONDA CG 125, LOR-2304, furtada no dia 30\/05\/14 em CARANGOLA, e que o autor teria evadido para a zona rural de FARIA LEMOS. Em rastreamento o autor J.B.S., de 22 anos, foi localizado escondendo a motocicleta em meio a uma propriedade rural, localizada no C\u00f3rrego Ponte Branca, Zona Rural, e ao ser abordado confirmou ser o autor do furto na cidade de Carangola, e que trocaria o ve\u00edculo por outro. O autor foi encaminhado \u00e0 delegacia de pol\u00edcia e o ve\u00edculo removido pelo p\u00e1tio credenciado do Detran.<\/p>\n<p style=\"text-align: justify;\"><b><i>\u00a0\u00a0\u00a0\u00a0\u00a0\u00a0\u00a0\u00a0\u00a0\u00a0\u00a0\u00a0\u00a0\u00a0\u00a0\u00a0\u00a0\u00a0\u00a0\u00a0\u00a0\u00a0\u00a0 76\u00aa CIA PM<\/i><\/b><b><i> \u2013 MURIA\u00c9<\/i><\/b><\/p>\n<p style=\"text-align: justify;\"><i>\u00a0<\/i><\/p>\n<p style=\"text-align: justify;\"><b>PORTE ILEGAL DE ARMA DE FOGO EM MURIA\u00c9- MG.<\/b><\/p>\n<p style=\"text-align: justify;\">\u00a0\u00a0\u00a0\u00a0\u00a0\u00a0\u00a0\u00a0\u00a0\u00a0\u00a0 Em 02\/06\/2014, por volta das 12hs41min, policiais militares em patrulhamento pela Vila Cavalier, bairro Aeroporto, avistaram um indiv\u00edduo alto, magro, moreno, trajando bermuda estampada e camisa branca, quando este avistou a Viatura Policial evadiu sentindo a um escad\u00e3o, e durante a fuga deixou cair pr\u00f3ximo a um matagal, a arma de fogo que portava, sendo uma Garrucha dois canos sem muni\u00e7\u00e3o, que foi\u00a0 apreendida, sendo que o autor n\u00e3o foi localizado.<\/p>\n<p style=\"text-align: justify;\"><b>CUMPRIMENTO DE MANDADO DE PRIS\u00c3O EM MURIA\u00c9-MG.<\/b><\/p>\n<p style=\"text-align: justify;\">\u00a0\u00a0\u00a0\u00a0\u00a0\u00a0\u00a0\u00a0\u00a0\u00a0\u00a0 Em 02\/06\/2014, por volta das 10hs35min, policiais militares em patrulhamento pela Rua Paschoal Bernardino, bairro Centro, abordaram em um ve\u00edculo o condutor E.C.B.F.,\u00a0 de 29 anos, e em consulta ao sistema informatizado, foi constatado que havia seu desfavor um mandado de pris\u00e3o em aberto. Ante ao exposto foi dado voz de pris\u00e3o ao envolvido o qual foi conduzido \u00e0 Delegacia de Pol\u00edcia.<\/p>\n<p style=\"text-align: justify;\"><b>VEICULO LOCALIZADO EM MURIA\u00c9-MG.<\/b><\/p>\n<p style=\"text-align: justify;\">\u00a0\u00a0\u00a0\u00a0\u00a0\u00a0\u00a0\u00a0\u00a0\u00a0\u00a0 Em 02\/06\/2014, por volta das 07hs20min, policiais militares ap\u00f3s den\u00fancia an\u00f4nima compareceram \u00e0 Rua Ant\u00f4nio Afonso Sobrinho, bairro Jos\u00e9 Cirilo, e depararam com o ve\u00edculo Caminh\u00e3o M.BENZ, modelo L 1518, ANO 1989, de cor branca, placa GQX-9122, PONTE NOVA-MG, aberto e com as chaves na igni\u00e7\u00e3o, e durante consulta oa sistema informatizado foi constatado que o ve\u00edculo foi roubado em PONTE NOVA no dia 31\/05\/2014, sendo o ve\u00edculo removido para o p\u00e1tio credenciado do Detran.<\/p>\n<p style=\"text-align: justify;\"><b>FURTO DE VE\u00cdCULO CONSUMADO E LOCALIZADO EM MURIA\u00c9-MG.<\/b><\/p>\n<p style=\"text-align: justify;\">\u00a0\u00a0\u00a0\u00a0\u00a0\u00a0\u00a0\u00a0\u00a0\u00a0\u00a0 Em 02\/06\/2014, por volta das 02hs00min, policiais militares compareceram \u00e0 Rua Boa Esperan\u00e7a, bairro Dornelas,\u00a0 onde fizeram contato com a v\u00edtima V.N.G., de 22 anos, e esta relatou que estacionou o ve\u00edculo VW\/GOL SPECIAL, cor branca, ano 2003, em frente sua resid\u00eancia por voltas das 22:00 horas do dia 01\/06\/2014, e hoje verificou que o referido ve\u00edculo havia sido furtado. O autom\u00f3vel estava com aproximadamente 20 litros de gasolina e continha em seu interior o CRLV e uma botija de g\u00e1s. Posteriormente o ve\u00edculo foi localizado na rua Santa Maria, bairro Planalto, por um militar que estava no hor\u00e1rio de folga, que sabedor do furto do ve\u00edculo acionou a guarni\u00e7\u00e3o policial que providenciou o recolhimento do ve\u00edculo ao p\u00e1tio credenciado.<\/p>\n<p style=\"text-align: justify;\">Fonte:\u00a047 bpm<\/p>\n","protected":false},"excerpt":{"rendered":"<p>OCORR\u00caNCIAS DE DESTAQUE MURIA\u00c9 \u2013 03\/06\/2014 \u00a0 \u00a0\u00a0\u00a0\u00a0\u00a0\u00a0\u00a0\u00a0\u00a0\u00a0\u00a0 \u00a0\u00a0\u00a0\u00a0\u00a0\u00a0\u00a0\u00a0\u00a0\u00a0\u00a0 75\u00aa CIA PM- CARANGOLA-MG TR\u00c1FICO IL\u00cdCITO DE DROGAS EM CARANGOLA-MG. \u00a0\u00a0\u00a0\u00a0\u00a0\u00a0\u00a0\u00a0\u00a0\u00a0\u00a0 EM 02\/06\/2014, por volta das 14hs35min, pela Rua Vista Alegre, bairro Tri\u00e2ngulo, Zona Rural, militares depararam com o adolescente S.S.F., de 17 anos, conhecido traficante de drogas, conversando com dois indiv\u00edduos, e visualizaram o momento [&hellip;]<\/p>\n","protected":false},"author":4,"featured_media":0,"comment_status":"open","ping_status":"closed","sticky":false,"template":"","format":"standard","meta":{"_joinchat":[],"footnotes":""},"categories":[1],"tags":[],"class_list":["post-3761","post","type-post","status-publish","format-standard","hentry","category-sem-categoria"],"_links":{"self":[{"href":"https:\/\/folhadosudeste.com\/site\/index.php?rest_route=\/wp\/v2\/posts\/3761","targetHints":{"allow":["GET"]}}],"collection":[{"href":"https:\/\/folhadosudeste.com\/site\/index.php?rest_route=\/wp\/v2\/posts"}],"about":[{"href":"https:\/\/folhadosudeste.com\/site\/index.php?rest_route=\/wp\/v2\/types\/post"}],"author":[{"embeddable":true,"href":"https:\/\/folhadosudeste.com\/site\/index.php?rest_route=\/wp\/v2\/users\/4"}],"replies":[{"embeddable":true,"href":"https:\/\/folhadosudeste.com\/site\/index.php?rest_route=%2Fwp%2Fv2%2Fcomments&post=3761"}],"version-history":[{"count":2,"href":"https:\/\/folhadosudeste.com\/site\/index.php?rest_route=\/wp\/v2\/posts\/3761\/revisions"}],"predecessor-version":[{"id":3763,"href":"https:\/\/folhadosudeste.com\/site\/index.php?rest_route=\/wp\/v2\/posts\/3761\/revisions\/3763"}],"wp:attachment":[{"href":"https:\/\/folhadosudeste.com\/site\/index.php?rest_route=%2Fwp%2Fv2%2Fmedia&parent=3761"}],"wp:term":[{"taxonomy":"category","embeddable":true,"href":"https:\/\/folhadosudeste.com\/site\/index.php?rest_route=%2Fwp%2Fv2%2Fcategories&post=3761"},{"taxonomy":"post_tag","embeddable":true,"href":"https:\/\/folhadosudeste.com\/site\/index.php?rest_route=%2Fwp%2Fv2%2Ftags&post=3761"}],"curies":[{"name":"wp","href":"https:\/\/api.w.org\/{rel}","templated":true}]}}