{"id":3764,"date":"2014-06-04T12:07:19","date_gmt":"2014-06-04T12:07:19","guid":{"rendered":"http:\/\/folhadosudeste.com\/site\/?p=3764"},"modified":"2014-06-25T11:51:35","modified_gmt":"2014-06-25T11:51:35","slug":"grande-publico-presente-na-audiencia-publica-sobre-o-novo-codigo-florestal-mineiro","status":"publish","type":"post","link":"https:\/\/folhadosudeste.com\/site\/?p=3764","title":{"rendered":"Grande p\u00fablico presente na  Audi\u00eancia P\u00fablica sobre o Novo C\u00f3digo Florestal Mineiro"},"content":{"rendered":"<p><a href=\"http:\/\/folhadosudeste.com\/site\/wp-content\/uploads\/2014\/06\/GEDC1497.jpg\"><img loading=\"lazy\" decoding=\"async\" class=\"aligncenter size-full wp-image-3765\" alt=\"GEDSC DIGITAL CAMERA\" src=\"http:\/\/folhadosudeste.com\/site\/wp-content\/uploads\/2014\/06\/GEDC1497.jpg\" width=\"620\" height=\"328\" srcset=\"https:\/\/folhadosudeste.com\/site\/wp-content\/uploads\/2014\/06\/GEDC1497.jpg 620w, https:\/\/folhadosudeste.com\/site\/wp-content\/uploads\/2014\/06\/GEDC1497-300x158.jpg 300w\" sizes=\"auto, (max-width: 620px) 100vw, 620px\" \/><\/a> <a href=\"http:\/\/folhadosudeste.com\/site\/wp-content\/uploads\/2014\/06\/GEDC1504.jpg\"><img loading=\"lazy\" decoding=\"async\" class=\"aligncenter size-full wp-image-3766\" alt=\"GEDSC DIGITAL CAMERA\" src=\"http:\/\/folhadosudeste.com\/site\/wp-content\/uploads\/2014\/06\/GEDC1504.jpg\" width=\"620\" height=\"379\" srcset=\"https:\/\/folhadosudeste.com\/site\/wp-content\/uploads\/2014\/06\/GEDC1504.jpg 620w, https:\/\/folhadosudeste.com\/site\/wp-content\/uploads\/2014\/06\/GEDC1504-300x183.jpg 300w\" sizes=\"auto, (max-width: 620px) 100vw, 620px\" \/><\/a><\/p>\n<p style=\"text-align: justify;\"><b>Audi\u00eancia P\u00fablica: novo C\u00f3digo Florestal \u00e9 esclarecido<\/b><\/p>\n<p style=\"text-align: justify;\">\n<p style=\"text-align: justify;\">A C\u00e2mara de Vereadores de Muria\u00e9 sediou, na \u00faltima ter\u00e7a (3), mais uma importante Audi\u00eancia P\u00fablica, desta vez focada no novo C\u00f3digo Florestal Mineiro, que contou com v\u00e1rias altera\u00e7\u00f5es. Participaram do debate Wander Jos\u00e9 Torres de Azevedo (diretor de controle processual da Superintend\u00eancia Regional de Meio Ambiente e Desenvolvimento Sustent\u00e1vel da Zona da Mata (Supram ZM), localizado em Ub\u00e1) e Francisco Ofeni (Chiquinho) (engenheiro agr\u00f4nomo da Emater MG \u2013 ag\u00eancia regional de Muria\u00e9).<\/p>\n<p style=\"text-align: justify;\">De acordo com Wander, o novo c\u00f3digo \u00e9 de grande import\u00e2ncia para a sociedade, principalmente os pequenos e micro produtores rurais, que ter\u00e3o grandes ganhos na hora da regulariza\u00e7\u00e3o ambiental e simplifica\u00e7\u00e3o do sistema. Tamb\u00e9m foi esclarecido sobre a cria\u00e7\u00e3o do Cadastro Ambiental Rural (CAR)&#8230;Saiba mais na edi\u00e7\u00e3o n\u00ba 613 do Jornal Folha do Sudeste&#8230;Saiba mais na edi\u00e7\u00e3o n\u00ba 613 do Jornal Folha do Sudeste.[dopwgg id=&#8221;326&#8243;]<\/p>\n","protected":false},"excerpt":{"rendered":"<p>Audi\u00eancia P\u00fablica: novo C\u00f3digo Florestal \u00e9 esclarecido A C\u00e2mara de Vereadores de Muria\u00e9 sediou, na \u00faltima ter\u00e7a (3), mais uma importante Audi\u00eancia P\u00fablica, desta vez focada no novo C\u00f3digo Florestal Mineiro, que contou com v\u00e1rias altera\u00e7\u00f5es. Participaram do debate Wander Jos\u00e9 Torres de Azevedo (diretor de controle processual da Superintend\u00eancia Regional de Meio Ambiente e [&hellip;]<\/p>\n","protected":false},"author":4,"featured_media":3766,"comment_status":"open","ping_status":"closed","sticky":false,"template":"","format":"standard","meta":{"_joinchat":[],"footnotes":""},"categories":[1],"tags":[],"class_list":["post-3764","post","type-post","status-publish","format-standard","has-post-thumbnail","hentry","category-sem-categoria"],"_links":{"self":[{"href":"https:\/\/folhadosudeste.com\/site\/index.php?rest_route=\/wp\/v2\/posts\/3764","targetHints":{"allow":["GET"]}}],"collection":[{"href":"https:\/\/folhadosudeste.com\/site\/index.php?rest_route=\/wp\/v2\/posts"}],"about":[{"href":"https:\/\/folhadosudeste.com\/site\/index.php?rest_route=\/wp\/v2\/types\/post"}],"author":[{"embeddable":true,"href":"https:\/\/folhadosudeste.com\/site\/index.php?rest_route=\/wp\/v2\/users\/4"}],"replies":[{"embeddable":true,"href":"https:\/\/folhadosudeste.com\/site\/index.php?rest_route=%2Fwp%2Fv2%2Fcomments&post=3764"}],"version-history":[{"count":2,"href":"https:\/\/folhadosudeste.com\/site\/index.php?rest_route=\/wp\/v2\/posts\/3764\/revisions"}],"predecessor-version":[{"id":3819,"href":"https:\/\/folhadosudeste.com\/site\/index.php?rest_route=\/wp\/v2\/posts\/3764\/revisions\/3819"}],"wp:featuredmedia":[{"embeddable":true,"href":"https:\/\/folhadosudeste.com\/site\/index.php?rest_route=\/wp\/v2\/media\/3766"}],"wp:attachment":[{"href":"https:\/\/folhadosudeste.com\/site\/index.php?rest_route=%2Fwp%2Fv2%2Fmedia&parent=3764"}],"wp:term":[{"taxonomy":"category","embeddable":true,"href":"https:\/\/folhadosudeste.com\/site\/index.php?rest_route=%2Fwp%2Fv2%2Fcategories&post=3764"},{"taxonomy":"post_tag","embeddable":true,"href":"https:\/\/folhadosudeste.com\/site\/index.php?rest_route=%2Fwp%2Fv2%2Ftags&post=3764"}],"curies":[{"name":"wp","href":"https:\/\/api.w.org\/{rel}","templated":true}]}}