{"id":3786,"date":"2014-06-05T19:23:54","date_gmt":"2014-06-05T19:23:54","guid":{"rendered":"http:\/\/folhadosudeste.com\/site\/?p=3786"},"modified":"2014-06-25T11:51:34","modified_gmt":"2014-06-25T11:51:34","slug":"47o-bpm-recebe-novos-sargentos","status":"publish","type":"post","link":"https:\/\/folhadosudeste.com\/site\/?p=3786","title":{"rendered":"\u201c47\u00ba BPM RECEBE NOVOS SARGENTOS\u201d"},"content":{"rendered":"<p align=\"center\"><a href=\"http:\/\/folhadosudeste.com\/site\/wp-content\/uploads\/2014\/06\/militares.jpg\"><img loading=\"lazy\" decoding=\"async\" class=\"aligncenter size-full wp-image-3787\" alt=\"militares\" src=\"http:\/\/folhadosudeste.com\/site\/wp-content\/uploads\/2014\/06\/militares.jpg\" width=\"4500\" height=\"2999\" srcset=\"https:\/\/folhadosudeste.com\/site\/wp-content\/uploads\/2014\/06\/militares.jpg 4500w, https:\/\/folhadosudeste.com\/site\/wp-content\/uploads\/2014\/06\/militares-300x199.jpg 300w, https:\/\/folhadosudeste.com\/site\/wp-content\/uploads\/2014\/06\/militares-1024x682.jpg 1024w\" sizes=\"auto, (max-width: 4500px) 100vw, 4500px\" \/><\/a><\/p>\n<p align=\"center\"><b><i>\u201c47\u00ba BPM RECEBE NOVOS SARGENTOS\u201d<\/i><\/b><\/p>\n<p align=\"center\">\u00a0\u00a0 Em 05\/06\/2014, O Comandante do 47\u00ba BPM, Ten Cel Naz\u00e1rio recepcionou os novos Sargentos que passar\u00e3o a exercer suas novas fun\u00e7\u00f5es na \u00c1rea de Seguran\u00e7a P\u00fablica da Unidade.<\/p>\n<p>\u00a0\u00a0\u00a0\u00a0\u00a0\u00a0\u00a0\u00a0\u00a0\u00a0\u00a0 Houve inicialmente uma reuni\u00e3o com os 12 novos Sargentos, onde na oportunidade o Comandante do Batalh\u00e3o explanou sobre as responsabilidades e metas a serem alcan\u00e7adas nesta nova etapa da carreira dos militares, e que alguns deles, estariam sendo designados para suprirem o efetivo de algumas Fra\u00e7\u00f5es Destacadas.<\/p>\n<p>Os novos Sargentos refor\u00e7ar\u00e1 o policiamento da \u00e1rea da 75\u00aa Cia PM \u2013 Carangola e da 76\u00aa Cia PM \u2013 Muria\u00e9, contribuindo ainda mais para a promo\u00e7\u00e3o da paz social.<\/p>\n","protected":false},"excerpt":{"rendered":"<p>\u201c47\u00ba BPM RECEBE NOVOS SARGENTOS\u201d \u00a0\u00a0 Em 05\/06\/2014, O Comandante do 47\u00ba BPM, Ten Cel Naz\u00e1rio recepcionou os novos Sargentos que passar\u00e3o a exercer suas novas fun\u00e7\u00f5es na \u00c1rea de Seguran\u00e7a P\u00fablica da Unidade. \u00a0\u00a0\u00a0\u00a0\u00a0\u00a0\u00a0\u00a0\u00a0\u00a0\u00a0 Houve inicialmente uma reuni\u00e3o com os 12 novos Sargentos, onde na oportunidade o Comandante do Batalh\u00e3o explanou sobre as responsabilidades [&hellip;]<\/p>\n","protected":false},"author":4,"featured_media":3787,"comment_status":"open","ping_status":"closed","sticky":false,"template":"","format":"standard","meta":{"_joinchat":[],"footnotes":""},"categories":[1],"tags":[],"class_list":["post-3786","post","type-post","status-publish","format-standard","has-post-thumbnail","hentry","category-sem-categoria"],"_links":{"self":[{"href":"https:\/\/folhadosudeste.com\/site\/index.php?rest_route=\/wp\/v2\/posts\/3786","targetHints":{"allow":["GET"]}}],"collection":[{"href":"https:\/\/folhadosudeste.com\/site\/index.php?rest_route=\/wp\/v2\/posts"}],"about":[{"href":"https:\/\/folhadosudeste.com\/site\/index.php?rest_route=\/wp\/v2\/types\/post"}],"author":[{"embeddable":true,"href":"https:\/\/folhadosudeste.com\/site\/index.php?rest_route=\/wp\/v2\/users\/4"}],"replies":[{"embeddable":true,"href":"https:\/\/folhadosudeste.com\/site\/index.php?rest_route=%2Fwp%2Fv2%2Fcomments&post=3786"}],"version-history":[{"count":1,"href":"https:\/\/folhadosudeste.com\/site\/index.php?rest_route=\/wp\/v2\/posts\/3786\/revisions"}],"predecessor-version":[{"id":3788,"href":"https:\/\/folhadosudeste.com\/site\/index.php?rest_route=\/wp\/v2\/posts\/3786\/revisions\/3788"}],"wp:featuredmedia":[{"embeddable":true,"href":"https:\/\/folhadosudeste.com\/site\/index.php?rest_route=\/wp\/v2\/media\/3787"}],"wp:attachment":[{"href":"https:\/\/folhadosudeste.com\/site\/index.php?rest_route=%2Fwp%2Fv2%2Fmedia&parent=3786"}],"wp:term":[{"taxonomy":"category","embeddable":true,"href":"https:\/\/folhadosudeste.com\/site\/index.php?rest_route=%2Fwp%2Fv2%2Fcategories&post=3786"},{"taxonomy":"post_tag","embeddable":true,"href":"https:\/\/folhadosudeste.com\/site\/index.php?rest_route=%2Fwp%2Fv2%2Ftags&post=3786"}],"curies":[{"name":"wp","href":"https:\/\/api.w.org\/{rel}","templated":true}]}}