{"id":3789,"date":"2014-06-05T19:32:03","date_gmt":"2014-06-05T19:32:03","guid":{"rendered":"http:\/\/folhadosudeste.com\/site\/?p=3789"},"modified":"2014-06-25T11:51:34","modified_gmt":"2014-06-25T11:51:34","slug":"lancamento-do-projeto-conta-cidada-muriae-ganha-projeto-sustentavel","status":"publish","type":"post","link":"https:\/\/folhadosudeste.com\/site\/?p=3789","title":{"rendered":"Lan\u00e7amento do Projeto Conta Cidad\u00e3-Muria\u00e9 ganha projeto sustent\u00e1vel"},"content":{"rendered":"<p style=\"text-align: justify;\" align=\"center\"><b>Muria\u00e9 ganha projeto sustent\u00e1vel<\/b><\/p>\n<p style=\"text-align: justify;\" align=\"center\"><i>\u00a0<\/i><i>Clientes poder\u00e3o trocar material recicl\u00e1vel por descontos na conta de energia.<\/i><\/p>\n<p style=\"text-align: justify;\">\u00a0A Energisa traz para Muria\u00e9 o Projeto Conta Cidad\u00e3, uma oportunidade para os clientes trocarem res\u00edduo recicl\u00e1vel como papel, pl\u00e1stico e metal por descontos na conta de energia el\u00e9trica.<\/p>\n<p style=\"text-align: justify;\">\u00a0No dia 11 de junho, ser\u00e1 inaugurado o primeiro posto de coleta do Conta Cidad\u00e3, que vai funcionar todas \u00e0s quartas-feiras, das 8h \u00e0s 16h, na Feira do Produtor Rural, no centro da cidade.<\/p>\n<p style=\"text-align: justify;\">\u00a0Voc\u00ea sabia que o reaproveitamento de materiais recicl\u00e1veis reduz o ac\u00famulo de lixo e contribui para a prote\u00e7\u00e3o do meio ambiente, j\u00e1 que a extra\u00e7\u00e3o de recursos naturais tamb\u00e9m diminui?\u00a0 Al\u00e9m disso, reciclar tamb\u00e9m significa economia de energia. Por exemplo, uma tonelada de papel reciclado evita o corte de 20 a 30 \u00e1rvores, reduzindo o consumo de energia el\u00e9trica em 71% e de 98 mil litros de \u00e1gua.<\/p>\n<p style=\"text-align: justify;\">\u00a0Com o Conta Cidad\u00e3 \u00e9 assim: o cliente contribui para a preserva\u00e7\u00e3o do meio ambiente e ainda recebe b\u00f4nus na conta de energia el\u00e9trica.<\/p>\n<p style=\"text-align: justify;\">\u00a0Veja como participar e os produtos que poder\u00e3o ser trocados por b\u00f4nus na conta de energia:<\/p>\n<p style=\"text-align: justify;\"><a href=\"http:\/\/folhadosudeste.com\/site\/wp-content\/uploads\/2014\/06\/energisa.jpg\"><img loading=\"lazy\" decoding=\"async\" class=\"aligncenter size-full wp-image-3790\" alt=\"energisa\" src=\"http:\/\/folhadosudeste.com\/site\/wp-content\/uploads\/2014\/06\/energisa.jpg\" width=\"423\" height=\"605\" srcset=\"https:\/\/folhadosudeste.com\/site\/wp-content\/uploads\/2014\/06\/energisa.jpg 423w, https:\/\/folhadosudeste.com\/site\/wp-content\/uploads\/2014\/06\/energisa-209x300.jpg 209w\" sizes=\"auto, (max-width: 423px) 100vw, 423px\" \/><\/a> <a href=\"http:\/\/folhadosudeste.com\/site\/wp-content\/uploads\/2014\/06\/energia.jpg\"><img loading=\"lazy\" decoding=\"async\" class=\"aligncenter size-full wp-image-3791\" alt=\"energia\" src=\"http:\/\/folhadosudeste.com\/site\/wp-content\/uploads\/2014\/06\/energia.jpg\" width=\"418\" height=\"605\" srcset=\"https:\/\/folhadosudeste.com\/site\/wp-content\/uploads\/2014\/06\/energia.jpg 418w, https:\/\/folhadosudeste.com\/site\/wp-content\/uploads\/2014\/06\/energia-207x300.jpg 207w\" sizes=\"auto, (max-width: 418px) 100vw, 418px\" \/><\/a><\/p>\n<p style=\"text-align: justify;\">\u00a0\u00a0<b>Sobre o Grupo Energisa\u00a0<\/b><\/p>\n<p style=\"text-align: justify;\">\u00a0Com\u00a0109\u00a0anos de hist\u00f3ria, o Grupo Energisa \u00e9 um dos maiores do Brasil em distribui\u00e7\u00e3o de energia el\u00e9trica. Uma das primeiras a abrir capital no Brasil, a companhia controla\u00a0<b>13\u00a0<\/b>distribuidoras &#8211;\u00a0<b>em\u00a0<\/b>Minas Gerais (Energisa Minas Gerais e Bragantina), Para\u00edba (Energisa Para\u00edba e Energisa Borborema), Rio de Janeiro (Energisa Nova Friburgo), Sergipe (Energisa Sergipe), Mato Grosso (Cemat), Mato Grosso do Sul (Enersul), Tocantins (Celtins), S\u00e3o Paulo (Caiu\u00e1, Vale Paranapanema e Nacional) e Paran\u00e1 (For\u00e7a e Luz do Oeste).<\/p>\n<p style=\"text-align: justify;\">S\u00e3o aproximadamente 6 milh\u00f5es de\u00a0clientes e\u00a0uma popula\u00e7\u00e3o atendida de 15 milh\u00f5es de pessoas, em 788 munic\u00edpios\u00a0<b>de\u00a0<\/b>todas as regi\u00f5es do Brasil. Com receita l\u00edquida anual de R$ 8,9 bilh\u00f5es, o grupo gera cerca de 10 mil empregos diretos.<\/p>\n<p style=\"text-align: justify;\">\u00a0Com a miss\u00e3o de transformar energia em conforto, desenvolvimento e oportunidades de forma sustent\u00e1vel, respons\u00e1vel e \u00e9tica, a Energisa<b>atua com\u00a0<\/b>um diversificado portf\u00f3lio que engloba distribui\u00e7\u00e3o, gera\u00e7\u00e3o (Energisa Gera\u00e7\u00e3o) \u2013 com foco em energias limpas e renov\u00e1veis, entre e\u00f3licas, biomassa e PCHs (Pequenas Centrais Hidrel\u00e9tricas) -, servi\u00e7os para o setor el\u00e9trico (Energisa Solu\u00e7\u00f5es) e comercializa\u00e7\u00e3o de energia (Energisa Comercializadora).<\/p>\n<p style=\"text-align: justify;\">\u00a0A Energisa Minas Gerais atende a mais de 412 mil clientes em 65 munic\u00edpios do estado e em Sumidouro (RJ). S\u00e3o aproximadamente 800 colaboradores diretos e indiretos. \u00c9 a segunda melhor empresa de energia el\u00e9trica das regi\u00f5es Sul e Sudeste no IASC \u2013 \u00cdndice Aneel de Satisfa\u00e7\u00e3o do Consumidor. \u00c9 a 5\u00aa melhor distribuidora no ranking nacional da Ag\u00eancia Nacional de Energia El\u00e9trica (ANEEL) que avalia a qualidade dos servi\u00e7os prestados pelas empresas de energia el\u00e9trica.<\/p>\n<p style=\"text-align: justify;\">Fonte:Assessoria de Comunica\u00e7\u00e3o Social Energisa<\/p>\n","protected":false},"excerpt":{"rendered":"<p>Muria\u00e9 ganha projeto sustent\u00e1vel \u00a0Clientes poder\u00e3o trocar material recicl\u00e1vel por descontos na conta de energia. \u00a0A Energisa traz para Muria\u00e9 o Projeto Conta Cidad\u00e3, uma oportunidade para os clientes trocarem res\u00edduo recicl\u00e1vel como papel, pl\u00e1stico e metal por descontos na conta de energia el\u00e9trica. \u00a0No dia 11 de junho, ser\u00e1 inaugurado o primeiro posto de [&hellip;]<\/p>\n","protected":false},"author":4,"featured_media":3791,"comment_status":"open","ping_status":"closed","sticky":false,"template":"","format":"standard","meta":{"_joinchat":[],"footnotes":""},"categories":[1],"tags":[],"class_list":["post-3789","post","type-post","status-publish","format-standard","has-post-thumbnail","hentry","category-sem-categoria"],"_links":{"self":[{"href":"https:\/\/folhadosudeste.com\/site\/index.php?rest_route=\/wp\/v2\/posts\/3789","targetHints":{"allow":["GET"]}}],"collection":[{"href":"https:\/\/folhadosudeste.com\/site\/index.php?rest_route=\/wp\/v2\/posts"}],"about":[{"href":"https:\/\/folhadosudeste.com\/site\/index.php?rest_route=\/wp\/v2\/types\/post"}],"author":[{"embeddable":true,"href":"https:\/\/folhadosudeste.com\/site\/index.php?rest_route=\/wp\/v2\/users\/4"}],"replies":[{"embeddable":true,"href":"https:\/\/folhadosudeste.com\/site\/index.php?rest_route=%2Fwp%2Fv2%2Fcomments&post=3789"}],"version-history":[{"count":5,"href":"https:\/\/folhadosudeste.com\/site\/index.php?rest_route=\/wp\/v2\/posts\/3789\/revisions"}],"predecessor-version":[{"id":3796,"href":"https:\/\/folhadosudeste.com\/site\/index.php?rest_route=\/wp\/v2\/posts\/3789\/revisions\/3796"}],"wp:featuredmedia":[{"embeddable":true,"href":"https:\/\/folhadosudeste.com\/site\/index.php?rest_route=\/wp\/v2\/media\/3791"}],"wp:attachment":[{"href":"https:\/\/folhadosudeste.com\/site\/index.php?rest_route=%2Fwp%2Fv2%2Fmedia&parent=3789"}],"wp:term":[{"taxonomy":"category","embeddable":true,"href":"https:\/\/folhadosudeste.com\/site\/index.php?rest_route=%2Fwp%2Fv2%2Fcategories&post=3789"},{"taxonomy":"post_tag","embeddable":true,"href":"https:\/\/folhadosudeste.com\/site\/index.php?rest_route=%2Fwp%2Fv2%2Ftags&post=3789"}],"curies":[{"name":"wp","href":"https:\/\/api.w.org\/{rel}","templated":true}]}}