{"id":3810,"date":"2014-06-05T22:57:44","date_gmt":"2014-06-05T22:57:44","guid":{"rendered":"http:\/\/folhadosudeste.com\/site\/?p=3810"},"modified":"2014-06-25T11:51:34","modified_gmt":"2014-06-25T11:51:34","slug":"escola-sao-paulo-realiza-festa-regional-brasileira","status":"publish","type":"post","link":"https:\/\/folhadosudeste.com\/site\/?p=3810","title":{"rendered":"Escola S\u00e3o Paulo realiza Festa Regional Brasileira"},"content":{"rendered":"<p><a href=\"http:\/\/folhadosudeste.com\/site\/wp-content\/uploads\/2014\/06\/DSC_0245.jpg\"><img loading=\"lazy\" decoding=\"async\" class=\"aligncenter size-full wp-image-3811\" alt=\"DSC_0245\" src=\"http:\/\/folhadosudeste.com\/site\/wp-content\/uploads\/2014\/06\/DSC_0245.jpg\" width=\"800\" height=\"533\" srcset=\"https:\/\/folhadosudeste.com\/site\/wp-content\/uploads\/2014\/06\/DSC_0245.jpg 800w, https:\/\/folhadosudeste.com\/site\/wp-content\/uploads\/2014\/06\/DSC_0245-300x199.jpg 300w\" sizes=\"auto, (max-width: 800px) 100vw, 800px\" \/><\/a> <a href=\"http:\/\/folhadosudeste.com\/site\/wp-content\/uploads\/2014\/06\/DSC_0371.jpg\"><img loading=\"lazy\" decoding=\"async\" class=\"aligncenter size-full wp-image-3812\" alt=\"DSC_0371\" src=\"http:\/\/folhadosudeste.com\/site\/wp-content\/uploads\/2014\/06\/DSC_0371.jpg\" width=\"800\" height=\"533\" srcset=\"https:\/\/folhadosudeste.com\/site\/wp-content\/uploads\/2014\/06\/DSC_0371.jpg 800w, https:\/\/folhadosudeste.com\/site\/wp-content\/uploads\/2014\/06\/DSC_0371-300x199.jpg 300w\" sizes=\"auto, (max-width: 800px) 100vw, 800px\" \/><\/a><\/p>\n<p><b>Escola S\u00e3o Paulo realiza Festa Regional Brasileira<\/b><\/p>\n<p>&nbsp;<\/p>\n<p style=\"text-align: justify;\">Substituindo a tradicional Festa Junina das crian\u00e7as do Ensino Fundamental ao 7\u00ba ano, a Escola S\u00e3o Paulo (ESP) este ano realizou a Festa Regional Brasileira. O nome veio justamente em fun\u00e7\u00e3o da data em que foi realizada, no m\u00eas de maio, devido \u00e0s mudan\u00e7as com rela\u00e7\u00e3o ao calend\u00e1rio escolar, que prop\u00f5e f\u00e9rias a partir do dia 11 de junho. Al\u00e9m disso, foi uma oportunidade dos professores trabalharem com seus alunos temas ligados \u00e0 cultura de cada regi\u00e3o do Brasil&#8230; Saiba mais na edi\u00e7\u00e3o n\u00ba 613 do Jornal Folha do Sudeste.[dopwgg id=&#8221;325&#8243;]<\/p>\n","protected":false},"excerpt":{"rendered":"<p>Escola S\u00e3o Paulo realiza Festa Regional Brasileira &nbsp; Substituindo a tradicional Festa Junina das crian\u00e7as do Ensino Fundamental ao 7\u00ba ano, a Escola S\u00e3o Paulo (ESP) este ano realizou a Festa Regional Brasileira. O nome veio justamente em fun\u00e7\u00e3o da data em que foi realizada, no m\u00eas de maio, devido \u00e0s mudan\u00e7as com rela\u00e7\u00e3o ao [&hellip;]<\/p>\n","protected":false},"author":4,"featured_media":3811,"comment_status":"open","ping_status":"closed","sticky":false,"template":"","format":"standard","meta":{"_joinchat":[],"footnotes":""},"categories":[1],"tags":[],"class_list":["post-3810","post","type-post","status-publish","format-standard","has-post-thumbnail","hentry","category-sem-categoria"],"_links":{"self":[{"href":"https:\/\/folhadosudeste.com\/site\/index.php?rest_route=\/wp\/v2\/posts\/3810","targetHints":{"allow":["GET"]}}],"collection":[{"href":"https:\/\/folhadosudeste.com\/site\/index.php?rest_route=\/wp\/v2\/posts"}],"about":[{"href":"https:\/\/folhadosudeste.com\/site\/index.php?rest_route=\/wp\/v2\/types\/post"}],"author":[{"embeddable":true,"href":"https:\/\/folhadosudeste.com\/site\/index.php?rest_route=\/wp\/v2\/users\/4"}],"replies":[{"embeddable":true,"href":"https:\/\/folhadosudeste.com\/site\/index.php?rest_route=%2Fwp%2Fv2%2Fcomments&post=3810"}],"version-history":[{"count":1,"href":"https:\/\/folhadosudeste.com\/site\/index.php?rest_route=\/wp\/v2\/posts\/3810\/revisions"}],"predecessor-version":[{"id":3813,"href":"https:\/\/folhadosudeste.com\/site\/index.php?rest_route=\/wp\/v2\/posts\/3810\/revisions\/3813"}],"wp:featuredmedia":[{"embeddable":true,"href":"https:\/\/folhadosudeste.com\/site\/index.php?rest_route=\/wp\/v2\/media\/3811"}],"wp:attachment":[{"href":"https:\/\/folhadosudeste.com\/site\/index.php?rest_route=%2Fwp%2Fv2%2Fmedia&parent=3810"}],"wp:term":[{"taxonomy":"category","embeddable":true,"href":"https:\/\/folhadosudeste.com\/site\/index.php?rest_route=%2Fwp%2Fv2%2Fcategories&post=3810"},{"taxonomy":"post_tag","embeddable":true,"href":"https:\/\/folhadosudeste.com\/site\/index.php?rest_route=%2Fwp%2Fv2%2Ftags&post=3810"}],"curies":[{"name":"wp","href":"https:\/\/api.w.org\/{rel}","templated":true}]}}