{"id":3822,"date":"2014-06-05T23:14:41","date_gmt":"2014-06-05T23:14:41","guid":{"rendered":"http:\/\/folhadosudeste.com\/site\/?p=3822"},"modified":"2014-06-25T11:51:10","modified_gmt":"2014-06-25T11:51:10","slug":"dia-mundial-do-meio-ambiente","status":"publish","type":"post","link":"https:\/\/folhadosudeste.com\/site\/?p=3822","title":{"rendered":"Dia Mundial do Meio Ambiente"},"content":{"rendered":"<p style=\"text-align: justify;\"><a href=\"http:\/\/folhadosudeste.com\/site\/wp-content\/uploads\/2014\/06\/GEDC1520.jpg\"><img loading=\"lazy\" decoding=\"async\" class=\"aligncenter size-full wp-image-3823\" alt=\"GEDSC DIGITAL CAMERA\" src=\"http:\/\/folhadosudeste.com\/site\/wp-content\/uploads\/2014\/06\/GEDC1520.jpg\" width=\"800\" height=\"600\" srcset=\"https:\/\/folhadosudeste.com\/site\/wp-content\/uploads\/2014\/06\/GEDC1520.jpg 800w, https:\/\/folhadosudeste.com\/site\/wp-content\/uploads\/2014\/06\/GEDC1520-300x225.jpg 300w\" sizes=\"auto, (max-width: 800px) 100vw, 800px\" \/><\/a> <a href=\"http:\/\/folhadosudeste.com\/site\/wp-content\/uploads\/2014\/06\/GEDC1523.jpg\"><img loading=\"lazy\" decoding=\"async\" class=\"aligncenter size-full wp-image-3824\" alt=\"GEDSC DIGITAL CAMERA\" src=\"http:\/\/folhadosudeste.com\/site\/wp-content\/uploads\/2014\/06\/GEDC1523.jpg\" width=\"800\" height=\"600\" srcset=\"https:\/\/folhadosudeste.com\/site\/wp-content\/uploads\/2014\/06\/GEDC1523.jpg 800w, https:\/\/folhadosudeste.com\/site\/wp-content\/uploads\/2014\/06\/GEDC1523-300x225.jpg 300w\" sizes=\"auto, (max-width: 800px) 100vw, 800px\" \/><\/a> <a href=\"http:\/\/folhadosudeste.com\/site\/wp-content\/uploads\/2014\/06\/DSC_0003.jpg\"><img loading=\"lazy\" decoding=\"async\" class=\"aligncenter size-full wp-image-3825\" alt=\"DSC_0003\" src=\"http:\/\/folhadosudeste.com\/site\/wp-content\/uploads\/2014\/06\/DSC_0003.jpg\" width=\"800\" height=\"533\" srcset=\"https:\/\/folhadosudeste.com\/site\/wp-content\/uploads\/2014\/06\/DSC_0003.jpg 800w, https:\/\/folhadosudeste.com\/site\/wp-content\/uploads\/2014\/06\/DSC_0003-300x199.jpg 300w\" sizes=\"auto, (max-width: 800px) 100vw, 800px\" \/><\/a><\/p>\n<p><b>Dia Mundial do Meio Ambiente <\/b><\/p>\n<p><b>A 2\u00aa Confer\u00eancia Municipal do Meio Ambiente foi iniciada no Teatro Zaccaria Marques, Fundarte, na \u00faltima quarta (4). Em comemora\u00e7\u00e3o ao Dia Mundial do Meio Ambiente, oficialmente celebrado no dia 5 de junho, as atividades iniciais tiveram de ser adiantadas, em fun\u00e7\u00e3o do Gastronomia na Serra (em Pirapanema), que coincidiu com a data. Dessa forma, a equipe da Secretaria Municipal de Meio Ambiente resolveu fazer essa antecipa\u00e7\u00e3o e trouxe grandes palestras, representadas pelo ge\u00f3logo Felipe Perdig\u00e3o, que falou sobre ocupa\u00e7\u00e3o irregular de solo, e o professor do IF Sudeste, S\u00e9rgio, que repassou seus conhecimentos a respeito da conserva\u00e7\u00e3o de \u00e1guas&#8230;Saiba mais na edi\u00e7\u00e3o n\u00ba 613 do Jornal Folha do sudeste.[dopwgg id=&#8221;328&#8243;]<\/b><\/p>\n","protected":false},"excerpt":{"rendered":"<p>Dia Mundial do Meio Ambiente A 2\u00aa Confer\u00eancia Municipal do Meio Ambiente foi iniciada no Teatro Zaccaria Marques, Fundarte, na \u00faltima quarta (4). Em comemora\u00e7\u00e3o ao Dia Mundial do Meio Ambiente, oficialmente celebrado no dia 5 de junho, as atividades iniciais tiveram de ser adiantadas, em fun\u00e7\u00e3o do Gastronomia na Serra (em Pirapanema), que coincidiu [&hellip;]<\/p>\n","protected":false},"author":4,"featured_media":3823,"comment_status":"open","ping_status":"closed","sticky":false,"template":"","format":"standard","meta":{"_joinchat":[],"footnotes":""},"categories":[1],"tags":[],"class_list":["post-3822","post","type-post","status-publish","format-standard","has-post-thumbnail","hentry","category-sem-categoria"],"_links":{"self":[{"href":"https:\/\/folhadosudeste.com\/site\/index.php?rest_route=\/wp\/v2\/posts\/3822","targetHints":{"allow":["GET"]}}],"collection":[{"href":"https:\/\/folhadosudeste.com\/site\/index.php?rest_route=\/wp\/v2\/posts"}],"about":[{"href":"https:\/\/folhadosudeste.com\/site\/index.php?rest_route=\/wp\/v2\/types\/post"}],"author":[{"embeddable":true,"href":"https:\/\/folhadosudeste.com\/site\/index.php?rest_route=\/wp\/v2\/users\/4"}],"replies":[{"embeddable":true,"href":"https:\/\/folhadosudeste.com\/site\/index.php?rest_route=%2Fwp%2Fv2%2Fcomments&post=3822"}],"version-history":[{"count":4,"href":"https:\/\/folhadosudeste.com\/site\/index.php?rest_route=\/wp\/v2\/posts\/3822\/revisions"}],"predecessor-version":[{"id":3848,"href":"https:\/\/folhadosudeste.com\/site\/index.php?rest_route=\/wp\/v2\/posts\/3822\/revisions\/3848"}],"wp:featuredmedia":[{"embeddable":true,"href":"https:\/\/folhadosudeste.com\/site\/index.php?rest_route=\/wp\/v2\/media\/3823"}],"wp:attachment":[{"href":"https:\/\/folhadosudeste.com\/site\/index.php?rest_route=%2Fwp%2Fv2%2Fmedia&parent=3822"}],"wp:term":[{"taxonomy":"category","embeddable":true,"href":"https:\/\/folhadosudeste.com\/site\/index.php?rest_route=%2Fwp%2Fv2%2Fcategories&post=3822"},{"taxonomy":"post_tag","embeddable":true,"href":"https:\/\/folhadosudeste.com\/site\/index.php?rest_route=%2Fwp%2Fv2%2Ftags&post=3822"}],"curies":[{"name":"wp","href":"https:\/\/api.w.org\/{rel}","templated":true}]}}