{"id":3871,"date":"2014-06-11T16:08:11","date_gmt":"2014-06-11T16:08:11","guid":{"rendered":"http:\/\/folhadosudeste.com\/site\/?p=3871"},"modified":"2014-06-25T11:51:09","modified_gmt":"2014-06-25T11:51:09","slug":"muriae-passa-a-contar-com-sinal-digital-da-tv-integracao","status":"publish","type":"post","link":"https:\/\/folhadosudeste.com\/site\/?p=3871","title":{"rendered":"Muria\u00e9 passa a contar com sinal digital da TV Integra\u00e7\u00e3o"},"content":{"rendered":"<p style=\"text-align: justify;\"><strong>Muria\u00e9 passa a contar com sinal digital da TV Integra\u00e7\u00e3o<\/strong><\/p>\n<p>Os muriaeenses j\u00e1 podem assistir \u00e0 programa\u00e7\u00e3o regional da Rede Globo com qualidade digital. Em evento realizado na tarde desta ter\u00e7a-feira no Grande Hotel Muriahe, a TV Integra\u00e7\u00e3o &#8211; afiliada da emissora na Zona da Mata de Minas Gerais &#8211; lan\u00e7ou, em parceria com a prefeitura, a nova tecnologia na cidade.<\/p>\n<p style=\"text-align: justify;\">O sinal, que \u00e9 aberto e gratuito para a popula\u00e7\u00e3o, \u00e9 sintonizado atrav\u00e9s do canal 30 (em alguns aparelhos, pode funcionar no 25.1). Vale lembrar que os telespectadores precisam utilizar televis\u00f5es que sejam compat\u00edveis com a tecnologia, ou seja, que possuam conversores digitais.<\/p>\n<p>&#8220;Os aparelhos mais modernos, como os de LED, LCD e plasma, normalmente j\u00e1 v\u00eam de f\u00e1brica preparados para receber o sinal digital\u201d, informa a coordenadora de vendas da TV Integra\u00e7\u00e3o, Ta\u00eds Alves. \u201cEm algumas localidades mais distantes, pode ser necess\u00e1ria tamb\u00e9m uma antena UHF, que muitas pessoas j\u00e1 possuem em casa\u201d, acrescenta. Vale lembrar que, por ora, o sinal \u00e9 captado apenas por antenas convencionais ou por operadoras de TV a cabo conveniadas com a emissora; j\u00e1 as parab\u00f3licas n\u00e3o s\u00e3o compat\u00edveis.<\/p>\n<p>De acordo com ela, al\u00e9m da imagem n\u00edtida e com mais defini\u00e7\u00e3o, o sinal digital tem como grande vantagem a portabilidade &#8211; o que significa que, a partir de agora, muriaeenses poder\u00e3o assistir \u00e0 programa\u00e7\u00e3o da TV Integra\u00e7\u00e3o em aparelhos port\u00e1teis, como televisores veiculares, telefones e tablets. \u201cDesde que esses aparelhos suportem a tecnologia\u201d, enfatiza.<\/p>\n<p><strong>Parceria com a Prefeitura<\/strong><br \/>\nA implanta\u00e7\u00e3o do sinal digital da TV Integra\u00e7\u00e3o em Muria\u00e9 foi realizada atrav\u00e9s de parceria entre a emissora e a Prefeitura. \u201cDesde o primeiro momento em que acenamos com a possibilidade de libera\u00e7\u00e3o do sinal para a cidade, a administra\u00e7\u00e3o municipal sempre nos deu total respaldo. O prefeito Aloysio Aquino e o vice Jo\u00e3o Ciribelli n\u00e3o mediram esfor\u00e7os para concretizar esta iniciativa e possibilitar a chegada do sinal digital aberto para toda a popula\u00e7\u00e3o\u201d, destaca Ta\u00eds.<\/p>\n<p style=\"text-align: justify;\">Fonte:Prefeitura de Muria\u00e9<\/p>\n","protected":false},"excerpt":{"rendered":"<p>Muria\u00e9 passa a contar com sinal digital da TV Integra\u00e7\u00e3o Os muriaeenses j\u00e1 podem assistir \u00e0 programa\u00e7\u00e3o regional da Rede Globo com qualidade digital. Em evento realizado na tarde desta ter\u00e7a-feira no Grande Hotel Muriahe, a TV Integra\u00e7\u00e3o &#8211; afiliada da emissora na Zona da Mata de Minas Gerais &#8211; lan\u00e7ou, em parceria com a [&hellip;]<\/p>\n","protected":false},"author":4,"featured_media":0,"comment_status":"open","ping_status":"closed","sticky":false,"template":"","format":"standard","meta":{"_joinchat":[],"footnotes":""},"categories":[1],"tags":[],"class_list":["post-3871","post","type-post","status-publish","format-standard","hentry","category-sem-categoria"],"_links":{"self":[{"href":"https:\/\/folhadosudeste.com\/site\/index.php?rest_route=\/wp\/v2\/posts\/3871","targetHints":{"allow":["GET"]}}],"collection":[{"href":"https:\/\/folhadosudeste.com\/site\/index.php?rest_route=\/wp\/v2\/posts"}],"about":[{"href":"https:\/\/folhadosudeste.com\/site\/index.php?rest_route=\/wp\/v2\/types\/post"}],"author":[{"embeddable":true,"href":"https:\/\/folhadosudeste.com\/site\/index.php?rest_route=\/wp\/v2\/users\/4"}],"replies":[{"embeddable":true,"href":"https:\/\/folhadosudeste.com\/site\/index.php?rest_route=%2Fwp%2Fv2%2Fcomments&post=3871"}],"version-history":[{"count":2,"href":"https:\/\/folhadosudeste.com\/site\/index.php?rest_route=\/wp\/v2\/posts\/3871\/revisions"}],"predecessor-version":[{"id":3873,"href":"https:\/\/folhadosudeste.com\/site\/index.php?rest_route=\/wp\/v2\/posts\/3871\/revisions\/3873"}],"wp:attachment":[{"href":"https:\/\/folhadosudeste.com\/site\/index.php?rest_route=%2Fwp%2Fv2%2Fmedia&parent=3871"}],"wp:term":[{"taxonomy":"category","embeddable":true,"href":"https:\/\/folhadosudeste.com\/site\/index.php?rest_route=%2Fwp%2Fv2%2Fcategories&post=3871"},{"taxonomy":"post_tag","embeddable":true,"href":"https:\/\/folhadosudeste.com\/site\/index.php?rest_route=%2Fwp%2Fv2%2Ftags&post=3871"}],"curies":[{"name":"wp","href":"https:\/\/api.w.org\/{rel}","templated":true}]}}