{"id":3874,"date":"2014-06-12T17:58:27","date_gmt":"2014-06-12T17:58:27","guid":{"rendered":"http:\/\/folhadosudeste.com\/site\/?p=3874"},"modified":"2014-06-25T11:51:09","modified_gmt":"2014-06-25T11:51:09","slug":"muriae-tera-feira-das-liquidacoes","status":"publish","type":"post","link":"https:\/\/folhadosudeste.com\/site\/?p=3874","title":{"rendered":"Muria\u00e9 ter\u00e1 Feira das Liquida\u00e7\u00f5es"},"content":{"rendered":"<p style=\"text-align: justify;\"><a href=\"http:\/\/folhadosudeste.com\/site\/wp-content\/uploads\/2014\/06\/feira.2.jpg\"><img loading=\"lazy\" decoding=\"async\" class=\"aligncenter size-full wp-image-3876\" alt=\"feira.2\" src=\"http:\/\/folhadosudeste.com\/site\/wp-content\/uploads\/2014\/06\/feira.2.jpg\" width=\"2592\" height=\"1944\" srcset=\"https:\/\/folhadosudeste.com\/site\/wp-content\/uploads\/2014\/06\/feira.2.jpg 2592w, https:\/\/folhadosudeste.com\/site\/wp-content\/uploads\/2014\/06\/feira.2-300x225.jpg 300w, https:\/\/folhadosudeste.com\/site\/wp-content\/uploads\/2014\/06\/feira.2-1024x768.jpg 1024w\" sizes=\"auto, (max-width: 2592px) 100vw, 2592px\" \/><\/a> <a href=\"http:\/\/folhadosudeste.com\/site\/wp-content\/uploads\/2014\/06\/feira.3.jpg\"><img loading=\"lazy\" decoding=\"async\" class=\"aligncenter size-full wp-image-3875\" alt=\"feira.3\" src=\"http:\/\/folhadosudeste.com\/site\/wp-content\/uploads\/2014\/06\/feira.3.jpg\" width=\"2592\" height=\"1944\" srcset=\"https:\/\/folhadosudeste.com\/site\/wp-content\/uploads\/2014\/06\/feira.3.jpg 2592w, https:\/\/folhadosudeste.com\/site\/wp-content\/uploads\/2014\/06\/feira.3-300x225.jpg 300w, https:\/\/folhadosudeste.com\/site\/wp-content\/uploads\/2014\/06\/feira.3-1024x768.jpg 1024w\" sizes=\"auto, (max-width: 2592px) 100vw, 2592px\" \/><\/a><\/p>\n<p style=\"text-align: justify;\">Muria\u00e9 ganhar\u00e1 uma feira de liquida\u00e7\u00f5es &#8211; outlet<\/p>\n<p style=\"text-align: justify;\">A 1\u00aa Feira das Liquida\u00e7\u00f5es de Muria\u00e9 dever\u00e1 acon tecer entre os dias 14 e 17 de agosto, no terreno do antigo Campo Nacional \u2013 Av. Dr. Passos (Arma\u00e7\u00e3o). O objetivo do evento \u00e9 escoar as mercadorias de esta\u00e7\u00f5es anteriores e ampliar o turismo de neg\u00f3cios, haja vista que o munic\u00edpio \u00e9 polo confeccionista.<\/p>\n<p style=\"text-align: justify;\">A estrutura do evento ser\u00e1 constitu\u00edda de 49 estandes. O espa\u00e7o a se realizar o feir\u00e3o \u00e9 munido de bons bares, restaurantes, estacionamentos e rede de hot\u00e9is. A secret\u00e1ria de Turismo, Ana L\u00facia Dutra de Carvalho, afirma que a iniciativa \u00e9 um sucesso em v\u00e1rias cidades da regi\u00e3o e, a Prefeitura pretende realiz\u00e1-la, em Muria\u00e9, duas vezes ao ano, visando aquecer o novo tipo de mercado \u201coutlet\u201d.<\/p>\n<p style=\"text-align: justify;\">Dentro do projeto de realiza\u00e7\u00e3o, est\u00e3o sendo estudadas as caracter\u00edsticas da cidade. A primeira reuni\u00e3o entre empres\u00e1rios, confeccionistas e lojistas aconteceu no Teatro Zaccaria Marques, na ter\u00e7a-feira (10), \u00e0s 19 horas. Ap\u00f3s este primeiro contato, os estandes j\u00e1 est\u00e3o dispon\u00edveis para serem alugados pelos propriet\u00e1rios de com\u00e9rcios e confeccionistas locais interessados em participar do novo neg\u00f3cio. As inscri\u00e7\u00f5es s\u00e3o na Secretaria de Turismo.<\/p>\n<p style=\"text-align: justify;\">O empres\u00e1rio da Zuzaka Sapateria, Silv\u00e9rio Jos\u00e9, apoiou a iniciativa e acredita que se deva fazer uma feira de liquida\u00e7\u00f5es para mostrar a qualidade dos produtos e a efici\u00eancia do empresariado local.<\/p>\n<p style=\"text-align: justify;\">Bruno Pires, empres\u00e1rio da Ab2b \u2013 empresa parceira na organiza\u00e7\u00e3o, disse que o evento j\u00e1 \u00e9 consolidado e acontece em formatos parecidos nas cidades de Campos, Rio de Janeiro, Itaperuna, Niter\u00f3i, Belo Horizonte e Juiz de Fora: \u201c\u00c9 uma feira de desconto; a inten\u00e7\u00e3o \u00e9 fazer em Muria\u00e9 no final do inverno e no final do ver\u00e3o\u201d, concluiu ele, lembrando que sua empresa est\u00e1 h\u00e1 mais de 17 anos no mercado e alcan\u00e7a \u00f3timos resultados para o turismo de neg\u00f3cios nos munic\u00edpios.<\/p>\n<p style=\"text-align: justify;\">Fonte:luciah_imp@muriae.mg.gov.br<\/p>\n","protected":false},"excerpt":{"rendered":"<p>Muria\u00e9 ganhar\u00e1 uma feira de liquida\u00e7\u00f5es &#8211; outlet A 1\u00aa Feira das Liquida\u00e7\u00f5es de Muria\u00e9 dever\u00e1 acon tecer entre os dias 14 e 17 de agosto, no terreno do antigo Campo Nacional \u2013 Av. Dr. Passos (Arma\u00e7\u00e3o). O objetivo do evento \u00e9 escoar as mercadorias de esta\u00e7\u00f5es anteriores e ampliar o turismo de neg\u00f3cios, haja [&hellip;]<\/p>\n","protected":false},"author":4,"featured_media":3875,"comment_status":"open","ping_status":"closed","sticky":false,"template":"","format":"standard","meta":{"_joinchat":[],"footnotes":""},"categories":[1],"tags":[],"class_list":["post-3874","post","type-post","status-publish","format-standard","has-post-thumbnail","hentry","category-sem-categoria"],"_links":{"self":[{"href":"https:\/\/folhadosudeste.com\/site\/index.php?rest_route=\/wp\/v2\/posts\/3874","targetHints":{"allow":["GET"]}}],"collection":[{"href":"https:\/\/folhadosudeste.com\/site\/index.php?rest_route=\/wp\/v2\/posts"}],"about":[{"href":"https:\/\/folhadosudeste.com\/site\/index.php?rest_route=\/wp\/v2\/types\/post"}],"author":[{"embeddable":true,"href":"https:\/\/folhadosudeste.com\/site\/index.php?rest_route=\/wp\/v2\/users\/4"}],"replies":[{"embeddable":true,"href":"https:\/\/folhadosudeste.com\/site\/index.php?rest_route=%2Fwp%2Fv2%2Fcomments&post=3874"}],"version-history":[{"count":1,"href":"https:\/\/folhadosudeste.com\/site\/index.php?rest_route=\/wp\/v2\/posts\/3874\/revisions"}],"predecessor-version":[{"id":3877,"href":"https:\/\/folhadosudeste.com\/site\/index.php?rest_route=\/wp\/v2\/posts\/3874\/revisions\/3877"}],"wp:featuredmedia":[{"embeddable":true,"href":"https:\/\/folhadosudeste.com\/site\/index.php?rest_route=\/wp\/v2\/media\/3875"}],"wp:attachment":[{"href":"https:\/\/folhadosudeste.com\/site\/index.php?rest_route=%2Fwp%2Fv2%2Fmedia&parent=3874"}],"wp:term":[{"taxonomy":"category","embeddable":true,"href":"https:\/\/folhadosudeste.com\/site\/index.php?rest_route=%2Fwp%2Fv2%2Fcategories&post=3874"},{"taxonomy":"post_tag","embeddable":true,"href":"https:\/\/folhadosudeste.com\/site\/index.php?rest_route=%2Fwp%2Fv2%2Ftags&post=3874"}],"curies":[{"name":"wp","href":"https:\/\/api.w.org\/{rel}","templated":true}]}}