{"id":3890,"date":"2014-06-14T03:35:15","date_gmt":"2014-06-14T03:35:15","guid":{"rendered":"http:\/\/folhadosudeste.com\/site\/?p=3890"},"modified":"2014-06-25T11:51:09","modified_gmt":"2014-06-25T11:51:09","slug":"7a-caminhada-e-6a-cavalgada-ecologica-de-rosario-da-limeira","status":"publish","type":"post","link":"https:\/\/folhadosudeste.com\/site\/?p=3890","title":{"rendered":"7\u00aa Caminhada e 6\u00aa Cavalgada Ecol\u00f3gica de Ros\u00e1rio da Limeira"},"content":{"rendered":"<p style=\"text-align: justify;\"><a href=\"http:\/\/folhadosudeste.com\/site\/wp-content\/uploads\/2014\/06\/calval-335.jpg\"><img loading=\"lazy\" decoding=\"async\" class=\"aligncenter size-full wp-image-3917\" alt=\"calval 335\" src=\"http:\/\/folhadosudeste.com\/site\/wp-content\/uploads\/2014\/06\/calval-335.jpg\" width=\"450\" height=\"300\" srcset=\"https:\/\/folhadosudeste.com\/site\/wp-content\/uploads\/2014\/06\/calval-335.jpg 450w, https:\/\/folhadosudeste.com\/site\/wp-content\/uploads\/2014\/06\/calval-335-300x200.jpg 300w\" sizes=\"auto, (max-width: 450px) 100vw, 450px\" \/><\/a><\/p>\n<p style=\"text-align: justify;\"><b>7\u00aa Caminhada e 6\u00aa Cavalgada Ecol\u00f3gica de Ros\u00e1rio da Limeira<\/b><\/p>\n<p style=\"text-align: justify;\">O munic\u00edpio de Ros\u00e1rio da Limeira realizou mais uma vez seu tradicional evento, que englobou a 7\u00aa Caminhada e 6\u00aa Cavalgada Ecol\u00f3gica. A festividade aconteceu no \u00faltimo final de semana, fechando com chave de ouro os trabalhos que come\u00e7aram no in\u00edcio da semana, com os alunos da rede municipal das escolas, focados na educa\u00e7\u00e3o ambiental e aproveitando a ocasi\u00e3o de comemora\u00e7\u00e3o do Dia Mundial do Meio Ambiente (5 de junho) em suas atividades. Eles puderam visitar usinas, assistir palestras, v\u00eddeos e slides de apresenta\u00e7\u00e3o sobre o tema&#8230;Saiba mais na edi\u00e7\u00e3o n\u00ba 614 do Jornal Folha do sudeste.[dopwgg id=&#8221;335&#8243;]<\/p>\n","protected":false},"excerpt":{"rendered":"<p>7\u00aa Caminhada e 6\u00aa Cavalgada Ecol\u00f3gica de Ros\u00e1rio da Limeira O munic\u00edpio de Ros\u00e1rio da Limeira realizou mais uma vez seu tradicional evento, que englobou a 7\u00aa Caminhada e 6\u00aa Cavalgada Ecol\u00f3gica. A festividade aconteceu no \u00faltimo final de semana, fechando com chave de ouro os trabalhos que come\u00e7aram no in\u00edcio da semana, com os [&hellip;]<\/p>\n","protected":false},"author":4,"featured_media":3917,"comment_status":"open","ping_status":"closed","sticky":false,"template":"","format":"standard","meta":{"_joinchat":[],"footnotes":""},"categories":[1],"tags":[],"class_list":["post-3890","post","type-post","status-publish","format-standard","has-post-thumbnail","hentry","category-sem-categoria"],"_links":{"self":[{"href":"https:\/\/folhadosudeste.com\/site\/index.php?rest_route=\/wp\/v2\/posts\/3890","targetHints":{"allow":["GET"]}}],"collection":[{"href":"https:\/\/folhadosudeste.com\/site\/index.php?rest_route=\/wp\/v2\/posts"}],"about":[{"href":"https:\/\/folhadosudeste.com\/site\/index.php?rest_route=\/wp\/v2\/types\/post"}],"author":[{"embeddable":true,"href":"https:\/\/folhadosudeste.com\/site\/index.php?rest_route=\/wp\/v2\/users\/4"}],"replies":[{"embeddable":true,"href":"https:\/\/folhadosudeste.com\/site\/index.php?rest_route=%2Fwp%2Fv2%2Fcomments&post=3890"}],"version-history":[{"count":2,"href":"https:\/\/folhadosudeste.com\/site\/index.php?rest_route=\/wp\/v2\/posts\/3890\/revisions"}],"predecessor-version":[{"id":3918,"href":"https:\/\/folhadosudeste.com\/site\/index.php?rest_route=\/wp\/v2\/posts\/3890\/revisions\/3918"}],"wp:featuredmedia":[{"embeddable":true,"href":"https:\/\/folhadosudeste.com\/site\/index.php?rest_route=\/wp\/v2\/media\/3917"}],"wp:attachment":[{"href":"https:\/\/folhadosudeste.com\/site\/index.php?rest_route=%2Fwp%2Fv2%2Fmedia&parent=3890"}],"wp:term":[{"taxonomy":"category","embeddable":true,"href":"https:\/\/folhadosudeste.com\/site\/index.php?rest_route=%2Fwp%2Fv2%2Fcategories&post=3890"},{"taxonomy":"post_tag","embeddable":true,"href":"https:\/\/folhadosudeste.com\/site\/index.php?rest_route=%2Fwp%2Fv2%2Ftags&post=3890"}],"curies":[{"name":"wp","href":"https:\/\/api.w.org\/{rel}","templated":true}]}}