{"id":3892,"date":"2014-06-14T03:33:57","date_gmt":"2014-06-14T03:33:57","guid":{"rendered":"http:\/\/folhadosudeste.com\/site\/?p=3892"},"modified":"2014-06-25T11:51:09","modified_gmt":"2014-06-25T11:51:09","slug":"piscicultura-ornamental-e-tema-principal-do-dia-de-campo","status":"publish","type":"post","link":"https:\/\/folhadosudeste.com\/site\/?p=3892","title":{"rendered":"Piscicultura Ornamental \u00e9 tema principal do Dia de Campo"},"content":{"rendered":"<p style=\"text-align: justify;\"><a href=\"http:\/\/folhadosudeste.com\/site\/wp-content\/uploads\/2014\/06\/pisicult-334.jpg\"><img loading=\"lazy\" decoding=\"async\" class=\"aligncenter size-full wp-image-3915\" alt=\"pisicult 334\" src=\"http:\/\/folhadosudeste.com\/site\/wp-content\/uploads\/2014\/06\/pisicult-334.jpg\" width=\"450\" height=\"300\" srcset=\"https:\/\/folhadosudeste.com\/site\/wp-content\/uploads\/2014\/06\/pisicult-334.jpg 450w, https:\/\/folhadosudeste.com\/site\/wp-content\/uploads\/2014\/06\/pisicult-334-300x200.jpg 300w\" sizes=\"auto, (max-width: 450px) 100vw, 450px\" \/><\/a><\/p>\n<p style=\"text-align: justify;\"><b>Piscicultura Ornamental \u00e9 tema principal do Dia de Campo<\/b><\/p>\n<p style=\"text-align: justify;\">Mais uma grande aula de conhecimentos e tecnologias voltadas aos produtores rurais foi realizada, desta vez no evento Dia de Campo em Piscicultura Ornamental, no dia 5 de junho, Dia Mundial do Meio Ambiente. O local escolhido n\u00e3o poderia ser melhor: a Fazenda Jacarezinho, em Patroc\u00ednio do Muria\u00e9, munic\u00edpio que \u00e9 grande destaque na produ\u00e7\u00e3o de peixes ornamentais. O evento foi promovido pela Emater, em parceria com v\u00e1rios \u00f3rg\u00e3os ligados \u00e0 produ\u00e7\u00e3o rural&#8230;Saiba mais na edi\u00e7\u00e3o n\u00ba 614 do Jornal Folha do sudeste.[dopwgg id=&#8221;334&#8243;]<\/p>\n","protected":false},"excerpt":{"rendered":"<p>Piscicultura Ornamental \u00e9 tema principal do Dia de Campo Mais uma grande aula de conhecimentos e tecnologias voltadas aos produtores rurais foi realizada, desta vez no evento Dia de Campo em Piscicultura Ornamental, no dia 5 de junho, Dia Mundial do Meio Ambiente. O local escolhido n\u00e3o poderia ser melhor: a Fazenda Jacarezinho, em Patroc\u00ednio [&hellip;]<\/p>\n","protected":false},"author":4,"featured_media":3915,"comment_status":"open","ping_status":"closed","sticky":false,"template":"","format":"standard","meta":{"_joinchat":[],"footnotes":""},"categories":[1],"tags":[],"class_list":["post-3892","post","type-post","status-publish","format-standard","has-post-thumbnail","hentry","category-sem-categoria"],"_links":{"self":[{"href":"https:\/\/folhadosudeste.com\/site\/index.php?rest_route=\/wp\/v2\/posts\/3892","targetHints":{"allow":["GET"]}}],"collection":[{"href":"https:\/\/folhadosudeste.com\/site\/index.php?rest_route=\/wp\/v2\/posts"}],"about":[{"href":"https:\/\/folhadosudeste.com\/site\/index.php?rest_route=\/wp\/v2\/types\/post"}],"author":[{"embeddable":true,"href":"https:\/\/folhadosudeste.com\/site\/index.php?rest_route=\/wp\/v2\/users\/4"}],"replies":[{"embeddable":true,"href":"https:\/\/folhadosudeste.com\/site\/index.php?rest_route=%2Fwp%2Fv2%2Fcomments&post=3892"}],"version-history":[{"count":2,"href":"https:\/\/folhadosudeste.com\/site\/index.php?rest_route=\/wp\/v2\/posts\/3892\/revisions"}],"predecessor-version":[{"id":3916,"href":"https:\/\/folhadosudeste.com\/site\/index.php?rest_route=\/wp\/v2\/posts\/3892\/revisions\/3916"}],"wp:featuredmedia":[{"embeddable":true,"href":"https:\/\/folhadosudeste.com\/site\/index.php?rest_route=\/wp\/v2\/media\/3915"}],"wp:attachment":[{"href":"https:\/\/folhadosudeste.com\/site\/index.php?rest_route=%2Fwp%2Fv2%2Fmedia&parent=3892"}],"wp:term":[{"taxonomy":"category","embeddable":true,"href":"https:\/\/folhadosudeste.com\/site\/index.php?rest_route=%2Fwp%2Fv2%2Fcategories&post=3892"},{"taxonomy":"post_tag","embeddable":true,"href":"https:\/\/folhadosudeste.com\/site\/index.php?rest_route=%2Fwp%2Fv2%2Ftags&post=3892"}],"curies":[{"name":"wp","href":"https:\/\/api.w.org\/{rel}","templated":true}]}}