{"id":3900,"date":"2014-06-14T14:08:13","date_gmt":"2014-06-14T14:08:13","guid":{"rendered":"http:\/\/folhadosudeste.com\/site\/?p=3900"},"modified":"2014-06-25T11:50:42","modified_gmt":"2014-06-25T11:50:42","slug":"festa-junina-do-silveira-brum-em-clima-de-copa-do-mundo","status":"publish","type":"post","link":"https:\/\/folhadosudeste.com\/site\/?p=3900","title":{"rendered":"Festa Junina do Silveira Brum em clima de Copa do Mundo"},"content":{"rendered":"<p style=\"text-align: justify;\"><a href=\"http:\/\/folhadosudeste.com\/site\/wp-content\/uploads\/2014\/06\/DSC_0045.jpg\"><img loading=\"lazy\" decoding=\"async\" class=\"aligncenter size-full wp-image-3921\" alt=\"DSC_0045\" src=\"http:\/\/folhadosudeste.com\/site\/wp-content\/uploads\/2014\/06\/DSC_0045.jpg\" width=\"800\" height=\"533\" srcset=\"https:\/\/folhadosudeste.com\/site\/wp-content\/uploads\/2014\/06\/DSC_0045.jpg 800w, https:\/\/folhadosudeste.com\/site\/wp-content\/uploads\/2014\/06\/DSC_0045-300x199.jpg 300w\" sizes=\"auto, (max-width: 800px) 100vw, 800px\" \/><\/a><\/p>\n<p style=\"text-align: justify;\"><b>Festa Junina do Silveira Brum em clima de Copa do Mundo<\/b><\/p>\n<p style=\"text-align: justify;\">Um verdadeiro show! Assim pode ser definida a Festa Junina 2014 da Escola Estadual Silveira Brum, que foi realizada na noite da \u00faltima ter\u00e7a (10), no sal\u00e3o de eventos do Parque de Exposi\u00e7\u00f5es Lael Varella. Um show de organiza\u00e7\u00e3o, de decora\u00e7\u00e3o e de coreografias dos alunos. A escola estava em clima de Copa do Mundo, o evento foi baseado nas cores verde, amarela, azul e branca, com muitas bandeiras e ornamentos, al\u00e9m das m\u00fasicas e roupas caracterizadas dos participantes. ..Saiba mais na edi\u00e7\u00e3o n\u00ba 614 do Jornal Folha do sudeste.[dopwgg id=&#8221;338&#8243;]<\/p>\n","protected":false},"excerpt":{"rendered":"<p>Festa Junina do Silveira Brum em clima de Copa do Mundo Um verdadeiro show! Assim pode ser definida a Festa Junina 2014 da Escola Estadual Silveira Brum, que foi realizada na noite da \u00faltima ter\u00e7a (10), no sal\u00e3o de eventos do Parque de Exposi\u00e7\u00f5es Lael Varella. Um show de organiza\u00e7\u00e3o, de decora\u00e7\u00e3o e de coreografias [&hellip;]<\/p>\n","protected":false},"author":4,"featured_media":3921,"comment_status":"open","ping_status":"closed","sticky":false,"template":"","format":"standard","meta":{"_joinchat":[],"footnotes":""},"categories":[1],"tags":[],"class_list":["post-3900","post","type-post","status-publish","format-standard","has-post-thumbnail","hentry","category-sem-categoria"],"_links":{"self":[{"href":"https:\/\/folhadosudeste.com\/site\/index.php?rest_route=\/wp\/v2\/posts\/3900","targetHints":{"allow":["GET"]}}],"collection":[{"href":"https:\/\/folhadosudeste.com\/site\/index.php?rest_route=\/wp\/v2\/posts"}],"about":[{"href":"https:\/\/folhadosudeste.com\/site\/index.php?rest_route=\/wp\/v2\/types\/post"}],"author":[{"embeddable":true,"href":"https:\/\/folhadosudeste.com\/site\/index.php?rest_route=\/wp\/v2\/users\/4"}],"replies":[{"embeddable":true,"href":"https:\/\/folhadosudeste.com\/site\/index.php?rest_route=%2Fwp%2Fv2%2Fcomments&post=3900"}],"version-history":[{"count":2,"href":"https:\/\/folhadosudeste.com\/site\/index.php?rest_route=\/wp\/v2\/posts\/3900\/revisions"}],"predecessor-version":[{"id":3922,"href":"https:\/\/folhadosudeste.com\/site\/index.php?rest_route=\/wp\/v2\/posts\/3900\/revisions\/3922"}],"wp:featuredmedia":[{"embeddable":true,"href":"https:\/\/folhadosudeste.com\/site\/index.php?rest_route=\/wp\/v2\/media\/3921"}],"wp:attachment":[{"href":"https:\/\/folhadosudeste.com\/site\/index.php?rest_route=%2Fwp%2Fv2%2Fmedia&parent=3900"}],"wp:term":[{"taxonomy":"category","embeddable":true,"href":"https:\/\/folhadosudeste.com\/site\/index.php?rest_route=%2Fwp%2Fv2%2Fcategories&post=3900"},{"taxonomy":"post_tag","embeddable":true,"href":"https:\/\/folhadosudeste.com\/site\/index.php?rest_route=%2Fwp%2Fv2%2Ftags&post=3900"}],"curies":[{"name":"wp","href":"https:\/\/api.w.org\/{rel}","templated":true}]}}