{"id":3924,"date":"2014-06-17T21:40:37","date_gmt":"2014-06-17T21:40:37","guid":{"rendered":"http:\/\/folhadosudeste.com\/site\/?p=3924"},"modified":"2014-06-25T11:50:41","modified_gmt":"2014-06-25T11:50:41","slug":"47o-bpm-comemora-seu-setimo-aniversario-com-homenagem-a-autoridades-e-colaboradores","status":"publish","type":"post","link":"https:\/\/folhadosudeste.com\/site\/?p=3924","title":{"rendered":"\u201c47\u00ba BPM COMEMORA SEU S\u00c9TIMO ANIVERS\u00c1RIO COM HOMENAGEM A AUTORIDADES E COLABORADORES\u201d"},"content":{"rendered":"<p align=\"center\"><b><i>\u201c47\u00ba BPM COMEMORA SEU S\u00c9TIMO ANIVERS\u00c1RIO COM HOMENAGEM A AUTORIDADES E COLABORADORES\u201d<a href=\"http:\/\/folhadosudeste.com\/site\/wp-content\/uploads\/2014\/06\/RAN_9906.jpg\"><img loading=\"lazy\" decoding=\"async\" class=\"aligncenter size-full wp-image-3925\" alt=\"RAN_9906\" src=\"http:\/\/folhadosudeste.com\/site\/wp-content\/uploads\/2014\/06\/RAN_9906.jpg\" width=\"4256\" height=\"2832\" srcset=\"https:\/\/folhadosudeste.com\/site\/wp-content\/uploads\/2014\/06\/RAN_9906.jpg 4256w, https:\/\/folhadosudeste.com\/site\/wp-content\/uploads\/2014\/06\/RAN_9906-300x199.jpg 300w, https:\/\/folhadosudeste.com\/site\/wp-content\/uploads\/2014\/06\/RAN_9906-1024x681.jpg 1024w\" sizes=\"auto, (max-width: 4256px) 100vw, 4256px\" \/><\/a> <a href=\"http:\/\/folhadosudeste.com\/site\/wp-content\/uploads\/2014\/06\/RAN_0156.jpg\"><img loading=\"lazy\" decoding=\"async\" class=\"aligncenter size-full wp-image-3926\" alt=\"RAN_0156\" src=\"http:\/\/folhadosudeste.com\/site\/wp-content\/uploads\/2014\/06\/RAN_0156.jpg\" width=\"4256\" height=\"2832\" srcset=\"https:\/\/folhadosudeste.com\/site\/wp-content\/uploads\/2014\/06\/RAN_0156.jpg 4256w, https:\/\/folhadosudeste.com\/site\/wp-content\/uploads\/2014\/06\/RAN_0156-300x199.jpg 300w, https:\/\/folhadosudeste.com\/site\/wp-content\/uploads\/2014\/06\/RAN_0156-1024x681.jpg 1024w\" sizes=\"auto, (max-width: 4256px) 100vw, 4256px\" \/><\/a> <a href=\"http:\/\/folhadosudeste.com\/site\/wp-content\/uploads\/2014\/06\/RAN_9813.jpg\"><img loading=\"lazy\" decoding=\"async\" class=\"aligncenter size-full wp-image-3927\" alt=\"RAN_9813\" src=\"http:\/\/folhadosudeste.com\/site\/wp-content\/uploads\/2014\/06\/RAN_9813.jpg\" width=\"4256\" height=\"2832\" srcset=\"https:\/\/folhadosudeste.com\/site\/wp-content\/uploads\/2014\/06\/RAN_9813.jpg 4256w, https:\/\/folhadosudeste.com\/site\/wp-content\/uploads\/2014\/06\/RAN_9813-300x199.jpg 300w, https:\/\/folhadosudeste.com\/site\/wp-content\/uploads\/2014\/06\/RAN_9813-1024x681.jpg 1024w\" sizes=\"auto, (max-width: 4256px) 100vw, 4256px\" \/><\/a> <a href=\"http:\/\/folhadosudeste.com\/site\/wp-content\/uploads\/2014\/06\/RAN_9683.jpg\"><img loading=\"lazy\" decoding=\"async\" class=\"aligncenter size-full wp-image-3928\" alt=\"RAN_9683\" src=\"http:\/\/folhadosudeste.com\/site\/wp-content\/uploads\/2014\/06\/RAN_9683.jpg\" width=\"4256\" height=\"2832\" srcset=\"https:\/\/folhadosudeste.com\/site\/wp-content\/uploads\/2014\/06\/RAN_9683.jpg 4256w, https:\/\/folhadosudeste.com\/site\/wp-content\/uploads\/2014\/06\/RAN_9683-300x199.jpg 300w, https:\/\/folhadosudeste.com\/site\/wp-content\/uploads\/2014\/06\/RAN_9683-1024x681.jpg 1024w\" sizes=\"auto, (max-width: 4256px) 100vw, 4256px\" \/><\/a><\/i><\/b><b><i>\u00a0<\/i><\/b><\/p>\n<p align=\"center\">\u00a0Em 16\/06\/14, \u00e0s 10hs foi dado in\u00edcio a Solenidade Comemorativa aos 239 anos de exist\u00eancia da PMMG, comemorando ainda o s\u00e9timo anivers\u00e1rio de cria\u00e7\u00e3o e instala\u00e7\u00e3o do 47\u00ba BPM, sediado em Muria\u00e9. Nesta oportunidade, o Quadrag\u00e9simo S\u00e9timo Batalh\u00e3o, por interm\u00e9dio de seu Comandante Ten Cel PM Cl\u00e1udio Naz\u00e1rio da Silva Machadoo, homenageia e agradece profundamente, atrav\u00e9s da outorga do T\u00edtulo \u201cGUARDI\u00c3O DA DIVISA\u201d, as personalidades e Policiais Militares que muito contribu\u00edram para elevar o nome e a imagem da Unidade.<\/p>\n<p>\u00a0\u00a0\u00a0\u00a0\u00a0\u00a0\u00a0\u00a0\u00a0\u00a0\u00a0 Foram homenageados com o citado T\u00edtulo, o Cel PM Jos\u00e9 Geraldo de Lima &#8211; Comandante da 4\u00aa RPM, o Cel PM L\u00facio Baracho de Souza &#8211; Comandante do 6\u00ba Comando de Policiamento de \u00c1rea da PMERJ, Waldinei Chicareli de Andrade \u2013 Prefeito Municipal de Vieiras-MG, Dr. ant\u00f4nio Augusto Pavel Toledo &#8211; Merit\u00edssimo juiz de Direito da Comarca de Miradouro-MG, Dr. Rangel Martino de Oliveira Paiva &#8211; Delegado da 4\u00aa DRPC, Dr. Ivan Zornoff de Mattos &#8211; M\u00e9dico Cl\u00ednico Geral de Carangola \u2013 MG, Associa\u00e7\u00e3o dos Pra\u00e7as Policiais e Bombeiros Militares de Minas Gerais, Gabriela de Oliveira Marquito &#8211; Editora Chefe do Jornal \u201c A Not\u00edcia\u201d, Valdir Luzia de Souza &#8211; Gerente da Vidra\u00e7aria Muria\u00e9, Organiza\u00e7\u00f5es Elder Abreu, Jos\u00e9 Wilson Martins &#8211; Presidente do Colina Country Clube, Sebasti\u00e3o Moreira Paiva &#8211; Presidente do Grupo Premium Plaza, 1\u00ba Ten PM\u00a0 Saulo Bento da Cunha, 2\u00ba Sgt PM Jadilson de Souza, 3\u00ba Sgt PM Edson Amorim de Souza e 3\u00ba Sgt PM Alexsandro da Silva Rodrigues.<\/p>\n<p>Ainda de forma a prestar uma devida e justa homenagem aos distintos Policiais Militares da Reserva, os quais ap\u00f3s uma vida inteira dedicada \u00e0 causa p\u00fablica, foi entregue o certificado \u201cDever Cumprido\u201d ao 2\u00ba Ten QOR Paulo C\u00e9sar Ferreira Alves, 2\u00ba Sgt QPR Eraldo Hon\u00f3rio Ribeiro, 2\u00ba Sgt QPR Emanuel de Assis Gon\u00e7alves, 2\u00ba Sgt QPR Camilo Jos\u00e9 de Paula e 3\u00ba Sgt QPR Evandro Fernando Silva de Oliveira. Foram agraciados ainda alguns militares com a Medalha de M\u00e9rito Militar.<\/p>\n<p>Ao final o Comandante do 47\u00ba BPM juntamente com o Dr. Aloysio Navarro de Aquino &#8211; Prefeito da Cidade de Muria\u00e9, fizeram o descerramento de duas placas inaugurais sendo a nova sede da Assessoria de Comunica\u00e7\u00e3o Organizacional da Unidade e da \u00c1rea de Conviv\u00eancia, destinada aos momentos de lazer da fam\u00edlia do \u201cGuardi\u00e3o da Divisa\u201d.<\/p>\n","protected":false},"excerpt":{"rendered":"<p>\u201c47\u00ba BPM COMEMORA SEU S\u00c9TIMO ANIVERS\u00c1RIO COM HOMENAGEM A AUTORIDADES E COLABORADORES\u201d \u00a0 \u00a0Em 16\/06\/14, \u00e0s 10hs foi dado in\u00edcio a Solenidade Comemorativa aos 239 anos de exist\u00eancia da PMMG, comemorando ainda o s\u00e9timo anivers\u00e1rio de cria\u00e7\u00e3o e instala\u00e7\u00e3o do 47\u00ba BPM, sediado em Muria\u00e9. Nesta oportunidade, o Quadrag\u00e9simo S\u00e9timo Batalh\u00e3o, por interm\u00e9dio de seu [&hellip;]<\/p>\n","protected":false},"author":4,"featured_media":3928,"comment_status":"open","ping_status":"closed","sticky":false,"template":"","format":"standard","meta":{"_joinchat":[],"footnotes":""},"categories":[1],"tags":[],"class_list":["post-3924","post","type-post","status-publish","format-standard","has-post-thumbnail","hentry","category-sem-categoria"],"_links":{"self":[{"href":"https:\/\/folhadosudeste.com\/site\/index.php?rest_route=\/wp\/v2\/posts\/3924","targetHints":{"allow":["GET"]}}],"collection":[{"href":"https:\/\/folhadosudeste.com\/site\/index.php?rest_route=\/wp\/v2\/posts"}],"about":[{"href":"https:\/\/folhadosudeste.com\/site\/index.php?rest_route=\/wp\/v2\/types\/post"}],"author":[{"embeddable":true,"href":"https:\/\/folhadosudeste.com\/site\/index.php?rest_route=\/wp\/v2\/users\/4"}],"replies":[{"embeddable":true,"href":"https:\/\/folhadosudeste.com\/site\/index.php?rest_route=%2Fwp%2Fv2%2Fcomments&post=3924"}],"version-history":[{"count":1,"href":"https:\/\/folhadosudeste.com\/site\/index.php?rest_route=\/wp\/v2\/posts\/3924\/revisions"}],"predecessor-version":[{"id":3929,"href":"https:\/\/folhadosudeste.com\/site\/index.php?rest_route=\/wp\/v2\/posts\/3924\/revisions\/3929"}],"wp:featuredmedia":[{"embeddable":true,"href":"https:\/\/folhadosudeste.com\/site\/index.php?rest_route=\/wp\/v2\/media\/3928"}],"wp:attachment":[{"href":"https:\/\/folhadosudeste.com\/site\/index.php?rest_route=%2Fwp%2Fv2%2Fmedia&parent=3924"}],"wp:term":[{"taxonomy":"category","embeddable":true,"href":"https:\/\/folhadosudeste.com\/site\/index.php?rest_route=%2Fwp%2Fv2%2Fcategories&post=3924"},{"taxonomy":"post_tag","embeddable":true,"href":"https:\/\/folhadosudeste.com\/site\/index.php?rest_route=%2Fwp%2Fv2%2Ftags&post=3924"}],"curies":[{"name":"wp","href":"https:\/\/api.w.org\/{rel}","templated":true}]}}