{"id":3987,"date":"2014-06-20T13:23:47","date_gmt":"2014-06-20T13:23:47","guid":{"rendered":"http:\/\/folhadosudeste.com\/site\/?p=3987"},"modified":"2014-06-25T11:50:41","modified_gmt":"2014-06-25T11:50:41","slug":"cras-promovem-palestras-sobre-combate-ao-trabalho-infantil","status":"publish","type":"post","link":"https:\/\/folhadosudeste.com\/site\/?p=3987","title":{"rendered":"Cras promovem palestras sobre Combate ao Trabalho Infantil"},"content":{"rendered":"<p align=\"center\"><b><a href=\"http:\/\/folhadosudeste.com\/site\/wp-content\/uploads\/2014\/06\/cas3.jpg\"><img loading=\"lazy\" decoding=\"async\" class=\"aligncenter size-full wp-image-3988\" alt=\"cas3\" src=\"http:\/\/folhadosudeste.com\/site\/wp-content\/uploads\/2014\/06\/cas3.jpg\" width=\"960\" height=\"720\" srcset=\"https:\/\/folhadosudeste.com\/site\/wp-content\/uploads\/2014\/06\/cas3.jpg 960w, https:\/\/folhadosudeste.com\/site\/wp-content\/uploads\/2014\/06\/cas3-300x225.jpg 300w\" sizes=\"auto, (max-width: 960px) 100vw, 960px\" \/><\/a> <a href=\"http:\/\/folhadosudeste.com\/site\/wp-content\/uploads\/2014\/06\/cas1.jpg\"><img loading=\"lazy\" decoding=\"async\" class=\"aligncenter size-full wp-image-3989\" alt=\"cas1\" src=\"http:\/\/folhadosudeste.com\/site\/wp-content\/uploads\/2014\/06\/cas1.jpg\" width=\"960\" height=\"720\" srcset=\"https:\/\/folhadosudeste.com\/site\/wp-content\/uploads\/2014\/06\/cas1.jpg 960w, https:\/\/folhadosudeste.com\/site\/wp-content\/uploads\/2014\/06\/cas1-300x225.jpg 300w\" sizes=\"auto, (max-width: 960px) 100vw, 960px\" \/><\/a> <a href=\"http:\/\/folhadosudeste.com\/site\/wp-content\/uploads\/2014\/06\/cas2.jpg\"><img loading=\"lazy\" decoding=\"async\" class=\"aligncenter size-full wp-image-3990\" alt=\"cas2\" src=\"http:\/\/folhadosudeste.com\/site\/wp-content\/uploads\/2014\/06\/cas2.jpg\" width=\"960\" height=\"720\" srcset=\"https:\/\/folhadosudeste.com\/site\/wp-content\/uploads\/2014\/06\/cas2.jpg 960w, https:\/\/folhadosudeste.com\/site\/wp-content\/uploads\/2014\/06\/cas2-300x225.jpg 300w\" sizes=\"auto, (max-width: 960px) 100vw, 960px\" \/><\/a>Cras promovem palestras sobre\u00a0<\/b><b>Combate ao\u00a0Trabalho Infantil<\/b><\/p>\n<p>No Dia Nacional de Combate ao\u00a0Trabalho Infantil, 12 de junho, os Centros de Refer\u00eancia de Assist\u00eancia Social (Cras) dos bairros Aeroporto e Santa Terezinha, promoveram um bate papo com o presidente do Conselho Tutelar, Vander Bruni, que destacou sobre o tema e como esse tipo de trabalho se manifesta nos meios rural ou urbano. Salientou tamb\u00e9m sobre a import\u00e2ncia da viv\u00eancia da inf\u00e2ncia e as consequ\u00eancias geradas com o trabalho infantil, exemplificadas no baixo rendimento escolar, comprometimento da aprendizagem, perda da inf\u00e2ncia, dentre outros problemas. Nas ocasi\u00f5es, ainda foram exibidos v\u00eddeos com depoimentos reais de crian\u00e7as, chamando a aten\u00e7\u00e3o de todos para essa tem\u00e1tica.<\/p>\n<p>Estiveram presentes as crian\u00e7as, os idosos que fazem parte dos grupos de conviv\u00eancia e as m\u00e3es do grupo do PAIF.<\/p>\n<p>Fonte:Nath\u00e1lia Aquino Sigiliano<\/p>\n","protected":false},"excerpt":{"rendered":"<p>Cras promovem palestras sobre\u00a0Combate ao\u00a0Trabalho Infantil No Dia Nacional de Combate ao\u00a0Trabalho Infantil, 12 de junho, os Centros de Refer\u00eancia de Assist\u00eancia Social (Cras) dos bairros Aeroporto e Santa Terezinha, promoveram um bate papo com o presidente do Conselho Tutelar, Vander Bruni, que destacou sobre o tema e como esse tipo de trabalho se manifesta [&hellip;]<\/p>\n","protected":false},"author":4,"featured_media":3990,"comment_status":"open","ping_status":"closed","sticky":false,"template":"","format":"standard","meta":{"_joinchat":[],"footnotes":""},"categories":[1],"tags":[],"class_list":["post-3987","post","type-post","status-publish","format-standard","has-post-thumbnail","hentry","category-sem-categoria"],"_links":{"self":[{"href":"https:\/\/folhadosudeste.com\/site\/index.php?rest_route=\/wp\/v2\/posts\/3987","targetHints":{"allow":["GET"]}}],"collection":[{"href":"https:\/\/folhadosudeste.com\/site\/index.php?rest_route=\/wp\/v2\/posts"}],"about":[{"href":"https:\/\/folhadosudeste.com\/site\/index.php?rest_route=\/wp\/v2\/types\/post"}],"author":[{"embeddable":true,"href":"https:\/\/folhadosudeste.com\/site\/index.php?rest_route=\/wp\/v2\/users\/4"}],"replies":[{"embeddable":true,"href":"https:\/\/folhadosudeste.com\/site\/index.php?rest_route=%2Fwp%2Fv2%2Fcomments&post=3987"}],"version-history":[{"count":2,"href":"https:\/\/folhadosudeste.com\/site\/index.php?rest_route=\/wp\/v2\/posts\/3987\/revisions"}],"predecessor-version":[{"id":3992,"href":"https:\/\/folhadosudeste.com\/site\/index.php?rest_route=\/wp\/v2\/posts\/3987\/revisions\/3992"}],"wp:featuredmedia":[{"embeddable":true,"href":"https:\/\/folhadosudeste.com\/site\/index.php?rest_route=\/wp\/v2\/media\/3990"}],"wp:attachment":[{"href":"https:\/\/folhadosudeste.com\/site\/index.php?rest_route=%2Fwp%2Fv2%2Fmedia&parent=3987"}],"wp:term":[{"taxonomy":"category","embeddable":true,"href":"https:\/\/folhadosudeste.com\/site\/index.php?rest_route=%2Fwp%2Fv2%2Fcategories&post=3987"},{"taxonomy":"post_tag","embeddable":true,"href":"https:\/\/folhadosudeste.com\/site\/index.php?rest_route=%2Fwp%2Fv2%2Ftags&post=3987"}],"curies":[{"name":"wp","href":"https:\/\/api.w.org\/{rel}","templated":true}]}}