{"id":3997,"date":"2014-06-20T19:20:55","date_gmt":"2014-06-20T19:20:55","guid":{"rendered":"http:\/\/folhadosudeste.com\/site\/?p=3997"},"modified":"2014-06-25T11:50:41","modified_gmt":"2014-06-25T11:50:41","slug":"argentina-acerta-os-ultimos-detalhes-para-a-partida-contra-o-ira-neste-sabado-no-mineirao","status":"publish","type":"post","link":"https:\/\/folhadosudeste.com\/site\/?p=3997","title":{"rendered":"Argentina acerta os \u00faltimos detalhes para a partida contra o Ir\u00e3, neste s\u00e1bado, no Mineir\u00e3o"},"content":{"rendered":"<div style=\"text-align: justify;\"><a href=\"http:\/\/folhadosudeste.com\/site\/wp-content\/uploads\/2014\/06\/argentina.jpg\"><img loading=\"lazy\" decoding=\"async\" class=\"aligncenter size-full wp-image-3998\" alt=\"argentina\" src=\"http:\/\/folhadosudeste.com\/site\/wp-content\/uploads\/2014\/06\/argentina.jpg\" width=\"6144\" height=\"4080\" srcset=\"https:\/\/folhadosudeste.com\/site\/wp-content\/uploads\/2014\/06\/argentina.jpg 2048w, https:\/\/folhadosudeste.com\/site\/wp-content\/uploads\/2014\/06\/argentina-300x199.jpg 300w, https:\/\/folhadosudeste.com\/site\/wp-content\/uploads\/2014\/06\/argentina-1024x680.jpg 1024w\" sizes=\"auto, (max-width: 6144px) 100vw, 6144px\" \/><\/a><\/div>\n<div style=\"text-align: justify;\"><span style=\"font-family: Arial; font-size: x-large;\"><b>Argentina acerta os \u00faltimos detalhes para a partida contra o Ir\u00e3, neste s\u00e1bado, no Mineir\u00e3o<\/b><\/span><\/div>\n<div style=\"text-align: justify;\"><span style=\"font-family: Arial; font-size: medium;\"><i>Em coletiva realizada no Gigante da Pampulha, o t\u00e9cnico Alejandro Sabella falou sobre a prepara\u00e7\u00e3o da equipe e a import\u00e2ncia da humildade na Copa do Mundo<\/i><\/span><\/div>\n<div style=\"text-align: justify;\"><\/div>\n<div style=\"text-align: justify;\"><span style=\"font-family: Arial; font-size: medium;\">O t\u00e9cnico da Argentina, Alejandro Sabella, voltou ao Mineir\u00e3o, nesta sexta-feira (20\/06), para participar de uma coletiva com a imprensa e fazer reconhecimento do gramado onde sua equipe jogar\u00e1, neste s\u00e1bado (21\/06), contra o Ir\u00e3, \u00e0s 13h.<\/span><\/div>\n<div style=\"text-align: justify;\"><span style=\"font-family: Arial; font-size: medium;\">\u00a0<\/span><\/div>\n<div style=\"text-align: justify;\"><span style=\"font-family: Arial; font-size: medium;\">O treinador reiterou a import\u00e2ncia da arena em sua carreira como treinador do Estudiantes, clube pelo qual foi campe\u00e3o da Copa Libertadores da Am\u00e9rica, em 2009, contra o Cruzeiro. &#8220;Tenho uma lembran\u00e7a enorme desse est\u00e1dio. A caminho daqui, vim pensando no carro&#8230; Lembrei do momento quando o \u00f4nibus chegou e os jogadores come\u00e7aram a cantar. Os torcedores cruzeirenses nos olhavam e diziam: &#8216;esses est\u00e3o loucos&#8217;. Mas, ent\u00e3o, o placar naquele ano marcava 2 a 1, que foi o resultado final. Hoje, depois de pisar no gramado do est\u00e1dio, que foi remodelado, fiquei procurando aquele antigo placar, mas n\u00e3o o encontrei&#8221;, lembrou Sabella.<\/span><\/div>\n<div style=\"text-align: justify;\"><span style=\"font-family: Arial; font-size: medium;\">\u00a0<\/span><\/div>\n<div style=\"text-align: justify;\"><span style=\"font-family: Arial; font-size: medium;\">O argentino fez quest\u00e3o de refor\u00e7ar seu respeito \u00e0 sele\u00e7\u00e3o do Ir\u00e3, cuja primeira vit\u00f3ria em Copas aconteceu em 1998, contra os Estados Unidos. &#8220;Devemos sempre ter humildade. N\u00e3o existe rival fraco nesta Copa e n\u00e3o podemos subestimar nenhum time. Isso, para mim, \u00e9 uma atitude de vida&#8221;, pontuou. Para ele, o futebol \u00e9 o esporte mais &#8220;il\u00f3gico&#8221; de todos. Sobre o desempenho da atual campe\u00e3 do Mundo, a Espanha, Sabella disparou. &#8220;Eles certamente fizeram hist\u00f3ria. Acontece. Ningu\u00e9m quer jogar contra o Chile neste Mundial. \u00c9 uma equipe muito boa, com um t\u00e9cnico muito bom&#8221;, alertou.<\/span><\/div>\n<div style=\"text-align: justify;\"><span style=\"font-family: Arial; font-size: medium;\">\u00a0<\/span><\/div>\n<div style=\"text-align: justify;\"><span style=\"font-family: Arial;\"><span style=\"font-family: Arial;\"><span style=\"font-size: medium;\">Para o jogo contra o Ir\u00e3, s\u00e3o esperados cerca de 20 mil torcedores ao est\u00e1dio, segundo a Embaixada da Argentina no Brasil. Em nota, o Governo de Minas, por meio de suas for\u00e7as de seguran\u00e7a, refor\u00e7ou as recomenda\u00e7\u00f5es para os torcedores que v\u00e3o comparecer \u00e0 partida: &#8220;A Secretaria de Estado de Defesa Social, Pol\u00edcia Militar, Pol\u00edcia Civil e Corpo de Bombeiros recomendam que os torcedores cheguem ao Est\u00e1dio Mineir\u00e3o para a partida deste s\u00e1bado (21\/06) com anteced\u00eancia. Os port\u00f5es ser\u00e3o abertos \u00e0s 10h &#8211; tr\u00eas horas antes do in\u00edcio da partida. As for\u00e7as policiais esclarecem que as revistas e procedimentos de seguran\u00e7a s\u00e3o prioridade. Portanto, os torcedores devem se programar para evitar reten\u00e7\u00f5es e aglomera\u00e7\u00f5es intensas&#8221;.<\/span><\/span><\/span><\/div>\n<div style=\"text-align: justify;\"><b><span style=\"font-size: medium;\">Cr\u00e9dito das fotos: Gil Leonardi\/Imprensa MG<\/span><\/b><span style=\"font-size: small;\">GIL_4412 &#8211; \u00a0<\/span><\/p>\n<p><span style=\"font-size: small;\"><b>O meia Augusto Fern\u00e1ndez e o t\u00e9cnico Alejandro Sabella<\/b><\/span><\/p>\n<p>Fonte:SEGOV &#8211; Sup. Central de Imprensa<\/p>\n<\/div>\n","protected":false},"excerpt":{"rendered":"<p>Argentina acerta os \u00faltimos detalhes para a partida contra o Ir\u00e3, neste s\u00e1bado, no Mineir\u00e3o Em coletiva realizada no Gigante da Pampulha, o t\u00e9cnico Alejandro Sabella falou sobre a prepara\u00e7\u00e3o da equipe e a import\u00e2ncia da humildade na Copa do Mundo O t\u00e9cnico da Argentina, Alejandro Sabella, voltou ao Mineir\u00e3o, nesta sexta-feira (20\/06), para participar [&hellip;]<\/p>\n","protected":false},"author":4,"featured_media":3998,"comment_status":"open","ping_status":"closed","sticky":false,"template":"","format":"standard","meta":{"_joinchat":[],"footnotes":""},"categories":[1],"tags":[],"class_list":["post-3997","post","type-post","status-publish","format-standard","has-post-thumbnail","hentry","category-sem-categoria"],"_links":{"self":[{"href":"https:\/\/folhadosudeste.com\/site\/index.php?rest_route=\/wp\/v2\/posts\/3997","targetHints":{"allow":["GET"]}}],"collection":[{"href":"https:\/\/folhadosudeste.com\/site\/index.php?rest_route=\/wp\/v2\/posts"}],"about":[{"href":"https:\/\/folhadosudeste.com\/site\/index.php?rest_route=\/wp\/v2\/types\/post"}],"author":[{"embeddable":true,"href":"https:\/\/folhadosudeste.com\/site\/index.php?rest_route=\/wp\/v2\/users\/4"}],"replies":[{"embeddable":true,"href":"https:\/\/folhadosudeste.com\/site\/index.php?rest_route=%2Fwp%2Fv2%2Fcomments&post=3997"}],"version-history":[{"count":4,"href":"https:\/\/folhadosudeste.com\/site\/index.php?rest_route=\/wp\/v2\/posts\/3997\/revisions"}],"predecessor-version":[{"id":4001,"href":"https:\/\/folhadosudeste.com\/site\/index.php?rest_route=\/wp\/v2\/posts\/3997\/revisions\/4001"}],"wp:featuredmedia":[{"embeddable":true,"href":"https:\/\/folhadosudeste.com\/site\/index.php?rest_route=\/wp\/v2\/media\/3998"}],"wp:attachment":[{"href":"https:\/\/folhadosudeste.com\/site\/index.php?rest_route=%2Fwp%2Fv2%2Fmedia&parent=3997"}],"wp:term":[{"taxonomy":"category","embeddable":true,"href":"https:\/\/folhadosudeste.com\/site\/index.php?rest_route=%2Fwp%2Fv2%2Fcategories&post=3997"},{"taxonomy":"post_tag","embeddable":true,"href":"https:\/\/folhadosudeste.com\/site\/index.php?rest_route=%2Fwp%2Fv2%2Ftags&post=3997"}],"curies":[{"name":"wp","href":"https:\/\/api.w.org\/{rel}","templated":true}]}}