{"id":4035,"date":"2014-06-25T11:20:33","date_gmt":"2014-06-25T11:20:33","guid":{"rendered":"http:\/\/folhadosudeste.com\/site\/?p=4035"},"modified":"2014-06-25T11:50:41","modified_gmt":"2014-06-25T11:50:41","slug":"programacao-festa-do-padroeiro-matriz-sao-paulo","status":"publish","type":"post","link":"https:\/\/folhadosudeste.com\/site\/?p=4035","title":{"rendered":"Programa\u00e7\u00e3o &#8211; Festa do Padroeiro Matriz S\u00e3o Paulo"},"content":{"rendered":"<p><a href=\"http:\/\/folhadosudeste.com\/site\/wp-content\/uploads\/2014\/06\/CARTAZ-F-4-FESTA-DO-PADROEIRO-Matriz-S\u00e3o-Paulo-2014.jpg\"><img loading=\"lazy\" decoding=\"async\" class=\"aligncenter size-full wp-image-4036\" alt=\"CARTAZ  -  F-4 - FESTA DO PADROEIRO Matriz S\u00e3o Paulo 2014\" src=\"http:\/\/folhadosudeste.com\/site\/wp-content\/uploads\/2014\/06\/CARTAZ-F-4-FESTA-DO-PADROEIRO-Matriz-S\u00e3o-Paulo-2014.jpg\" width=\"800\" height=\"1186\" srcset=\"https:\/\/folhadosudeste.com\/site\/wp-content\/uploads\/2014\/06\/CARTAZ-F-4-FESTA-DO-PADROEIRO-Matriz-S\u00e3o-Paulo-2014.jpg 800w, https:\/\/folhadosudeste.com\/site\/wp-content\/uploads\/2014\/06\/CARTAZ-F-4-FESTA-DO-PADROEIRO-Matriz-S\u00e3o-Paulo-2014-202x300.jpg 202w, https:\/\/folhadosudeste.com\/site\/wp-content\/uploads\/2014\/06\/CARTAZ-F-4-FESTA-DO-PADROEIRO-Matriz-S\u00e3o-Paulo-2014-690x1024.jpg 690w\" sizes=\"auto, (max-width: 800px) 100vw, 800px\" \/><\/a><\/p>\n<p><b>* J\u00e1 a parte de barraquinhas come\u00e7a na<\/b><b>\u00a0<\/b><b>6<\/b><b>\u00aa feira (<\/b><b>27<\/b><b>\/0<\/b><b>6<\/b><b>)<\/b><b>, com quadrilhas, bingos, pescaria, pula-pula e barracas.<\/b><\/p>\n<p>* Nos s\u00e1bado (28\/06) teremos show de samba e chorinho, bingos, pescaria, pula-pula e barraca.<\/p>\n<p>* No domingo (29\/06) dia do padroeiro a festa come\u00e7a\u00a0<b>\u00e0s 09h da manh\u00e3 com uma carreata saindo da Comunidade S\u00e3o Pedro (Gameleira) em dire\u00e7\u00e3o a Matriz S\u00e3o Paulo, onde o bispo Dom Jos\u00e9 Eudes ir\u00e1 celebrar a Santa Missa \u00e0s 10h da manh\u00e3<\/b><b>, logo ap\u00f3s teremos a tradicional Feijoada. A noite teremos missa \u00e0s 19h com funcionamento do bar, pescaria e bingo.<\/b><\/p>\n","protected":false},"excerpt":{"rendered":"<p>* J\u00e1 a parte de barraquinhas come\u00e7a na\u00a06\u00aa feira (27\/06), com quadrilhas, bingos, pescaria, pula-pula e barracas. * Nos s\u00e1bado (28\/06) teremos show de samba e chorinho, bingos, pescaria, pula-pula e barraca. * No domingo (29\/06) dia do padroeiro a festa come\u00e7a\u00a0\u00e0s 09h da manh\u00e3 com uma carreata saindo da Comunidade S\u00e3o Pedro (Gameleira) em [&hellip;]<\/p>\n","protected":false},"author":4,"featured_media":4036,"comment_status":"open","ping_status":"closed","sticky":false,"template":"","format":"standard","meta":{"_joinchat":[],"footnotes":""},"categories":[1],"tags":[],"class_list":["post-4035","post","type-post","status-publish","format-standard","has-post-thumbnail","hentry","category-sem-categoria"],"_links":{"self":[{"href":"https:\/\/folhadosudeste.com\/site\/index.php?rest_route=\/wp\/v2\/posts\/4035","targetHints":{"allow":["GET"]}}],"collection":[{"href":"https:\/\/folhadosudeste.com\/site\/index.php?rest_route=\/wp\/v2\/posts"}],"about":[{"href":"https:\/\/folhadosudeste.com\/site\/index.php?rest_route=\/wp\/v2\/types\/post"}],"author":[{"embeddable":true,"href":"https:\/\/folhadosudeste.com\/site\/index.php?rest_route=\/wp\/v2\/users\/4"}],"replies":[{"embeddable":true,"href":"https:\/\/folhadosudeste.com\/site\/index.php?rest_route=%2Fwp%2Fv2%2Fcomments&post=4035"}],"version-history":[{"count":2,"href":"https:\/\/folhadosudeste.com\/site\/index.php?rest_route=\/wp\/v2\/posts\/4035\/revisions"}],"predecessor-version":[{"id":4038,"href":"https:\/\/folhadosudeste.com\/site\/index.php?rest_route=\/wp\/v2\/posts\/4035\/revisions\/4038"}],"wp:featuredmedia":[{"embeddable":true,"href":"https:\/\/folhadosudeste.com\/site\/index.php?rest_route=\/wp\/v2\/media\/4036"}],"wp:attachment":[{"href":"https:\/\/folhadosudeste.com\/site\/index.php?rest_route=%2Fwp%2Fv2%2Fmedia&parent=4035"}],"wp:term":[{"taxonomy":"category","embeddable":true,"href":"https:\/\/folhadosudeste.com\/site\/index.php?rest_route=%2Fwp%2Fv2%2Fcategories&post=4035"},{"taxonomy":"post_tag","embeddable":true,"href":"https:\/\/folhadosudeste.com\/site\/index.php?rest_route=%2Fwp%2Fv2%2Ftags&post=4035"}],"curies":[{"name":"wp","href":"https:\/\/api.w.org\/{rel}","templated":true}]}}