{"id":4385,"date":"2014-07-21T21:09:58","date_gmt":"2014-07-21T21:09:58","guid":{"rendered":"http:\/\/folhadosudeste.com\/site\/?p=4385"},"modified":"2014-07-21T21:10:05","modified_gmt":"2014-07-21T21:10:05","slug":"lancamento-do-curta-metragem-eu-nao-tenho-heroi-sera-25-de-julho","status":"publish","type":"post","link":"https:\/\/folhadosudeste.com\/site\/?p=4385","title":{"rendered":"Lan\u00e7amento do curta-metragem \u201cEu N\u00e3o Tenho Heroi\u201d ser\u00e1 25 de julho"},"content":{"rendered":"<p style=\"text-align: justify;\"><b><a href=\"http:\/\/folhadosudeste.com\/site\/wp-content\/uploads\/2014\/07\/10268521_695246617183950_2338888293394712657_n.jpg\"><img loading=\"lazy\" decoding=\"async\" class=\"aligncenter size-full wp-image-4386\" alt=\"10268521_695246617183950_2338888293394712657_n\" src=\"http:\/\/folhadosudeste.com\/site\/wp-content\/uploads\/2014\/07\/10268521_695246617183950_2338888293394712657_n.jpg\" width=\"800\" height=\"533\" srcset=\"https:\/\/folhadosudeste.com\/site\/wp-content\/uploads\/2014\/07\/10268521_695246617183950_2338888293394712657_n.jpg 800w, https:\/\/folhadosudeste.com\/site\/wp-content\/uploads\/2014\/07\/10268521_695246617183950_2338888293394712657_n-300x199.jpg 300w\" sizes=\"auto, (max-width: 800px) 100vw, 800px\" \/><\/a> <a href=\"http:\/\/folhadosudeste.com\/site\/wp-content\/uploads\/2014\/07\/10152670_697425283632750_2478370902865633327_n.jpg\"><img loading=\"lazy\" decoding=\"async\" class=\"aligncenter size-full wp-image-4387\" alt=\"10152670_697425283632750_2478370902865633327_n\" src=\"http:\/\/folhadosudeste.com\/site\/wp-content\/uploads\/2014\/07\/10152670_697425283632750_2478370902865633327_n.jpg\" width=\"960\" height=\"670\" srcset=\"https:\/\/folhadosudeste.com\/site\/wp-content\/uploads\/2014\/07\/10152670_697425283632750_2478370902865633327_n.jpg 960w, https:\/\/folhadosudeste.com\/site\/wp-content\/uploads\/2014\/07\/10152670_697425283632750_2478370902865633327_n-300x209.jpg 300w\" sizes=\"auto, (max-width: 960px) 100vw, 960px\" \/><\/a>Lan\u00e7amento do curta-metragem \u201cEu N\u00e3o Tenho Heroi\u201d ser\u00e1 25 de julho<\/b><\/p>\n<p style=\"text-align: justify;\">Ser\u00e1 exibido em Cataguases no dia 25 de julho, o filme \u201cEu N\u00e3o Tenho Her\u00f3i\u201d, do diretor Rafael Aguiar. Filmado no m\u00eas de abril na cidade, o curta-metragem vai abordar as rela\u00e7\u00f5es entre pai e filho e a doen\u00e7a de Parkinson. O projeto foi contemplado pela Lei Municipal Asc\u00e2nio Lopes, de incentivo \u00e0 cultura, da Secretaria Municipal de Cultura e Turismo. A exibi\u00e7\u00e3o vai acontecer no Centro Cultural Humberto Mauro, \u00e0s 19 horas, com entrada gratuita.<\/p>\n<p style=\"text-align: justify;\">O filme envolveu dezenas de profissionais cataguasenses e 30 pessoas trabalharam diretamente no projeto. Al\u00e9m do incentivo da Lei Municipal, tamb\u00e9m contou com o apoio do com\u00e9rcio local, em diversos tipos de parcerias, em m\u00e9dia, 150 de pessoas participaram direta e indiretamente do curta.<\/p>\n<p style=\"text-align: justify;\">Na p\u00e1gina oficial do filme no Facebook, que em menos de um m\u00eas alcan\u00e7ou mais de 1150 curtidas, est\u00e3o dispon\u00edveis todas as informa\u00e7\u00f5es sobre elenco, equipe t\u00e9cnica e detalhes da produ\u00e7\u00e3o do curta:\u00a0 <a href=\"https:\/\/www.facebook.com\/eunaotenhoheroi\">https:\/\/www.facebook.com\/eunaotenhoheroi<\/a><\/p>\n<p style=\"text-align: justify;\">A partir de agosto, o filme tamb\u00e9m ser\u00e1 exibido em escolas municipais e distritos de Cataguases. O teaser de \u201cEu N\u00e3o Tenho Her\u00f3i\u201d est\u00e1 dispon\u00edvel em:\u00a0 https:\/\/www.youtube.com\/watch?v=2PH8XJYtGsM&amp;feature=youtu.be<\/p>\n<p style=\"text-align: justify;\">Fonte:M\u00e1rcia do Vale<\/p>\n","protected":false},"excerpt":{"rendered":"<p>Lan\u00e7amento do curta-metragem \u201cEu N\u00e3o Tenho Heroi\u201d ser\u00e1 25 de julho Ser\u00e1 exibido em Cataguases no dia 25 de julho, o filme \u201cEu N\u00e3o Tenho Her\u00f3i\u201d, do diretor Rafael Aguiar. Filmado no m\u00eas de abril na cidade, o curta-metragem vai abordar as rela\u00e7\u00f5es entre pai e filho e a doen\u00e7a de Parkinson. O projeto foi [&hellip;]<\/p>\n","protected":false},"author":4,"featured_media":4386,"comment_status":"open","ping_status":"closed","sticky":false,"template":"","format":"standard","meta":{"_joinchat":[],"footnotes":""},"categories":[1],"tags":[],"class_list":["post-4385","post","type-post","status-publish","format-standard","has-post-thumbnail","hentry","category-sem-categoria"],"_links":{"self":[{"href":"https:\/\/folhadosudeste.com\/site\/index.php?rest_route=\/wp\/v2\/posts\/4385","targetHints":{"allow":["GET"]}}],"collection":[{"href":"https:\/\/folhadosudeste.com\/site\/index.php?rest_route=\/wp\/v2\/posts"}],"about":[{"href":"https:\/\/folhadosudeste.com\/site\/index.php?rest_route=\/wp\/v2\/types\/post"}],"author":[{"embeddable":true,"href":"https:\/\/folhadosudeste.com\/site\/index.php?rest_route=\/wp\/v2\/users\/4"}],"replies":[{"embeddable":true,"href":"https:\/\/folhadosudeste.com\/site\/index.php?rest_route=%2Fwp%2Fv2%2Fcomments&post=4385"}],"version-history":[{"count":2,"href":"https:\/\/folhadosudeste.com\/site\/index.php?rest_route=\/wp\/v2\/posts\/4385\/revisions"}],"predecessor-version":[{"id":4389,"href":"https:\/\/folhadosudeste.com\/site\/index.php?rest_route=\/wp\/v2\/posts\/4385\/revisions\/4389"}],"wp:featuredmedia":[{"embeddable":true,"href":"https:\/\/folhadosudeste.com\/site\/index.php?rest_route=\/wp\/v2\/media\/4386"}],"wp:attachment":[{"href":"https:\/\/folhadosudeste.com\/site\/index.php?rest_route=%2Fwp%2Fv2%2Fmedia&parent=4385"}],"wp:term":[{"taxonomy":"category","embeddable":true,"href":"https:\/\/folhadosudeste.com\/site\/index.php?rest_route=%2Fwp%2Fv2%2Fcategories&post=4385"},{"taxonomy":"post_tag","embeddable":true,"href":"https:\/\/folhadosudeste.com\/site\/index.php?rest_route=%2Fwp%2Fv2%2Ftags&post=4385"}],"curies":[{"name":"wp","href":"https:\/\/api.w.org\/{rel}","templated":true}]}}