{"id":4405,"date":"2014-07-23T13:43:51","date_gmt":"2014-07-23T13:43:51","guid":{"rendered":"http:\/\/folhadosudeste.com\/site\/?p=4405"},"modified":"2014-07-23T13:43:51","modified_gmt":"2014-07-23T13:43:51","slug":"casa-lar-promove-evento-beneficente","status":"publish","type":"post","link":"https:\/\/folhadosudeste.com\/site\/?p=4405","title":{"rendered":"Casa Lar promove evento beneficente"},"content":{"rendered":"<p align=\"center\"><a href=\"http:\/\/folhadosudeste.com\/site\/wp-content\/uploads\/2014\/07\/IMG_5849.jpg\"><img loading=\"lazy\" decoding=\"async\" class=\"aligncenter size-full wp-image-4406\" alt=\"IMG_5849\" src=\"http:\/\/folhadosudeste.com\/site\/wp-content\/uploads\/2014\/07\/IMG_5849.jpg\" width=\"3088\" height=\"2056\" srcset=\"https:\/\/folhadosudeste.com\/site\/wp-content\/uploads\/2014\/07\/IMG_5849.jpg 3088w, https:\/\/folhadosudeste.com\/site\/wp-content\/uploads\/2014\/07\/IMG_5849-300x199.jpg 300w, https:\/\/folhadosudeste.com\/site\/wp-content\/uploads\/2014\/07\/IMG_5849-1024x681.jpg 1024w\" sizes=\"auto, (max-width: 3088px) 100vw, 3088px\" \/><\/a> <a href=\"http:\/\/folhadosudeste.com\/site\/wp-content\/uploads\/2014\/07\/IMG_5834.jpg\"><img loading=\"lazy\" decoding=\"async\" class=\"aligncenter size-full wp-image-4407\" alt=\"IMG_5834\" src=\"http:\/\/folhadosudeste.com\/site\/wp-content\/uploads\/2014\/07\/IMG_5834.jpg\" width=\"3088\" height=\"2056\" srcset=\"https:\/\/folhadosudeste.com\/site\/wp-content\/uploads\/2014\/07\/IMG_5834.jpg 3088w, https:\/\/folhadosudeste.com\/site\/wp-content\/uploads\/2014\/07\/IMG_5834-300x199.jpg 300w, https:\/\/folhadosudeste.com\/site\/wp-content\/uploads\/2014\/07\/IMG_5834-1024x681.jpg 1024w\" sizes=\"auto, (max-width: 3088px) 100vw, 3088px\" \/><\/a><\/p>\n<p style=\"text-align: justify;\" align=\"center\"><b>Casa Lar promove evento beneficente<\/b><\/p>\n<p style=\"text-align: justify;\">A Casa Lar, institui\u00e7\u00e3o mantida pela Prefeitura de Muria\u00e9, atrav\u00e9s da Secretaria de Desenvolvimento Social, que garante cuidados a crian\u00e7as e adolescentes que se encontram sob medidas protetivas, determinadas pela Vara da Inf\u00e2ncia e da Juventude ou Conselho Tutelar, promoveu na sexta-feira (18\/07) uma noite de caldos, bingos e leil\u00f5es para angariar recursos a fim de oferecer melhores condi\u00e7\u00f5es para os menores que s\u00e3o atendidos. O evento, realizado no sal\u00e3o paroquial da Comunidade S\u00e3o Vicente de Paulo, no bairro Bico Doce, contou com um grande n\u00famero de pessoas que abra\u00e7aram a causa social e colaboraram com um belo gesto de solidariedade.<\/p>\n<p style=\"text-align: justify;\">Na ocasi\u00e3o, a secret\u00e1ria de Desenvolvimento Social, Cl\u00e1udia Aquino Sigiliano, agradeceu em nome do prefeito Aloysio Aquino, aos funcion\u00e1rios da Casa Lar, volunt\u00e1rios e a todos que estiveram presentes no evento.\u00a0 \u201cA Secretaria de Desenvolvimento Social tem se empenhado para disponibilizar condi\u00e7\u00f5es dignas para cada uma dessas crian\u00e7as e adolescentes e, ao contarmos com apoio da sociedade muriaeense, atrav\u00e9s deste evento beneficente, temos a garantia de que podemos melhorar ainda mais suas perspectivas de vida\u201d, disse a secret\u00e1ria.<\/p>\n<p style=\"text-align: justify;\">Vale ressaltar, que atrav\u00e9s da Casa Lar as crian\u00e7as e adolescentes em situa\u00e7\u00f5es de vulnerabilidade social ficam protegidas, recebem conforto, cuidados b\u00e1sicos, acompanhamentos nos servi\u00e7os da assist\u00eancia social, psicol\u00f3gica, sa\u00fade e pedag\u00f3gica. T\u00eam seus v\u00ednculos familiares preservados, s\u00e3o auxiliadas com um trabalho de fortalecimento da autoestima, enfim, s\u00e3o carinhosamente cuidadas por uma equipe de competentes profissionais que registram o desenvolvimento de cada uma delas, de modo a preservar suas hist\u00f3rias.<\/p>\n<p style=\"text-align: justify;\">Fonte:Nath\u00e1lia Aquino Sigiliano<\/p>\n","protected":false},"excerpt":{"rendered":"<p>Casa Lar promove evento beneficente A Casa Lar, institui\u00e7\u00e3o mantida pela Prefeitura de Muria\u00e9, atrav\u00e9s da Secretaria de Desenvolvimento Social, que garante cuidados a crian\u00e7as e adolescentes que se encontram sob medidas protetivas, determinadas pela Vara da Inf\u00e2ncia e da Juventude ou Conselho Tutelar, promoveu na sexta-feira (18\/07) uma noite de caldos, bingos e leil\u00f5es [&hellip;]<\/p>\n","protected":false},"author":4,"featured_media":4407,"comment_status":"open","ping_status":"closed","sticky":false,"template":"","format":"standard","meta":{"_joinchat":[],"footnotes":""},"categories":[1],"tags":[],"class_list":["post-4405","post","type-post","status-publish","format-standard","has-post-thumbnail","hentry","category-sem-categoria"],"_links":{"self":[{"href":"https:\/\/folhadosudeste.com\/site\/index.php?rest_route=\/wp\/v2\/posts\/4405","targetHints":{"allow":["GET"]}}],"collection":[{"href":"https:\/\/folhadosudeste.com\/site\/index.php?rest_route=\/wp\/v2\/posts"}],"about":[{"href":"https:\/\/folhadosudeste.com\/site\/index.php?rest_route=\/wp\/v2\/types\/post"}],"author":[{"embeddable":true,"href":"https:\/\/folhadosudeste.com\/site\/index.php?rest_route=\/wp\/v2\/users\/4"}],"replies":[{"embeddable":true,"href":"https:\/\/folhadosudeste.com\/site\/index.php?rest_route=%2Fwp%2Fv2%2Fcomments&post=4405"}],"version-history":[{"count":1,"href":"https:\/\/folhadosudeste.com\/site\/index.php?rest_route=\/wp\/v2\/posts\/4405\/revisions"}],"predecessor-version":[{"id":4408,"href":"https:\/\/folhadosudeste.com\/site\/index.php?rest_route=\/wp\/v2\/posts\/4405\/revisions\/4408"}],"wp:featuredmedia":[{"embeddable":true,"href":"https:\/\/folhadosudeste.com\/site\/index.php?rest_route=\/wp\/v2\/media\/4407"}],"wp:attachment":[{"href":"https:\/\/folhadosudeste.com\/site\/index.php?rest_route=%2Fwp%2Fv2%2Fmedia&parent=4405"}],"wp:term":[{"taxonomy":"category","embeddable":true,"href":"https:\/\/folhadosudeste.com\/site\/index.php?rest_route=%2Fwp%2Fv2%2Fcategories&post=4405"},{"taxonomy":"post_tag","embeddable":true,"href":"https:\/\/folhadosudeste.com\/site\/index.php?rest_route=%2Fwp%2Fv2%2Ftags&post=4405"}],"curies":[{"name":"wp","href":"https:\/\/api.w.org\/{rel}","templated":true}]}}