{"id":4419,"date":"2014-07-25T13:06:19","date_gmt":"2014-07-25T13:06:19","guid":{"rendered":"http:\/\/folhadosudeste.com\/site\/?p=4419"},"modified":"2014-07-25T13:06:19","modified_gmt":"2014-07-25T13:06:19","slug":"sucesso-na-27a-festa-do-franciscano-ausente-e-29o-concurso-leiteiro","status":"publish","type":"post","link":"https:\/\/folhadosudeste.com\/site\/?p=4419","title":{"rendered":"Sucesso na 27\u00aa Festa do Franciscano Ausente e 29\u00ba Concurso Leiteiro"},"content":{"rendered":"<p><a href=\"http:\/\/folhadosudeste.com\/site\/wp-content\/uploads\/2014\/07\/s\u00e3o-frans.jpg\"><img loading=\"lazy\" decoding=\"async\" class=\"aligncenter size-full wp-image-4432\" alt=\"s\u00e3o frans\" src=\"http:\/\/folhadosudeste.com\/site\/wp-content\/uploads\/2014\/07\/s\u00e3o-frans.jpg\" width=\"800\" height=\"600\" srcset=\"https:\/\/folhadosudeste.com\/site\/wp-content\/uploads\/2014\/07\/s\u00e3o-frans.jpg 800w, https:\/\/folhadosudeste.com\/site\/wp-content\/uploads\/2014\/07\/s\u00e3o-frans-300x225.jpg 300w\" sizes=\"auto, (max-width: 800px) 100vw, 800px\" \/><\/a><\/p>\n<p style=\"text-align: justify;\"><b>Sucesso na 27\u00aa Festa do Franciscano Ausente e 29\u00ba Concurso Leiteiro<\/b><\/p>\n<p style=\"text-align: justify;\">O munic\u00edpio de S\u00e3o Francisco do Gl\u00f3ria esteve em festa no \u00faltimo final de semana. Milhares de pessoas da cidade e regi\u00e3o prestigiaram a 27\u00aa Festa do Franciscano Ausente e 29\u00ba Concurso Leiteiro, se divertindo com a programa\u00e7\u00e3o especial. A abertura oficial aconteceu na noite de sexta-feira (18), seguida do show com as bandas Lira de S\u00e3o Francisco, Forr\u00f3-nejo Chapas do Brasil e do ObaOba Samba House. J\u00e1 no s\u00e1bado (19), a anima\u00e7\u00e3o ficou por conta da banda&#8230; Saiba mais na edi\u00e7\u00e3o 620 dessa semana no Jornal Folha do Sudeste.[dopwgg id=&#8221;365&#8243;]<\/p>\n","protected":false},"excerpt":{"rendered":"<p>Sucesso na 27\u00aa Festa do Franciscano Ausente e 29\u00ba Concurso Leiteiro O munic\u00edpio de S\u00e3o Francisco do Gl\u00f3ria esteve em festa no \u00faltimo final de semana. Milhares de pessoas da cidade e regi\u00e3o prestigiaram a 27\u00aa Festa do Franciscano Ausente e 29\u00ba Concurso Leiteiro, se divertindo com a programa\u00e7\u00e3o especial. A abertura oficial aconteceu na [&hellip;]<\/p>\n","protected":false},"author":4,"featured_media":4432,"comment_status":"open","ping_status":"closed","sticky":false,"template":"","format":"standard","meta":{"_joinchat":[],"footnotes":""},"categories":[1],"tags":[],"class_list":["post-4419","post","type-post","status-publish","format-standard","has-post-thumbnail","hentry","category-sem-categoria"],"_links":{"self":[{"href":"https:\/\/folhadosudeste.com\/site\/index.php?rest_route=\/wp\/v2\/posts\/4419","targetHints":{"allow":["GET"]}}],"collection":[{"href":"https:\/\/folhadosudeste.com\/site\/index.php?rest_route=\/wp\/v2\/posts"}],"about":[{"href":"https:\/\/folhadosudeste.com\/site\/index.php?rest_route=\/wp\/v2\/types\/post"}],"author":[{"embeddable":true,"href":"https:\/\/folhadosudeste.com\/site\/index.php?rest_route=\/wp\/v2\/users\/4"}],"replies":[{"embeddable":true,"href":"https:\/\/folhadosudeste.com\/site\/index.php?rest_route=%2Fwp%2Fv2%2Fcomments&post=4419"}],"version-history":[{"count":2,"href":"https:\/\/folhadosudeste.com\/site\/index.php?rest_route=\/wp\/v2\/posts\/4419\/revisions"}],"predecessor-version":[{"id":4433,"href":"https:\/\/folhadosudeste.com\/site\/index.php?rest_route=\/wp\/v2\/posts\/4419\/revisions\/4433"}],"wp:featuredmedia":[{"embeddable":true,"href":"https:\/\/folhadosudeste.com\/site\/index.php?rest_route=\/wp\/v2\/media\/4432"}],"wp:attachment":[{"href":"https:\/\/folhadosudeste.com\/site\/index.php?rest_route=%2Fwp%2Fv2%2Fmedia&parent=4419"}],"wp:term":[{"taxonomy":"category","embeddable":true,"href":"https:\/\/folhadosudeste.com\/site\/index.php?rest_route=%2Fwp%2Fv2%2Fcategories&post=4419"},{"taxonomy":"post_tag","embeddable":true,"href":"https:\/\/folhadosudeste.com\/site\/index.php?rest_route=%2Fwp%2Fv2%2Ftags&post=4419"}],"curies":[{"name":"wp","href":"https:\/\/api.w.org\/{rel}","templated":true}]}}