{"id":4423,"date":"2014-07-25T13:03:50","date_gmt":"2014-07-25T13:03:50","guid":{"rendered":"http:\/\/folhadosudeste.com\/site\/?p=4423"},"modified":"2014-07-25T13:27:14","modified_gmt":"2014-07-25T13:27:14","slug":"roberto-moreira-comemora-aniversario-com-sexta-dancante","status":"publish","type":"post","link":"https:\/\/folhadosudeste.com\/site\/?p=4423","title":{"rendered":"Roberto Moreira comemora anivers\u00e1rio com Sexta Dan\u00e7ante"},"content":{"rendered":"<p style=\"text-align: justify;\"><a href=\"http:\/\/folhadosudeste.com\/site\/wp-content\/uploads\/2014\/07\/robertinhoDSC00475.jpg\"><img loading=\"lazy\" decoding=\"async\" class=\"aligncenter size-full wp-image-4440\" alt=\"robertinhoDSC00475\" src=\"http:\/\/folhadosudeste.com\/site\/wp-content\/uploads\/2014\/07\/robertinhoDSC00475.jpg\" width=\"620\" height=\"372\" srcset=\"https:\/\/folhadosudeste.com\/site\/wp-content\/uploads\/2014\/07\/robertinhoDSC00475.jpg 620w, https:\/\/folhadosudeste.com\/site\/wp-content\/uploads\/2014\/07\/robertinhoDSC00475-300x180.jpg 300w\" sizes=\"auto, (max-width: 620px) 100vw, 620px\" \/><\/a><\/p>\n<p style=\"text-align: justify;\"><b>Roberto Moreira comemora anivers\u00e1rio com Sexta Dan\u00e7ante<\/b><\/p>\n<p style=\"text-align: justify;\">O empres\u00e1rio e promotor de eventos Roberto Moreira comemorou seus 64 anos em grande estilo. Ele realizou, em parceria com Vicente (do MTC), um baile dan\u00e7ante no Colina Country Club, na \u00faltima sexta (18), com show de Paulo Jr. e Banda. De acordo com ele, foi uma feliz coincid\u00eancia, j\u00e1 que \u00e9 a data de seu anivers\u00e1rio&#8230; Saiba mais na edi\u00e7\u00e3o 620 dessa semana no Jornal Folha do Sudeste.[dopwgg id=&#8221;362&#8243;]<\/p>\n","protected":false},"excerpt":{"rendered":"<p>Roberto Moreira comemora anivers\u00e1rio com Sexta Dan\u00e7ante O empres\u00e1rio e promotor de eventos Roberto Moreira comemorou seus 64 anos em grande estilo. Ele realizou, em parceria com Vicente (do MTC), um baile dan\u00e7ante no Colina Country Club, na \u00faltima sexta (18), com show de Paulo Jr. e Banda. De acordo com ele, foi uma feliz [&hellip;]<\/p>\n","protected":false},"author":4,"featured_media":4440,"comment_status":"open","ping_status":"closed","sticky":false,"template":"","format":"standard","meta":{"_joinchat":[],"footnotes":""},"categories":[1],"tags":[],"class_list":["post-4423","post","type-post","status-publish","format-standard","has-post-thumbnail","hentry","category-sem-categoria"],"_links":{"self":[{"href":"https:\/\/folhadosudeste.com\/site\/index.php?rest_route=\/wp\/v2\/posts\/4423","targetHints":{"allow":["GET"]}}],"collection":[{"href":"https:\/\/folhadosudeste.com\/site\/index.php?rest_route=\/wp\/v2\/posts"}],"about":[{"href":"https:\/\/folhadosudeste.com\/site\/index.php?rest_route=\/wp\/v2\/types\/post"}],"author":[{"embeddable":true,"href":"https:\/\/folhadosudeste.com\/site\/index.php?rest_route=\/wp\/v2\/users\/4"}],"replies":[{"embeddable":true,"href":"https:\/\/folhadosudeste.com\/site\/index.php?rest_route=%2Fwp%2Fv2%2Fcomments&post=4423"}],"version-history":[{"count":4,"href":"https:\/\/folhadosudeste.com\/site\/index.php?rest_route=\/wp\/v2\/posts\/4423\/revisions"}],"predecessor-version":[{"id":4441,"href":"https:\/\/folhadosudeste.com\/site\/index.php?rest_route=\/wp\/v2\/posts\/4423\/revisions\/4441"}],"wp:featuredmedia":[{"embeddable":true,"href":"https:\/\/folhadosudeste.com\/site\/index.php?rest_route=\/wp\/v2\/media\/4440"}],"wp:attachment":[{"href":"https:\/\/folhadosudeste.com\/site\/index.php?rest_route=%2Fwp%2Fv2%2Fmedia&parent=4423"}],"wp:term":[{"taxonomy":"category","embeddable":true,"href":"https:\/\/folhadosudeste.com\/site\/index.php?rest_route=%2Fwp%2Fv2%2Fcategories&post=4423"},{"taxonomy":"post_tag","embeddable":true,"href":"https:\/\/folhadosudeste.com\/site\/index.php?rest_route=%2Fwp%2Fv2%2Ftags&post=4423"}],"curies":[{"name":"wp","href":"https:\/\/api.w.org\/{rel}","templated":true}]}}