{"id":4427,"date":"2014-07-25T13:02:27","date_gmt":"2014-07-25T13:02:27","guid":{"rendered":"http:\/\/folhadosudeste.com\/site\/?p=4427"},"modified":"2014-07-25T13:10:33","modified_gmt":"2014-07-25T13:10:33","slug":"2o-cantinho-mineiro-muriaeenses-prestigiam-evento-beneficente-e-aprovam-delicias-da-culinaria-de-minas","status":"publish","type":"post","link":"https:\/\/folhadosudeste.com\/site\/?p=4427","title":{"rendered":"2\u00ba Cantinho Mineiro: Muriaeenses prestigiam evento beneficente e aprovam del\u00edcias da culin\u00e1ria de Minas"},"content":{"rendered":"<p style=\"text-align: justify;\"><a href=\"http:\/\/folhadosudeste.com\/site\/wp-content\/uploads\/2014\/07\/Banda-S\u00e9culo-XX-que-fez-uma-bel\u00edssima-apresenta\u00e7\u00e3oDSC00645.jpg\"><img loading=\"lazy\" decoding=\"async\" class=\"aligncenter size-full wp-image-4435\" alt=\"Banda S\u00e9culo XX que fez uma bel\u00edssima apresenta\u00e7\u00e3oDSC00645\" src=\"http:\/\/folhadosudeste.com\/site\/wp-content\/uploads\/2014\/07\/Banda-S\u00e9culo-XX-que-fez-uma-bel\u00edssima-apresenta\u00e7\u00e3oDSC00645.jpg\" width=\"800\" height=\"533\" srcset=\"https:\/\/folhadosudeste.com\/site\/wp-content\/uploads\/2014\/07\/Banda-S\u00e9culo-XX-que-fez-uma-bel\u00edssima-apresenta\u00e7\u00e3oDSC00645.jpg 800w, https:\/\/folhadosudeste.com\/site\/wp-content\/uploads\/2014\/07\/Banda-S\u00e9culo-XX-que-fez-uma-bel\u00edssima-apresenta\u00e7\u00e3oDSC00645-300x199.jpg 300w\" sizes=\"auto, (max-width: 800px) 100vw, 800px\" \/><\/a><\/p>\n<p style=\"text-align: justify;\"><b>2\u00ba Cantinho Mineiro: Muriaeenses prestigiam evento beneficente e aprovam del\u00edcias da culin\u00e1ria de Minas<\/b><\/p>\n<p style=\"text-align: justify;\">Mais de 200 pessoas prestigiaram o 2\u00ba Cantinho Mineiro, festa beneficente promovida pela Comunidade S\u00e3o Jo\u00e3o Evangelista (Jo\u00e3o XXIII), com o objetivo de angariar fundos e revert\u00ea-los em prol das obras da igreja \u2013 neste caso, especificamente para a compra do ar condicionado. O evento aconteceu no dia 19\/09 e foi&#8230; Saiba mais na edi\u00e7\u00e3o 620 dessa semana no Jornal Folha do Sudeste.[dopwgg id=&#8221;361&#8243;]<\/p>\n","protected":false},"excerpt":{"rendered":"<p>2\u00ba Cantinho Mineiro: Muriaeenses prestigiam evento beneficente e aprovam del\u00edcias da culin\u00e1ria de Minas Mais de 200 pessoas prestigiaram o 2\u00ba Cantinho Mineiro, festa beneficente promovida pela Comunidade S\u00e3o Jo\u00e3o Evangelista (Jo\u00e3o XXIII), com o objetivo de angariar fundos e revert\u00ea-los em prol das obras da igreja \u2013 neste caso, especificamente para a compra do [&hellip;]<\/p>\n","protected":false},"author":4,"featured_media":4435,"comment_status":"open","ping_status":"closed","sticky":false,"template":"","format":"standard","meta":{"_joinchat":[],"footnotes":""},"categories":[1],"tags":[],"class_list":["post-4427","post","type-post","status-publish","format-standard","has-post-thumbnail","hentry","category-sem-categoria"],"_links":{"self":[{"href":"https:\/\/folhadosudeste.com\/site\/index.php?rest_route=\/wp\/v2\/posts\/4427","targetHints":{"allow":["GET"]}}],"collection":[{"href":"https:\/\/folhadosudeste.com\/site\/index.php?rest_route=\/wp\/v2\/posts"}],"about":[{"href":"https:\/\/folhadosudeste.com\/site\/index.php?rest_route=\/wp\/v2\/types\/post"}],"author":[{"embeddable":true,"href":"https:\/\/folhadosudeste.com\/site\/index.php?rest_route=\/wp\/v2\/users\/4"}],"replies":[{"embeddable":true,"href":"https:\/\/folhadosudeste.com\/site\/index.php?rest_route=%2Fwp%2Fv2%2Fcomments&post=4427"}],"version-history":[{"count":3,"href":"https:\/\/folhadosudeste.com\/site\/index.php?rest_route=\/wp\/v2\/posts\/4427\/revisions"}],"predecessor-version":[{"id":4436,"href":"https:\/\/folhadosudeste.com\/site\/index.php?rest_route=\/wp\/v2\/posts\/4427\/revisions\/4436"}],"wp:featuredmedia":[{"embeddable":true,"href":"https:\/\/folhadosudeste.com\/site\/index.php?rest_route=\/wp\/v2\/media\/4435"}],"wp:attachment":[{"href":"https:\/\/folhadosudeste.com\/site\/index.php?rest_route=%2Fwp%2Fv2%2Fmedia&parent=4427"}],"wp:term":[{"taxonomy":"category","embeddable":true,"href":"https:\/\/folhadosudeste.com\/site\/index.php?rest_route=%2Fwp%2Fv2%2Fcategories&post=4427"},{"taxonomy":"post_tag","embeddable":true,"href":"https:\/\/folhadosudeste.com\/site\/index.php?rest_route=%2Fwp%2Fv2%2Ftags&post=4427"}],"curies":[{"name":"wp","href":"https:\/\/api.w.org\/{rel}","templated":true}]}}