{"id":4454,"date":"2014-07-25T15:03:52","date_gmt":"2014-07-25T15:03:52","guid":{"rendered":"http:\/\/folhadosudeste.com\/site\/?p=4454"},"modified":"2014-07-25T15:04:37","modified_gmt":"2014-07-25T15:04:37","slug":"4454","status":"publish","type":"post","link":"https:\/\/folhadosudeste.com\/site\/?p=4454","title":{"rendered":"FOLHA POLICIAL &#8211; OCORR\u00caNCIAS EM DESTAQUES"},"content":{"rendered":"<p><a href=\"http:\/\/folhadosudeste.com\/site\/wp-content\/uploads\/2014\/07\/viatura-pm1.jpg\"><img loading=\"lazy\" decoding=\"async\" class=\"aligncenter size-full wp-image-4376\" alt=\"viatura-pm1\" src=\"http:\/\/folhadosudeste.com\/site\/wp-content\/uploads\/2014\/07\/viatura-pm1.jpg\" width=\"620\" height=\"346\" srcset=\"https:\/\/folhadosudeste.com\/site\/wp-content\/uploads\/2014\/07\/viatura-pm1.jpg 620w, https:\/\/folhadosudeste.com\/site\/wp-content\/uploads\/2014\/07\/viatura-pm1-300x167.jpg 300w\" sizes=\"auto, (max-width: 620px) 100vw, 620px\" \/><\/a><\/p>\n<p><b><i>75\u00aa CIA PM- CARANGOLA-MG<\/i><\/b><\/p>\n<p><b>PM PRENDE POR PORTE ILEGAL DE ARMA DE FOGO EM DIVINO<\/b><b>\u00a0<\/b><\/p>\n<p>Em 24\/07\/2014, por volta das 16h40min, no Beco Jos\u00e9 Fernandes, em Bom Jesus do Divino, militares receberam informa\u00e7\u00f5es que o indiv\u00edduo conhecido pela alcunha de &#8220;J.H.&#8221; estava portando uma arma de fogo. Em rastreamento, J.R.S. de 33 anos, foi encontrado na resid\u00eancia de C.F.F. de 62 anos, o qual informou que o procurado se encontrava dormindo em um dos quartos da casa, haja vista ter chegado com sinais de embriaguez, portando uma arma de fogo. O cidad\u00e3o disse temer que o acusado praticasse algum delito e ent\u00e3o guardou a arma, sendo entregue por ele 01 garrucha .22, ROSSI, desmuniciada. Diante dos fatos foi dado voz de pris\u00e3o ao autor e conduzido \u00e0 DPJ.<\/p>\n<p><b><i>\u00a0\u00a0\u00a0\u00a0\u00a0\u00a0\u00a0\u00a0\u00a0\u00a0\u00a0\u00a0\u00a0\u00a0\u00a0\u00a0\u00a0\u00a0\u00a0\u00a0\u00a0\u00a0\u00a0 76\u00aa CIA PM \u2013 MURIA\u00c9-MG<\/i><\/b><\/p>\n<p><b>PM REGISTRA COMUNICA\u00c7\u00c3O DE PESSOA DESAPARECIDA EM MURIA\u00c9<\/b><\/p>\n<p>Em 24\/07\/2014, por volta das 08h10min, na Rua Nivercino Ferreira de Souza, no Bairro Jos\u00e9 Augusto de Abreu, IVANI MARIA DE PAULA, 37 anos, relatou que convive em regime marital com PAULO DOS SANTOS MAIA, 57 anos, e que na data de ontem ela recebeu liga\u00e7\u00e3o telef\u00f4nica do PAULO, o qual lhe informou que estava saindo do distrito de SANTO ANTONIO DO GL\u00d3RIA, e passaria na resid\u00eancia de ambos e depois seguiria viajem para a cidade do RIO DE JANEIRO. Que PAULO estava em um ve\u00edculo FIAT\/STRADA WORKING, cor branca, placa HMD-4624-VIEIRAS-MG. Que desde a \u00faltima liga\u00e7\u00e3o telef\u00f4nica ela n\u00e3o teve mais contato com PAULO, pois o telefone dele n\u00e3o atende. Que j\u00e1 procurou em v\u00e1rios locais, mas n\u00e3o o encontrou. Que tem altura aproximada de 1,65 cm, peso aproximado de 80 kg, cabelo liso, grisalho e baixo e cor de pele branca, na ocasi\u00e3o ele trajava camisa de gola polo na cor vermelha e bermuda de tectel na cor verde. Que PAULO sempre abastece seu ve\u00edculo no POSTO F2 e POSTO BRIGADEIRO na cidade de MIRADOURO-MG.<\/p>\n<p><b>PM EFETUA PRIS\u00c3O POR AMEA\u00c7A E USO DE ARMA DE FOGO EM MURIA\u00c9<\/b><\/p>\n<p>Em 24\/07\/2014, por volta das 13h30min, na Rua Astolfo Menezes, no Bairro Porto, militares fizeram contato com L.F.S. de 16 anos, e esta relatou que seu ex amasio, N.O. de 24 anos, insatisfeito com a separa\u00e7\u00e3o ocorrida na data de ontem, foi ate a resid\u00eancia de seus pais, onde ela est\u00e1 residindo, e na companhia de F.M.R.S. de 16 anos, estando o ex am\u00e1sio armado com um rev\u00f3lver, apontou a arma e fez diversas amea\u00e7as de morte contra a jovem e seus familiares, e ainda danificou o port\u00e3o de entrada da casa com v\u00e1rios chutes. Que em seguida o autor citado saiu com o comparsa em uma motocicleta de cor prata. Em rastreamento ambos foram localizados \u00e0 rua GALILEIA no Bairro MARAMBAIA, na companhia de C.D.S.B. de 24 anos. Foi feita varredura pelas imedia\u00e7\u00f5es, por\u00e9m a arma utilizada na a\u00e7\u00e3o, n\u00e3o foi localizada. Segundo a reclamante e seus familiares, na data de ontem o autor a agrediu fisicamente, por\u00e9m o fato n\u00e3o foi registrado e que ela possui diversas mensagens e fotos em seu celular as quais foram enviadas pelo autor, inclusive fotos de arma de fogo, nas quais este amea\u00e7a mat\u00e1-la e &#8221; matar seu pai at\u00e9 s\u00e1bado&#8221;. Diante dos fatos foi dado voz de pris\u00e3o ao autor e voz de apreens\u00e3o a seu comparsa, sendo encaminhados \u00e0 DPJ.<\/p>\n<p><b>PM LOCALIZA PROV\u00c1VEL MOTOCICLETA USADA EM ASSALTO A POSTO DE COMBUST\u00cdVEL EM MURIA\u00c9<\/b><\/p>\n<p><b>\u00a0<\/b>Em 24\/07\/2014, por volta das 15h40min, na Vila Santa Rita, no Bairro Uni\u00e3o, militares receberam informa\u00e7\u00f5es de que a motocicleta SUNDOW HUNTER, cinza, sem placa, ano 2008, que teria sido usada no assalto em posto de gasolina no dia 22\/07\/14, estaria abandonada no meio de um matagal. E, em meio a muita vegeta\u00e7\u00e3o, lograram \u00eaxito em localizar a referida motocicleta. Esta n\u00e3o possu\u00eda placas e est\u00e1 em mau estado de conserva\u00e7\u00e3o. No sistema n\u00e3o aparece nenhuma placa relacionada a motocicleta e aparenta nunca ter sido emplacada. A motocicleta foi removida at\u00e9 \u00e0 DPJ para ser periciada. O p\u00e1tio credenciado compareceu ao local e fez a remo\u00e7\u00e3o da mesma.<\/p>\n<p>Fonte:47bpm<\/p>\n","protected":false},"excerpt":{"rendered":"<p>75\u00aa CIA PM- CARANGOLA-MG PM PRENDE POR PORTE ILEGAL DE ARMA DE FOGO EM DIVINO\u00a0 Em 24\/07\/2014, por volta das 16h40min, no Beco Jos\u00e9 Fernandes, em Bom Jesus do Divino, militares receberam informa\u00e7\u00f5es que o indiv\u00edduo conhecido pela alcunha de &#8220;J.H.&#8221; estava portando uma arma de fogo. Em rastreamento, J.R.S. de 33 anos, foi encontrado [&hellip;]<\/p>\n","protected":false},"author":4,"featured_media":4376,"comment_status":"open","ping_status":"closed","sticky":false,"template":"","format":"standard","meta":{"_joinchat":[],"footnotes":""},"categories":[1],"tags":[],"class_list":["post-4454","post","type-post","status-publish","format-standard","has-post-thumbnail","hentry","category-sem-categoria"],"_links":{"self":[{"href":"https:\/\/folhadosudeste.com\/site\/index.php?rest_route=\/wp\/v2\/posts\/4454","targetHints":{"allow":["GET"]}}],"collection":[{"href":"https:\/\/folhadosudeste.com\/site\/index.php?rest_route=\/wp\/v2\/posts"}],"about":[{"href":"https:\/\/folhadosudeste.com\/site\/index.php?rest_route=\/wp\/v2\/types\/post"}],"author":[{"embeddable":true,"href":"https:\/\/folhadosudeste.com\/site\/index.php?rest_route=\/wp\/v2\/users\/4"}],"replies":[{"embeddable":true,"href":"https:\/\/folhadosudeste.com\/site\/index.php?rest_route=%2Fwp%2Fv2%2Fcomments&post=4454"}],"version-history":[{"count":2,"href":"https:\/\/folhadosudeste.com\/site\/index.php?rest_route=\/wp\/v2\/posts\/4454\/revisions"}],"predecessor-version":[{"id":4456,"href":"https:\/\/folhadosudeste.com\/site\/index.php?rest_route=\/wp\/v2\/posts\/4454\/revisions\/4456"}],"wp:featuredmedia":[{"embeddable":true,"href":"https:\/\/folhadosudeste.com\/site\/index.php?rest_route=\/wp\/v2\/media\/4376"}],"wp:attachment":[{"href":"https:\/\/folhadosudeste.com\/site\/index.php?rest_route=%2Fwp%2Fv2%2Fmedia&parent=4454"}],"wp:term":[{"taxonomy":"category","embeddable":true,"href":"https:\/\/folhadosudeste.com\/site\/index.php?rest_route=%2Fwp%2Fv2%2Fcategories&post=4454"},{"taxonomy":"post_tag","embeddable":true,"href":"https:\/\/folhadosudeste.com\/site\/index.php?rest_route=%2Fwp%2Fv2%2Ftags&post=4454"}],"curies":[{"name":"wp","href":"https:\/\/api.w.org\/{rel}","templated":true}]}}