{"id":4458,"date":"2014-07-27T12:14:52","date_gmt":"2014-07-27T12:14:52","guid":{"rendered":"http:\/\/folhadosudeste.com\/site\/?p=4458"},"modified":"2014-07-27T12:14:52","modified_gmt":"2014-07-27T12:14:52","slug":"1a-gincana-ambiental-da-4a-cia-pm-ind-mat","status":"publish","type":"post","link":"https:\/\/folhadosudeste.com\/site\/?p=4458","title":{"rendered":"1\u00aa GINCANA AMBIENTAL DA 4\u00aa CIA PM IND MAT"},"content":{"rendered":"<p style=\"text-align: justify;\">\u00a0<a href=\"http:\/\/folhadosudeste.com\/site\/wp-content\/uploads\/2014\/07\/pilhas-C\u00f3pia.jpg\"><img loading=\"lazy\" decoding=\"async\" class=\"aligncenter size-full wp-image-4459\" alt=\"pilhas - C\u00f3pia\" src=\"http:\/\/folhadosudeste.com\/site\/wp-content\/uploads\/2014\/07\/pilhas-C\u00f3pia.jpg\" width=\"276\" height=\"183\" \/><\/a> <a href=\"http:\/\/folhadosudeste.com\/site\/wp-content\/uploads\/2014\/07\/IMG-20140708-WA0097-C\u00f3pia.jpg\"><img loading=\"lazy\" decoding=\"async\" class=\"aligncenter size-full wp-image-4460\" alt=\"IMG-20140708-WA0097 - C\u00f3pia\" src=\"http:\/\/folhadosudeste.com\/site\/wp-content\/uploads\/2014\/07\/IMG-20140708-WA0097-C\u00f3pia.jpg\" width=\"624\" height=\"624\" srcset=\"https:\/\/folhadosudeste.com\/site\/wp-content\/uploads\/2014\/07\/IMG-20140708-WA0097-C\u00f3pia.jpg 624w, https:\/\/folhadosudeste.com\/site\/wp-content\/uploads\/2014\/07\/IMG-20140708-WA0097-C\u00f3pia-150x150.jpg 150w, https:\/\/folhadosudeste.com\/site\/wp-content\/uploads\/2014\/07\/IMG-20140708-WA0097-C\u00f3pia-300x300.jpg 300w, https:\/\/folhadosudeste.com\/site\/wp-content\/uploads\/2014\/07\/IMG-20140708-WA0097-C\u00f3pia-55x55.jpg 55w\" sizes=\"auto, (max-width: 624px) 100vw, 624px\" \/><\/a><\/p>\n<p style=\"text-align: justify;\">A 1\u00aa Gincana Ambiental da 4\u00aa Cia PM Ind MAT tem por objetivo a mobiliza\u00e7\u00e3o de alunos, educadores e comunidade, trazendo atrav\u00e9s desta parceria, novos conhecimentos que possibilitem preparar os indiv\u00edduos como cidad\u00e3os conscientes de suas obriga\u00e7\u00f5es e seus deveres a serem cumpridos para uma melhor qualidade de vida, unindo assim informa\u00e7\u00e3o e pr\u00e1tica para preserva\u00e7\u00e3o e conserva\u00e7\u00e3o do meio ambiente.<\/p>\n<p style=\"text-align: justify;\">\u00a0Os objetivos espec\u00edficos s\u00e3o:<\/p>\n<p style=\"text-align: justify;\">\u00a0\u00a0\u00a0\u00a0\u00a0\u00a0\u00a0\u00a0\u00a0\u00a0\u00a0\u00a0a) Despertar o esp\u00edrito de competi\u00e7\u00e3o sadia;<\/p>\n<p style=\"text-align: justify;\">\u00a0\u00a0\u00a0\u00a0\u00a0\u00a0\u00a0\u00a0\u00a0\u00a0\u00a0\u00a0b) Sensibilizar a comunidade em rela\u00e7\u00e3o ao contexto Homem x Meio Ambiente;<\/p>\n<p style=\"text-align: justify;\">\u00a0\u00a0\u00a0\u00a0\u00a0\u00a0\u00a0\u00a0\u00a0\u00a0\u00a0\u00a0c) Servir como elemento educativo;<\/p>\n<p style=\"text-align: justify;\">\u00a0\u00a0\u00a0\u00a0\u00a0\u00a0\u00a0\u00a0\u00a0\u00a0\u00a0\u00a0d) Estimular a participa\u00e7\u00e3o da comunidade escolar, bem como a de seus familiares na prote\u00e7\u00e3o ambiental, e na melhoria de qualidade de vida de nosso munic\u00edpio;<\/p>\n<p style=\"text-align: justify;\">\u00a0\u00a0\u00a0\u00a0\u00a0\u00a0\u00a0\u00a0\u00a0\u00a0\u00a0\u00a0e) Sensibilizar os alunos sobre a import\u00e2ncia das quest\u00f5es ambientais, de seguran\u00e7a e sa\u00fade;<\/p>\n<p style=\"text-align: justify;\">\u00a0\u00a0\u00a0\u00a0\u00a0\u00a0\u00a0\u00a0\u00a0\u00a0\u00a0\u00a0f) Incentivar a conserva\u00e7\u00e3o dos recursos naturais.<\/p>\n<p style=\"text-align: justify;\">\n<p style=\"text-align: justify;\">As Escolas participantes ser\u00e3o identificadas por uma faixa com slogan criada pela mesma expostas ao p\u00fablico nas entradas das institui\u00e7\u00f5es de ensino e poder\u00e3o estar recebendo pilhas e baterias usadas, de aparelhos como r\u00e1dios, celulares de toda comunidade.<\/p>\n<p style=\"text-align: justify;\">\n<p style=\"text-align: justify;\">\u00a0Participem ajudem a escola de seu bairro, mas principalmente ajude a natureza e seja um cidad\u00e3o consciente de seus deveres e obriga\u00e7\u00f5es.<\/p>\n<p style=\"text-align: justify;\">\n<p style=\"text-align: justify;\">A pesagem do material arrecadado pelas escolas, acontecer\u00e1 no dia 13 de agosto de 2014 no coreto da Pra\u00e7a Jo\u00e3o Pinheiro a partir das 08:30hs e a escola que ao final da gincana somar maior numero de pontos receber\u00e1 uma quantia em dinheiro para compras de materiais did\u00e1ticos para escola.<\/p>\n<p style=\"text-align: justify;\">\n<p style=\"text-align: justify;\">Todo material arrecadados ser\u00e1 recolhido, ser\u00e1 descartado da forma adequada pela Pol\u00edcia Militar do Meio Ambiente.<\/p>\n<p style=\"text-align: justify;\">Fonte:Cb Madriaga<\/p>\n","protected":false},"excerpt":{"rendered":"<p>\u00a0 A 1\u00aa Gincana Ambiental da 4\u00aa Cia PM Ind MAT tem por objetivo a mobiliza\u00e7\u00e3o de alunos, educadores e comunidade, trazendo atrav\u00e9s desta parceria, novos conhecimentos que possibilitem preparar os indiv\u00edduos como cidad\u00e3os conscientes de suas obriga\u00e7\u00f5es e seus deveres a serem cumpridos para uma melhor qualidade de vida, unindo assim informa\u00e7\u00e3o e pr\u00e1tica [&hellip;]<\/p>\n","protected":false},"author":4,"featured_media":4459,"comment_status":"open","ping_status":"closed","sticky":false,"template":"","format":"standard","meta":{"_joinchat":[],"footnotes":""},"categories":[1],"tags":[],"class_list":["post-4458","post","type-post","status-publish","format-standard","has-post-thumbnail","hentry","category-sem-categoria"],"_links":{"self":[{"href":"https:\/\/folhadosudeste.com\/site\/index.php?rest_route=\/wp\/v2\/posts\/4458","targetHints":{"allow":["GET"]}}],"collection":[{"href":"https:\/\/folhadosudeste.com\/site\/index.php?rest_route=\/wp\/v2\/posts"}],"about":[{"href":"https:\/\/folhadosudeste.com\/site\/index.php?rest_route=\/wp\/v2\/types\/post"}],"author":[{"embeddable":true,"href":"https:\/\/folhadosudeste.com\/site\/index.php?rest_route=\/wp\/v2\/users\/4"}],"replies":[{"embeddable":true,"href":"https:\/\/folhadosudeste.com\/site\/index.php?rest_route=%2Fwp%2Fv2%2Fcomments&post=4458"}],"version-history":[{"count":1,"href":"https:\/\/folhadosudeste.com\/site\/index.php?rest_route=\/wp\/v2\/posts\/4458\/revisions"}],"predecessor-version":[{"id":4461,"href":"https:\/\/folhadosudeste.com\/site\/index.php?rest_route=\/wp\/v2\/posts\/4458\/revisions\/4461"}],"wp:featuredmedia":[{"embeddable":true,"href":"https:\/\/folhadosudeste.com\/site\/index.php?rest_route=\/wp\/v2\/media\/4459"}],"wp:attachment":[{"href":"https:\/\/folhadosudeste.com\/site\/index.php?rest_route=%2Fwp%2Fv2%2Fmedia&parent=4458"}],"wp:term":[{"taxonomy":"category","embeddable":true,"href":"https:\/\/folhadosudeste.com\/site\/index.php?rest_route=%2Fwp%2Fv2%2Fcategories&post=4458"},{"taxonomy":"post_tag","embeddable":true,"href":"https:\/\/folhadosudeste.com\/site\/index.php?rest_route=%2Fwp%2Fv2%2Ftags&post=4458"}],"curies":[{"name":"wp","href":"https:\/\/api.w.org\/{rel}","templated":true}]}}