{"id":4466,"date":"2014-07-29T19:13:58","date_gmt":"2014-07-29T19:13:58","guid":{"rendered":"http:\/\/folhadosudeste.com\/site\/?p=4466"},"modified":"2014-07-31T20:32:45","modified_gmt":"2014-07-31T20:32:45","slug":"4466","status":"publish","type":"post","link":"https:\/\/folhadosudeste.com\/site\/?p=4466","title":{"rendered":"FOLHA POLICIAL- OCORR\u00caNCIAS EM DESTAQUE"},"content":{"rendered":"<p style=\"text-align: justify;\" align=\"center\"><b>\u00a0<a href=\"http:\/\/folhadosudeste.com\/site\/wp-content\/uploads\/2014\/07\/viatura-pm11.jpg\"><img loading=\"lazy\" decoding=\"async\" class=\"aligncenter size-full wp-image-4467\" alt=\"viatura-pm1\" src=\"http:\/\/folhadosudeste.com\/site\/wp-content\/uploads\/2014\/07\/viatura-pm11.jpg\" width=\"620\" height=\"346\" srcset=\"https:\/\/folhadosudeste.com\/site\/wp-content\/uploads\/2014\/07\/viatura-pm11.jpg 620w, https:\/\/folhadosudeste.com\/site\/wp-content\/uploads\/2014\/07\/viatura-pm11-300x167.jpg 300w\" sizes=\"auto, (max-width: 620px) 100vw, 620px\" \/><\/a><\/b><\/p>\n<p style=\"text-align: justify;\"><b>\u00a0 \u00a0\u00a0<\/b><b>\u00a0 \u00a0 \u00a0 \u00a0\u00a0<\/b><b>\u00a0\u00a0\u00a0\u00a0\u00a0\u00a0\u00a0\u00a0\u00a0\u00a0\u00a0 <i>75\u00aa CIA PM- CARANGOLA-MG<\/i><\/b><\/p>\n<p style=\"text-align: justify;\"><b>PM D\u00c1 CUMPRIMENTO A MANDADO DE BUSCA E EFETUA PRIS\u00c3O E APREENS\u00c3O DE MATERIAIS EM TOMBOS<\/b><\/p>\n<p style=\"text-align: justify;\">Em 28\/07\/2014, por volta das 09h30min, na Avenida Grilo, Bairro Niter\u00f3i, durante cumprimento de mandado de busca e apreens\u00e3o, foram apreendidos duas picadeiras, sendo uma de marca &#8220;PINHEIRO&#8221; e outra sem marca\/ modelo, 01 motor marca &#8220;BROWN BOVERI&#8221;, 12 HP, s\u00e9rie A538439 e 01 motor de indu\u00e7\u00e3o monof\u00e1sico 1\/3CV, 3500 RPM, marca WEG, os quais, devido ao tamanho, ficaram apreendidos na responsabilidade de R.A.B.A.S. Sendo ainda dado cumprimento ao mandado de pris\u00e3o em desfavor de C.O.S. de 35 anos, o qual foi conduzido \u00e0 DPJ.<\/p>\n<p style=\"text-align: justify;\"><b><i>\u00a0\u00a0\u00a0\u00a0\u00a0\u00a0\u00a0\u00a0\u00a0\u00a0\u00a0\u00a0\u00a0\u00a0\u00a0\u00a0\u00a0\u00a0\u00a0\u00a0\u00a0\u00a0\u00a0 76\u00aa CIA PM \u2013 MURIA\u00c9-MG<\/i><\/b><\/p>\n<p style=\"text-align: justify;\"><b>PM REGISTRA FALSIFICA\u00c7\u00c3O DE TAL\u00c3O DE CHEQUES DE PROPRIEDADE DA PREFEITURA DE PATROC\u00cdNIO DO MURIA\u00c9<\/b><\/p>\n<p style=\"text-align: justify;\">Em 28\/07\/2014, por volta das 13h, na Rua Silveira Brum, no Centro, militares compareceram a prefeitura municipal, onde J.G.O.S. de 29 anos, relatou que foi comunicado por um funcion\u00e1rio da CAIXA ECON\u00d4MICA FEDERAL que um cheque de propriedade da prefeitura municipal de PATROC\u00cdNIO DO MURIA\u00c9-MG, no valor de R$1.001,00, foi depositado em nome de D.C.B. em data de 24 de julho de 2014, contudo, o tal\u00e3o de cheque original encontra-se na prefeitura, e ainda n\u00e3o chegou na numera\u00e7\u00e3o do cheque depositado e encontra-se na tesouraria da prefeitura, que n\u00e3o \u00e9 a primeira vez que fato como esse acontece, chegando a conclus\u00e3o que a citada folha foi falsificada.<\/p>\n<p style=\"text-align: justify;\"><b>PM EFETUA PRIS\u00c3O POR PORTE ILEGAL DE ARMA DE FOGO EM MURIA\u00c9<\/b><\/p>\n<p style=\"text-align: justify;\">Em 28\/07\/2014, por volta das 20h50min, na Rua Marius Dornelas, na Barra, segundo den\u00fancias an\u00f4nimas, E.C.S. de 36 anos, havia chegado no albergue, conduzindo um FORD\/FIESTA, cor cinza, e que no interior do ve\u00edculo teria uma arma de fogo. Em contato com um Agente Penitenci\u00e1rio, este o chamou no interior do albergue sendo que, ao ser questionado, disse que n\u00e3o tinha arma dentro do ve\u00edculo, e negou a acompanhar a busca. O Agente Penitenci\u00e1rio acompanhou a busca no ve\u00edculo, onde foi encontrado debaixo do banco do motorista um rev\u00f3lver cal.32 sem numera\u00e7\u00e3o aparente, TAURUS, municiado com 06 cartuchos intactos. O FORD\/FIESTA foi removido ao p\u00e1tio credenciado e dada voz de pris\u00e3o ao autor, sendo conduzido \u00e0 DPJ. Pris\u00e3o Ratificada.<\/p>\n<p style=\"text-align: justify;\"><b>PM EFETUA PRIS\u00c3O POR DANO AO PATRIM\u00d4NIO E TR\u00c1FICO DE DROGAS EM MURIA\u00c9<\/b><\/p>\n<p style=\"text-align: justify;\">Em 28\/07\/2014, por volta das 23h45min, na Travessa Expedicion\u00e1rios, no Centro, denuncia an\u00f4nima dava conta que havia um grupo de pessoas pichando o pr\u00e9dio da antiga prefeitura. No local encontraram picha\u00e7\u00f5es na cor rosa, e os autores tinham evadido. Em rastreamento, militares depararam com A.S.L. de 23 anos, P.E.B.F. de 18 anos, J.A.S. de 24 anos, e C.C.L.F. de 19 anos e, procedida a abordagem, foi encontrado ao lado dos p\u00e9s de um dos indiv\u00edduos 01 tablete de maconha. Os indiv\u00edduos confirmaram que haviam acabado de fazer uso de maconha, tendo um deles assumido a propriedade da subst\u00e2ncia e afirmado que teria fornecido a droga gratuitamente aos demais indiv\u00edduos para que eles fizessem o consumo. Nas m\u00e3os dos autores foi constatado que havia resqu\u00edcio de tinta rosa e, diante da evid\u00eancia, os indiv\u00edduos admitiram que estavam com os autores, mas alegaram que n\u00e3o teriam realizado as picha\u00e7\u00f5es, indicando o nome de A.H.O. de 14 anos, e J.C.J.M. de 14 anos, como os respons\u00e1veis pelos danos. Foi encontrado na porta da casa de um dos menores uma tampa de lata de tinta spray, na cor rosa, a qual foi recolhida. Em face das evid\u00eancias, o outro menor, na presen\u00e7a de seu genitor, assumiu ter adquirido e levado a tinta at\u00e9 o local onde, junto com tr\u00eas dos indiv\u00edduos acima citados, teria realizado as picha\u00e7\u00f5es. A lata de tinta utilizada, foi localizada e recolhida. Foi dada voz de pris\u00e3o em flagrante aos autores e de apreens\u00e3o aos menores infratores, os quais foram encaminhados \u00e0 DPJ. A per\u00edcia compareceu no local.<\/p>\n<p style=\"text-align: justify;\">Fonte: 47bpm<\/p>\n","protected":false},"excerpt":{"rendered":"<p>\u00a0 \u00a0 \u00a0\u00a0\u00a0 \u00a0 \u00a0 \u00a0\u00a0\u00a0\u00a0\u00a0\u00a0\u00a0\u00a0\u00a0\u00a0\u00a0\u00a0\u00a0 75\u00aa CIA PM- CARANGOLA-MG PM D\u00c1 CUMPRIMENTO A MANDADO DE BUSCA E EFETUA PRIS\u00c3O E APREENS\u00c3O DE MATERIAIS EM TOMBOS Em 28\/07\/2014, por volta das 09h30min, na Avenida Grilo, Bairro Niter\u00f3i, durante cumprimento de mandado de busca e apreens\u00e3o, foram apreendidos duas picadeiras, sendo uma de marca &#8220;PINHEIRO&#8221; e [&hellip;]<\/p>\n","protected":false},"author":4,"featured_media":4467,"comment_status":"open","ping_status":"closed","sticky":false,"template":"","format":"standard","meta":{"_joinchat":[],"footnotes":""},"categories":[1],"tags":[],"class_list":["post-4466","post","type-post","status-publish","format-standard","has-post-thumbnail","hentry","category-sem-categoria"],"_links":{"self":[{"href":"https:\/\/folhadosudeste.com\/site\/index.php?rest_route=\/wp\/v2\/posts\/4466","targetHints":{"allow":["GET"]}}],"collection":[{"href":"https:\/\/folhadosudeste.com\/site\/index.php?rest_route=\/wp\/v2\/posts"}],"about":[{"href":"https:\/\/folhadosudeste.com\/site\/index.php?rest_route=\/wp\/v2\/types\/post"}],"author":[{"embeddable":true,"href":"https:\/\/folhadosudeste.com\/site\/index.php?rest_route=\/wp\/v2\/users\/4"}],"replies":[{"embeddable":true,"href":"https:\/\/folhadosudeste.com\/site\/index.php?rest_route=%2Fwp%2Fv2%2Fcomments&post=4466"}],"version-history":[{"count":2,"href":"https:\/\/folhadosudeste.com\/site\/index.php?rest_route=\/wp\/v2\/posts\/4466\/revisions"}],"predecessor-version":[{"id":4477,"href":"https:\/\/folhadosudeste.com\/site\/index.php?rest_route=\/wp\/v2\/posts\/4466\/revisions\/4477"}],"wp:featuredmedia":[{"embeddable":true,"href":"https:\/\/folhadosudeste.com\/site\/index.php?rest_route=\/wp\/v2\/media\/4467"}],"wp:attachment":[{"href":"https:\/\/folhadosudeste.com\/site\/index.php?rest_route=%2Fwp%2Fv2%2Fmedia&parent=4466"}],"wp:term":[{"taxonomy":"category","embeddable":true,"href":"https:\/\/folhadosudeste.com\/site\/index.php?rest_route=%2Fwp%2Fv2%2Fcategories&post=4466"},{"taxonomy":"post_tag","embeddable":true,"href":"https:\/\/folhadosudeste.com\/site\/index.php?rest_route=%2Fwp%2Fv2%2Ftags&post=4466"}],"curies":[{"name":"wp","href":"https:\/\/api.w.org\/{rel}","templated":true}]}}