{"id":4472,"date":"2014-07-31T13:59:43","date_gmt":"2014-07-31T13:59:43","guid":{"rendered":"http:\/\/folhadosudeste.com\/site\/?p=4472"},"modified":"2014-07-31T13:59:57","modified_gmt":"2014-07-31T13:59:57","slug":"folha-policial-ocorrencias-de-destaque-5","status":"publish","type":"post","link":"https:\/\/folhadosudeste.com\/site\/?p=4472","title":{"rendered":"FOLHA POLICIAL &#8211; OCORR\u00caNCIAS DE DESTAQUE"},"content":{"rendered":"<p style=\"text-align: justify;\" align=\"center\"><a href=\"http:\/\/folhadosudeste.com\/site\/wp-content\/uploads\/2014\/07\/viatura-pm12.jpg\"><img loading=\"lazy\" decoding=\"async\" class=\"aligncenter size-full wp-image-4473\" alt=\"viatura-pm1\" src=\"http:\/\/folhadosudeste.com\/site\/wp-content\/uploads\/2014\/07\/viatura-pm12.jpg\" width=\"620\" height=\"346\" srcset=\"https:\/\/folhadosudeste.com\/site\/wp-content\/uploads\/2014\/07\/viatura-pm12.jpg 620w, https:\/\/folhadosudeste.com\/site\/wp-content\/uploads\/2014\/07\/viatura-pm12-300x167.jpg 300w\" sizes=\"auto, (max-width: 620px) 100vw, 620px\" \/><\/a><\/p>\n<p style=\"text-align: justify;\"><b><i>\u00a0\u00a0\u00a0\u00a0\u00a0\u00a0\u00a0\u00a0\u00a0\u00a0\u00a0\u00a0\u00a0\u00a0\u00a0\u00a0\u00a0\u00a0\u00a0\u00a0\u00a0\u00a0\u00a0 76\u00aa CIA PM \u2013 MURIA\u00c9-MG<\/i><\/b><\/p>\n<p style=\"text-align: justify;\"><b>PM REGISTRA FURTO \u00c0 INSTITUI\u00c7\u00c3O MUNICIPAL EM MURIA\u00c9<\/b><b>\u00a0<\/b><\/p>\n<p style=\"text-align: justify;\">Em 30\/07\/2014, por volta das 11h, na Rua Itagiba de Oliveira, no Bairro Barra, S.A.M.S.G. de 45 anos, relatou que no dia de ontem, R.M.R. funcion\u00e1rio do CENTRO EDUCACIONAL DOM DELFIM, constatou que foi furtado do interior da institui\u00e7\u00e3o, 01 botija de g\u00e1s cheia; 01 cano de 100ml PVC, marca PLASTUBO; 01 cano de 75ml, marca PLASTUBO. Que na ocasi\u00e3o n\u00e3o acionou a pol\u00edcia, por n\u00e3o haver sinal de arrombamento no local. E que posteriormente foi orientada pela prefeitura municipal a registrar o fato. Acredita que o autor do furto, possa ter a chave do local.<\/p>\n<p style=\"text-align: justify;\"><b>PM REGISTRA COMUNICA\u00c7\u00c3O DE PESSOA DESAPARECIDA EM LARANJAL<\/b><\/p>\n<p style=\"text-align: justify;\">Em 30\/0\/2014, por volta das 09h, na Rua Sagrado Cora\u00e7\u00e3o de Jesus, no Centro,\u00a0 ALESSANDRA GUEDES JUV\u00caNCIO, 28 anos, compareceu ao DST PM e relatou que na madrugada do dia 25\/07\/2014, por volta das 03:00 horas, teve um desentendimento com o seu esposo, CARLOS WELLINGTON BERNO NETTO, 47 anos, e ap\u00f3s a desaven\u00e7a o mesmo pegou seu ve\u00edculo, e em companhia de um cidad\u00e3o conhecido por \u201cTUIM\u201d, tomou rumo ignorado, sendo que at\u00e9 esta data n\u00e3o retornou. Que, CARLOS WELLINGTON\u00a0 \u00e9 m\u00e9dico e possui um consult\u00f3rio no centro da cidade, e populares informaram apenas que, desde 26\/07\/2014, CARLOS WELLINGTON n\u00e3o aparece para abrir o consult\u00f3rio. Que fez contato com o cidad\u00e3o de nome \u201cTUIM\u201d, e este informou que na madrugada do dia 25\/07\/2014, CARLOS WELLINGTON o deixou em sua resid\u00eancia, na zona rural de LARANJAL-MG, e a partir dai n\u00e3o teve mais not\u00edcia do mesmo.<\/p>\n<p style=\"text-align: justify;\"><b>PM REGISTRA ROUBO EM UMA FAZENDA EM VIEIRAS<\/b><\/p>\n<p style=\"text-align: justify;\">Em 30\/07\/2014, por volta das 15h40min, na zona rural de Vieiras, R.C.D. de 47 anos, informou que tr\u00eas indiv\u00edduos, sendo G.F.F. De 18 anos, B.F.F. de 19 anos e D.R.S. de 31 anos, estariam na fazenda de propriedade de E.C.F. de 47 anos, e j\u00e1 teriam agredido R.D.R. de 29 anos com uma enxada e com socos, sendo que um dos autores estava segurando um rev\u00f3lver e mandava que o outro agredisse as v\u00edtimas, deixando uma v\u00edtima lesionada e esta relata que os autores disseram: \u201cque nem pol\u00edcia e nem vagabundo imp\u00f5e eles\u201d. Que os indiv\u00edduos estavam em uma moto HONDA\/NXR150 BROS ESD, de propriedade de H.F.S.P. de 22 anos, a qual foi aprendida. Que um deles quebrou o retrovisor de um trator de propriedade da fazenda e apanhou uma motocicleta HONDA TORNADO, com a qual teria feito um acordo anteriormente com uma das v\u00edtimas, trocando por duas motos velhas e que a v\u00edtima teria que quitar as multas. As v\u00edtimas foram encaminhadas ao hospital de MIRADOURO-MG. EM rastreamento, foi encontrado no quintal da resid\u00eancia de dois autores 01 estojo cal.38 deflagrado, por\u00e9m os autores n\u00e3o foram localizados. A moto que foi utilizada no roubo foi localizada na porta de um estabelecimento comercial e aprendida. Quando os militares chegaram em MIRADOURO-MG, receberam uma liga\u00e7\u00e3o do propriet\u00e1rio da fazenda relatando que um dos agressores estava na porta de sua resid\u00eancia fazendo v\u00e1rias amea\u00e7as, dizendo para que as v\u00edtimas retirassem a queixa e evadiu. Foi localizado um dos comparsas do citado agressor que confirmou toda a vers\u00e3o da v\u00edtima, inclusive a utiliza\u00e7\u00e3o da arma de fogo para intimid\u00e1-lo e subtrair a motocicleta HONDA TORNADO. O comparsa recebeu voz de pris\u00e3o e foi apresentado na 4\u00aa DRPC, onde foi ouvido e liberado.<\/p>\n<p>Fonte: 47bpm<\/p>\n","protected":false},"excerpt":{"rendered":"<p>\u00a0\u00a0\u00a0\u00a0\u00a0\u00a0\u00a0\u00a0\u00a0\u00a0\u00a0\u00a0\u00a0\u00a0\u00a0\u00a0\u00a0\u00a0\u00a0\u00a0\u00a0\u00a0\u00a0 76\u00aa CIA PM \u2013 MURIA\u00c9-MG PM REGISTRA FURTO \u00c0 INSTITUI\u00c7\u00c3O MUNICIPAL EM MURIA\u00c9\u00a0 Em 30\/07\/2014, por volta das 11h, na Rua Itagiba de Oliveira, no Bairro Barra, S.A.M.S.G. de 45 anos, relatou que no dia de ontem, R.M.R. funcion\u00e1rio do CENTRO EDUCACIONAL DOM DELFIM, constatou que foi furtado do interior da institui\u00e7\u00e3o, 01 botija [&hellip;]<\/p>\n","protected":false},"author":4,"featured_media":4473,"comment_status":"open","ping_status":"closed","sticky":false,"template":"","format":"standard","meta":{"_joinchat":[],"footnotes":""},"categories":[1],"tags":[],"class_list":["post-4472","post","type-post","status-publish","format-standard","has-post-thumbnail","hentry","category-sem-categoria"],"_links":{"self":[{"href":"https:\/\/folhadosudeste.com\/site\/index.php?rest_route=\/wp\/v2\/posts\/4472","targetHints":{"allow":["GET"]}}],"collection":[{"href":"https:\/\/folhadosudeste.com\/site\/index.php?rest_route=\/wp\/v2\/posts"}],"about":[{"href":"https:\/\/folhadosudeste.com\/site\/index.php?rest_route=\/wp\/v2\/types\/post"}],"author":[{"embeddable":true,"href":"https:\/\/folhadosudeste.com\/site\/index.php?rest_route=\/wp\/v2\/users\/4"}],"replies":[{"embeddable":true,"href":"https:\/\/folhadosudeste.com\/site\/index.php?rest_route=%2Fwp%2Fv2%2Fcomments&post=4472"}],"version-history":[{"count":1,"href":"https:\/\/folhadosudeste.com\/site\/index.php?rest_route=\/wp\/v2\/posts\/4472\/revisions"}],"predecessor-version":[{"id":4474,"href":"https:\/\/folhadosudeste.com\/site\/index.php?rest_route=\/wp\/v2\/posts\/4472\/revisions\/4474"}],"wp:featuredmedia":[{"embeddable":true,"href":"https:\/\/folhadosudeste.com\/site\/index.php?rest_route=\/wp\/v2\/media\/4473"}],"wp:attachment":[{"href":"https:\/\/folhadosudeste.com\/site\/index.php?rest_route=%2Fwp%2Fv2%2Fmedia&parent=4472"}],"wp:term":[{"taxonomy":"category","embeddable":true,"href":"https:\/\/folhadosudeste.com\/site\/index.php?rest_route=%2Fwp%2Fv2%2Fcategories&post=4472"},{"taxonomy":"post_tag","embeddable":true,"href":"https:\/\/folhadosudeste.com\/site\/index.php?rest_route=%2Fwp%2Fv2%2Ftags&post=4472"}],"curies":[{"name":"wp","href":"https:\/\/api.w.org\/{rel}","templated":true}]}}