{"id":4481,"date":"2014-07-31T20:40:12","date_gmt":"2014-07-31T20:40:12","guid":{"rendered":"http:\/\/folhadosudeste.com\/site\/?p=4481"},"modified":"2014-07-31T20:45:11","modified_gmt":"2014-07-31T20:45:11","slug":"4481","status":"publish","type":"post","link":"https:\/\/folhadosudeste.com\/site\/?p=4481","title":{"rendered":"Mec\u00e2nica Souza Dias \u00e9 patrona da Festa de S\u00e3o Crist\u00f3v\u00e3o"},"content":{"rendered":"<p style=\"text-align: justify;\"><a href=\"http:\/\/folhadosudeste.com\/site\/wp-content\/uploads\/2014\/07\/DSC_0233.jpg\"><img loading=\"lazy\" decoding=\"async\" class=\"aligncenter size-full wp-image-4482\" alt=\"DSC_0233\" src=\"http:\/\/folhadosudeste.com\/site\/wp-content\/uploads\/2014\/07\/DSC_0233.jpg\" width=\"800\" height=\"533\" srcset=\"https:\/\/folhadosudeste.com\/site\/wp-content\/uploads\/2014\/07\/DSC_0233.jpg 800w, https:\/\/folhadosudeste.com\/site\/wp-content\/uploads\/2014\/07\/DSC_0233-300x199.jpg 300w\" sizes=\"auto, (max-width: 800px) 100vw, 800px\" \/><\/a><\/p>\n<p style=\"text-align: justify;\"><b>Mec\u00e2nica Souza Dias \u00e9 patrona da Festa de S\u00e3o Crist\u00f3v\u00e3o<\/b><\/p>\n<p style=\"text-align: justify;\">A tradicional Festa de S\u00e3o Crist\u00f3v\u00e3o em Muria\u00e9, que acontece h\u00e1 68 anos em nossa cidade, foi encerrada no \u00faltimo domingo (27), com a carreata em homenagem ao santo e a presen\u00e7a de milhares de pessoas. Mais de 5 mil ve\u00edculos foram aben\u00e7oados pelo Padre Silas, p\u00e1roco respons\u00e1vel pela Par\u00f3quia Nossa Senhora Aparecida (Porto), que organiza este evento todos os anos. A programa\u00e7\u00e3o da festividade contou com as celebra\u00e7\u00f5es dos dias 24, 25 e 26, que deram in\u00edcio ao Tr\u00edduo e Festa em Honra a S\u00e3o Crist\u00f3v\u00e3o, encerrando com as Santas Missas especiais no domingo \u2013 a das 9:30 contou com a participa\u00e7\u00e3o das&#8230; \u00a0Saiba mais na edi\u00e7\u00e3o 621 dessa semana do Jornal Folha do Sudeste, nas bancas.[dopwgg id=&#8221;370&#8243;][dopwgg id=&#8221;368&#8243;][dopwgg id=&#8221;371&#8243;]<\/p>\n","protected":false},"excerpt":{"rendered":"<p>Mec\u00e2nica Souza Dias \u00e9 patrona da Festa de S\u00e3o Crist\u00f3v\u00e3o A tradicional Festa de S\u00e3o Crist\u00f3v\u00e3o em Muria\u00e9, que acontece h\u00e1 68 anos em nossa cidade, foi encerrada no \u00faltimo domingo (27), com a carreata em homenagem ao santo e a presen\u00e7a de milhares de pessoas. Mais de 5 mil ve\u00edculos foram aben\u00e7oados pelo Padre [&hellip;]<\/p>\n","protected":false},"author":4,"featured_media":4482,"comment_status":"open","ping_status":"closed","sticky":false,"template":"","format":"standard","meta":{"_joinchat":[],"footnotes":""},"categories":[1],"tags":[],"class_list":["post-4481","post","type-post","status-publish","format-standard","has-post-thumbnail","hentry","category-sem-categoria"],"_links":{"self":[{"href":"https:\/\/folhadosudeste.com\/site\/index.php?rest_route=\/wp\/v2\/posts\/4481","targetHints":{"allow":["GET"]}}],"collection":[{"href":"https:\/\/folhadosudeste.com\/site\/index.php?rest_route=\/wp\/v2\/posts"}],"about":[{"href":"https:\/\/folhadosudeste.com\/site\/index.php?rest_route=\/wp\/v2\/types\/post"}],"author":[{"embeddable":true,"href":"https:\/\/folhadosudeste.com\/site\/index.php?rest_route=\/wp\/v2\/users\/4"}],"replies":[{"embeddable":true,"href":"https:\/\/folhadosudeste.com\/site\/index.php?rest_route=%2Fwp%2Fv2%2Fcomments&post=4481"}],"version-history":[{"count":4,"href":"https:\/\/folhadosudeste.com\/site\/index.php?rest_route=\/wp\/v2\/posts\/4481\/revisions"}],"predecessor-version":[{"id":4489,"href":"https:\/\/folhadosudeste.com\/site\/index.php?rest_route=\/wp\/v2\/posts\/4481\/revisions\/4489"}],"wp:featuredmedia":[{"embeddable":true,"href":"https:\/\/folhadosudeste.com\/site\/index.php?rest_route=\/wp\/v2\/media\/4482"}],"wp:attachment":[{"href":"https:\/\/folhadosudeste.com\/site\/index.php?rest_route=%2Fwp%2Fv2%2Fmedia&parent=4481"}],"wp:term":[{"taxonomy":"category","embeddable":true,"href":"https:\/\/folhadosudeste.com\/site\/index.php?rest_route=%2Fwp%2Fv2%2Fcategories&post=4481"},{"taxonomy":"post_tag","embeddable":true,"href":"https:\/\/folhadosudeste.com\/site\/index.php?rest_route=%2Fwp%2Fv2%2Ftags&post=4481"}],"curies":[{"name":"wp","href":"https:\/\/api.w.org\/{rel}","templated":true}]}}