{"id":4485,"date":"2014-07-31T20:43:14","date_gmt":"2014-07-31T20:43:14","guid":{"rendered":"http:\/\/folhadosudeste.com\/site\/?p=4485"},"modified":"2014-07-31T20:43:14","modified_gmt":"2014-07-31T20:43:14","slug":"rosario-da-limeira-festeja-dia-do-trabalhador-rural-com-solenidade-especial","status":"publish","type":"post","link":"https:\/\/folhadosudeste.com\/site\/?p=4485","title":{"rendered":"Ros\u00e1rio da Limeira festeja Dia do Trabalhador Rural com solenidade especial"},"content":{"rendered":"<p><a href=\"http:\/\/folhadosudeste.com\/site\/wp-content\/uploads\/2014\/07\/DSC00841.jpg\"><img loading=\"lazy\" decoding=\"async\" class=\"aligncenter size-full wp-image-4486\" alt=\"DSC00841\" src=\"http:\/\/folhadosudeste.com\/site\/wp-content\/uploads\/2014\/07\/DSC00841.jpg\" width=\"800\" height=\"533\" srcset=\"https:\/\/folhadosudeste.com\/site\/wp-content\/uploads\/2014\/07\/DSC00841.jpg 800w, https:\/\/folhadosudeste.com\/site\/wp-content\/uploads\/2014\/07\/DSC00841-300x199.jpg 300w\" sizes=\"auto, (max-width: 800px) 100vw, 800px\" \/><\/a><\/p>\n<p><b>Ros\u00e1rio da Limeira festeja Dia do Trabalhador Rural com solenidade especial<\/b><\/p>\n<p>O Sindicato dos Trabalhadores Rurais de Muria\u00e9, Bar\u00e3o do Monte Alto e Ros\u00e1rio da Limeira, em parceria com a C\u00e2mara de Vereadores do munic\u00edpio, realizaram, na noite da \u00faltima sexta (25), uma solenidade especial de homenagem aos trabalhadores rurais. A festividade aconteceu por ocasi\u00e3o da comemora\u00e7\u00e3o do Dia do Trabalhador Rural, originalmente celebrado em 25 de maio, mas comemorado tamb\u00e9m em Limeira no dia 25 de julho. Dezenas de pessoas lotaram a C\u00e2mara para prestigiar o evento. A mesa da solenidade foi composta pelo presidente da casa legislativa, Alexandre Braga Ribeiro, pelos&#8230; Saiba mais na edi\u00e7\u00e3o 621 dessa semana do Jornal Folha do Sudeste, nas bancas.[dopwgg id=&#8221;369&#8243;]<\/p>\n","protected":false},"excerpt":{"rendered":"<p>Ros\u00e1rio da Limeira festeja Dia do Trabalhador Rural com solenidade especial O Sindicato dos Trabalhadores Rurais de Muria\u00e9, Bar\u00e3o do Monte Alto e Ros\u00e1rio da Limeira, em parceria com a C\u00e2mara de Vereadores do munic\u00edpio, realizaram, na noite da \u00faltima sexta (25), uma solenidade especial de homenagem aos trabalhadores rurais. A festividade aconteceu por ocasi\u00e3o [&hellip;]<\/p>\n","protected":false},"author":4,"featured_media":4486,"comment_status":"open","ping_status":"closed","sticky":false,"template":"","format":"standard","meta":{"_joinchat":[],"footnotes":""},"categories":[1],"tags":[],"class_list":["post-4485","post","type-post","status-publish","format-standard","has-post-thumbnail","hentry","category-sem-categoria"],"_links":{"self":[{"href":"https:\/\/folhadosudeste.com\/site\/index.php?rest_route=\/wp\/v2\/posts\/4485","targetHints":{"allow":["GET"]}}],"collection":[{"href":"https:\/\/folhadosudeste.com\/site\/index.php?rest_route=\/wp\/v2\/posts"}],"about":[{"href":"https:\/\/folhadosudeste.com\/site\/index.php?rest_route=\/wp\/v2\/types\/post"}],"author":[{"embeddable":true,"href":"https:\/\/folhadosudeste.com\/site\/index.php?rest_route=\/wp\/v2\/users\/4"}],"replies":[{"embeddable":true,"href":"https:\/\/folhadosudeste.com\/site\/index.php?rest_route=%2Fwp%2Fv2%2Fcomments&post=4485"}],"version-history":[{"count":1,"href":"https:\/\/folhadosudeste.com\/site\/index.php?rest_route=\/wp\/v2\/posts\/4485\/revisions"}],"predecessor-version":[{"id":4487,"href":"https:\/\/folhadosudeste.com\/site\/index.php?rest_route=\/wp\/v2\/posts\/4485\/revisions\/4487"}],"wp:featuredmedia":[{"embeddable":true,"href":"https:\/\/folhadosudeste.com\/site\/index.php?rest_route=\/wp\/v2\/media\/4486"}],"wp:attachment":[{"href":"https:\/\/folhadosudeste.com\/site\/index.php?rest_route=%2Fwp%2Fv2%2Fmedia&parent=4485"}],"wp:term":[{"taxonomy":"category","embeddable":true,"href":"https:\/\/folhadosudeste.com\/site\/index.php?rest_route=%2Fwp%2Fv2%2Fcategories&post=4485"},{"taxonomy":"post_tag","embeddable":true,"href":"https:\/\/folhadosudeste.com\/site\/index.php?rest_route=%2Fwp%2Fv2%2Ftags&post=4485"}],"curies":[{"name":"wp","href":"https:\/\/api.w.org\/{rel}","templated":true}]}}