{"id":4490,"date":"2014-07-31T20:54:00","date_gmt":"2014-07-31T20:54:00","guid":{"rendered":"http:\/\/folhadosudeste.com\/site\/?p=4490"},"modified":"2014-07-31T20:54:18","modified_gmt":"2014-07-31T20:54:18","slug":"muriae-e-destaque-em-jornal-o-globo","status":"publish","type":"post","link":"https:\/\/folhadosudeste.com\/site\/?p=4490","title":{"rendered":"Muria\u00e9 \u00e9 destaque em jornal O GLOBO"},"content":{"rendered":"<p style=\"text-align: justify;\"><a href=\"http:\/\/folhadosudeste.com\/site\/wp-content\/uploads\/2014\/07\/prefeiturafotos-1271.jpg\"><img loading=\"lazy\" decoding=\"async\" class=\"aligncenter size-full wp-image-4491\" alt=\"prefeiturafotos 1271\" src=\"http:\/\/folhadosudeste.com\/site\/wp-content\/uploads\/2014\/07\/prefeiturafotos-1271.jpg\" width=\"4752\" height=\"3168\" srcset=\"https:\/\/folhadosudeste.com\/site\/wp-content\/uploads\/2014\/07\/prefeiturafotos-1271.jpg 4752w, https:\/\/folhadosudeste.com\/site\/wp-content\/uploads\/2014\/07\/prefeiturafotos-1271-300x200.jpg 300w, https:\/\/folhadosudeste.com\/site\/wp-content\/uploads\/2014\/07\/prefeiturafotos-1271-1024x682.jpg 1024w\" sizes=\"auto, (max-width: 4752px) 100vw, 4752px\" \/><\/a> <a href=\"http:\/\/folhadosudeste.com\/site\/wp-content\/uploads\/2014\/07\/prefeiturafotos-1263.jpg\"><img loading=\"lazy\" decoding=\"async\" class=\"aligncenter size-full wp-image-4492\" alt=\"prefeiturafotos 1263\" src=\"http:\/\/folhadosudeste.com\/site\/wp-content\/uploads\/2014\/07\/prefeiturafotos-1263.jpg\" width=\"4752\" height=\"3168\" srcset=\"https:\/\/folhadosudeste.com\/site\/wp-content\/uploads\/2014\/07\/prefeiturafotos-1263.jpg 4752w, https:\/\/folhadosudeste.com\/site\/wp-content\/uploads\/2014\/07\/prefeiturafotos-1263-300x200.jpg 300w, https:\/\/folhadosudeste.com\/site\/wp-content\/uploads\/2014\/07\/prefeiturafotos-1263-1024x682.jpg 1024w\" sizes=\"auto, (max-width: 4752px) 100vw, 4752px\" \/><\/a><\/p>\n<p style=\"text-align: justify;\">Muria\u00e9 \u00e9 destaque em jornal O GLOBO<\/p>\n<p style=\"text-align: justify;\">O jornal O Globo, citou o nome do munic\u00edpio de Muria\u00e9 esta semana como uma cidade que tem uma \u00f3tima qualidade de ensino. No caderno Economia, na editoria \u201cSociedade\u201d o colunista, Ant\u00f4nio G\u00f3is, destacou, nesta segunda-feira (28), a Educa\u00e7\u00e3o. Ressaltou o tema: \u201cAs melhores Redes P\u00fablicas\u201d e, entre compara\u00e7\u00f5es nas redes de educa\u00e7\u00e3o p\u00fablica constataram que algumas localidades t\u00eam o ensino fundamental mais eficiente&#8230; Saiba mais na edi\u00e7\u00e3o 621 do Jornal folha do Sudeste, nas bancas.<\/p>\n<p style=\"text-align: justify;\"><span style=\"line-height: 1.5em;\">Fonte: Impressa- Prefeitura<\/span><\/p>\n","protected":false},"excerpt":{"rendered":"<p>Muria\u00e9 \u00e9 destaque em jornal O GLOBO O jornal O Globo, citou o nome do munic\u00edpio de Muria\u00e9 esta semana como uma cidade que tem uma \u00f3tima qualidade de ensino. No caderno Economia, na editoria \u201cSociedade\u201d o colunista, Ant\u00f4nio G\u00f3is, destacou, nesta segunda-feira (28), a Educa\u00e7\u00e3o. Ressaltou o tema: \u201cAs melhores Redes P\u00fablicas\u201d e, entre [&hellip;]<\/p>\n","protected":false},"author":4,"featured_media":4492,"comment_status":"open","ping_status":"closed","sticky":false,"template":"","format":"standard","meta":{"_joinchat":[],"footnotes":""},"categories":[1],"tags":[],"class_list":["post-4490","post","type-post","status-publish","format-standard","has-post-thumbnail","hentry","category-sem-categoria"],"_links":{"self":[{"href":"https:\/\/folhadosudeste.com\/site\/index.php?rest_route=\/wp\/v2\/posts\/4490","targetHints":{"allow":["GET"]}}],"collection":[{"href":"https:\/\/folhadosudeste.com\/site\/index.php?rest_route=\/wp\/v2\/posts"}],"about":[{"href":"https:\/\/folhadosudeste.com\/site\/index.php?rest_route=\/wp\/v2\/types\/post"}],"author":[{"embeddable":true,"href":"https:\/\/folhadosudeste.com\/site\/index.php?rest_route=\/wp\/v2\/users\/4"}],"replies":[{"embeddable":true,"href":"https:\/\/folhadosudeste.com\/site\/index.php?rest_route=%2Fwp%2Fv2%2Fcomments&post=4490"}],"version-history":[{"count":1,"href":"https:\/\/folhadosudeste.com\/site\/index.php?rest_route=\/wp\/v2\/posts\/4490\/revisions"}],"predecessor-version":[{"id":4493,"href":"https:\/\/folhadosudeste.com\/site\/index.php?rest_route=\/wp\/v2\/posts\/4490\/revisions\/4493"}],"wp:featuredmedia":[{"embeddable":true,"href":"https:\/\/folhadosudeste.com\/site\/index.php?rest_route=\/wp\/v2\/media\/4492"}],"wp:attachment":[{"href":"https:\/\/folhadosudeste.com\/site\/index.php?rest_route=%2Fwp%2Fv2%2Fmedia&parent=4490"}],"wp:term":[{"taxonomy":"category","embeddable":true,"href":"https:\/\/folhadosudeste.com\/site\/index.php?rest_route=%2Fwp%2Fv2%2Fcategories&post=4490"},{"taxonomy":"post_tag","embeddable":true,"href":"https:\/\/folhadosudeste.com\/site\/index.php?rest_route=%2Fwp%2Fv2%2Ftags&post=4490"}],"curies":[{"name":"wp","href":"https:\/\/api.w.org\/{rel}","templated":true}]}}