{"id":4509,"date":"2014-08-01T13:15:50","date_gmt":"2014-08-01T13:15:50","guid":{"rendered":"http:\/\/folhadosudeste.com\/site\/?p=4509"},"modified":"2014-08-01T13:15:59","modified_gmt":"2014-08-01T13:15:59","slug":"belisario-recebe-alargamento-da-estrada-e-asfaltamento-em-vias-do-distrito","status":"publish","type":"post","link":"https:\/\/folhadosudeste.com\/site\/?p=4509","title":{"rendered":"Belis\u00e1rio recebe alargamento da estrada e asfaltamento em vias do distrito"},"content":{"rendered":"<div>\n<p style=\"text-align: justify;\"><a href=\"http:\/\/folhadosudeste.com\/site\/wp-content\/uploads\/2014\/08\/belizar.jpg\"><img loading=\"lazy\" decoding=\"async\" class=\"aligncenter size-full wp-image-4510\" alt=\"belizar\" src=\"http:\/\/folhadosudeste.com\/site\/wp-content\/uploads\/2014\/08\/belizar.jpg\" width=\"3264\" height=\"2448\" srcset=\"https:\/\/folhadosudeste.com\/site\/wp-content\/uploads\/2014\/08\/belizar.jpg 3264w, https:\/\/folhadosudeste.com\/site\/wp-content\/uploads\/2014\/08\/belizar-300x225.jpg 300w, https:\/\/folhadosudeste.com\/site\/wp-content\/uploads\/2014\/08\/belizar-1024x768.jpg 1024w\" sizes=\"auto, (max-width: 3264px) 100vw, 3264px\" \/><\/a> <a href=\"http:\/\/folhadosudeste.com\/site\/wp-content\/uploads\/2014\/08\/beli.jpg\"><img loading=\"lazy\" decoding=\"async\" class=\"aligncenter size-full wp-image-4511\" alt=\"beli\" src=\"http:\/\/folhadosudeste.com\/site\/wp-content\/uploads\/2014\/08\/beli.jpg\" width=\"3264\" height=\"2448\" srcset=\"https:\/\/folhadosudeste.com\/site\/wp-content\/uploads\/2014\/08\/beli.jpg 3264w, https:\/\/folhadosudeste.com\/site\/wp-content\/uploads\/2014\/08\/beli-300x225.jpg 300w, https:\/\/folhadosudeste.com\/site\/wp-content\/uploads\/2014\/08\/beli-1024x768.jpg 1024w\" sizes=\"auto, (max-width: 3264px) 100vw, 3264px\" \/><\/a> <a href=\"http:\/\/folhadosudeste.com\/site\/wp-content\/uploads\/2014\/08\/beliz.jpg\"><img loading=\"lazy\" decoding=\"async\" class=\"aligncenter size-full wp-image-4512\" alt=\"beliz\" src=\"http:\/\/folhadosudeste.com\/site\/wp-content\/uploads\/2014\/08\/beliz.jpg\" width=\"620\" height=\"563\" srcset=\"https:\/\/folhadosudeste.com\/site\/wp-content\/uploads\/2014\/08\/beliz.jpg 620w, https:\/\/folhadosudeste.com\/site\/wp-content\/uploads\/2014\/08\/beliz-300x272.jpg 300w\" sizes=\"auto, (max-width: 620px) 100vw, 620px\" \/><\/a><\/p>\n<p style=\"text-align: justify;\">Belis\u00e1rio recebe alargamento da estrada e asfaltamento em vias do distrito<\/p>\n<\/div>\n<p style=\"text-align: justify;\">A estrada que liga o distrito de Itamuri \u00e0 Belis\u00e1rio est\u00e1 sendo ampliada para favorecer o fluxo de caminh\u00f5es e transportes coletivos que circulam no per\u00edmetro. Desde a semana passada, 24 de julho, a extens\u00e3o de 15 Km da via rural vem sendo alargada \u2013 praticamente duplicada &#8211; pelas escavadeira hidra\u00falica, retroescavadeira, patrol e caminh\u00f5es da Secretaria Municipal de Agricultura da Prefeitura de Muria\u00e9.<\/p>\n<p style=\"text-align: justify;\">O trecho estava estreito para receber transportes de mercadorias e \u00f4nibus que no momento da ultrapassagem, quando dois ve\u00edculos longos ocupavam a pista simultaneamente, encontravam algumas dificuldades para prosseguir sem fazer paradas ou redu\u00e7\u00e3o da velocidade.<\/p>\n<p style=\"text-align: justify;\">O prefeito Aloysio Aquino esteve no local verificando a obra juntamente com o vereador Wolney Gon\u00e7alves e o secret\u00e1rio de Esporte, Lazer e Juventude, Vander Gon\u00e7alves, e definiram o tipo de ensaibramento e sobre a implanta\u00e7\u00e3o de canaletas para escoamento de chuvas: \u201cBelis\u00e1rio tem muitos produtores rurais e a circula\u00e7\u00e3o de caminh\u00f5es nesta estrada \u00e9 bastante grande e, precisamos dar espa\u00e7o o bastante para irem e virem sem dificuldades em circular em m\u00e3o dupla\u201d, frisou o prefeito, lembrando que os distritos est\u00e3o sendo muito bem atendidos, j\u00e1 que a chegada de Macuco tamb\u00e9m fora alargada.<\/p>\n<p style=\"text-align: justify;\">A prefeitura tamb\u00e9m ir\u00e1 asfaltar algumas ruas de Belis\u00e1rio para conter a poeira e beneficiar o tr\u00e2nsito de ve\u00edculos e pedestres pelas vias p\u00fablicas: Rua Santa Catarina, Rua Nossa Senhora Aparecida, Rua Jos\u00e9 M\u00e1ximo de Calais, Rua Jo\u00e3o Balbino de Souza e mais uma via nas margens do cemit\u00e9rio local receber\u00e3o o piso asf\u00e1ltico. Ser\u00e3o 3.000 metros de asfaltamento no interior do distrito. A obra ainda est\u00e1 sendo licitada.<\/p>\n<p style=\"text-align: justify;\">Fonte:luciah_imp@muriae.mg.gov.br<\/p>\n","protected":false},"excerpt":{"rendered":"<p>Belis\u00e1rio recebe alargamento da estrada e asfaltamento em vias do distrito A estrada que liga o distrito de Itamuri \u00e0 Belis\u00e1rio est\u00e1 sendo ampliada para favorecer o fluxo de caminh\u00f5es e transportes coletivos que circulam no per\u00edmetro. Desde a semana passada, 24 de julho, a extens\u00e3o de 15 Km da via rural vem sendo alargada [&hellip;]<\/p>\n","protected":false},"author":4,"featured_media":4512,"comment_status":"open","ping_status":"closed","sticky":false,"template":"","format":"standard","meta":{"_joinchat":[],"footnotes":""},"categories":[1],"tags":[],"class_list":["post-4509","post","type-post","status-publish","format-standard","has-post-thumbnail","hentry","category-sem-categoria"],"_links":{"self":[{"href":"https:\/\/folhadosudeste.com\/site\/index.php?rest_route=\/wp\/v2\/posts\/4509","targetHints":{"allow":["GET"]}}],"collection":[{"href":"https:\/\/folhadosudeste.com\/site\/index.php?rest_route=\/wp\/v2\/posts"}],"about":[{"href":"https:\/\/folhadosudeste.com\/site\/index.php?rest_route=\/wp\/v2\/types\/post"}],"author":[{"embeddable":true,"href":"https:\/\/folhadosudeste.com\/site\/index.php?rest_route=\/wp\/v2\/users\/4"}],"replies":[{"embeddable":true,"href":"https:\/\/folhadosudeste.com\/site\/index.php?rest_route=%2Fwp%2Fv2%2Fcomments&post=4509"}],"version-history":[{"count":1,"href":"https:\/\/folhadosudeste.com\/site\/index.php?rest_route=\/wp\/v2\/posts\/4509\/revisions"}],"predecessor-version":[{"id":4513,"href":"https:\/\/folhadosudeste.com\/site\/index.php?rest_route=\/wp\/v2\/posts\/4509\/revisions\/4513"}],"wp:featuredmedia":[{"embeddable":true,"href":"https:\/\/folhadosudeste.com\/site\/index.php?rest_route=\/wp\/v2\/media\/4512"}],"wp:attachment":[{"href":"https:\/\/folhadosudeste.com\/site\/index.php?rest_route=%2Fwp%2Fv2%2Fmedia&parent=4509"}],"wp:term":[{"taxonomy":"category","embeddable":true,"href":"https:\/\/folhadosudeste.com\/site\/index.php?rest_route=%2Fwp%2Fv2%2Fcategories&post=4509"},{"taxonomy":"post_tag","embeddable":true,"href":"https:\/\/folhadosudeste.com\/site\/index.php?rest_route=%2Fwp%2Fv2%2Ftags&post=4509"}],"curies":[{"name":"wp","href":"https:\/\/api.w.org\/{rel}","templated":true}]}}