{"id":4514,"date":"2014-08-04T19:41:26","date_gmt":"2014-08-04T19:41:26","guid":{"rendered":"http:\/\/folhadosudeste.com\/site\/?p=4514"},"modified":"2014-08-04T19:41:26","modified_gmt":"2014-08-04T19:41:26","slug":"folha-policial-ocorrencias-em-destaques","status":"publish","type":"post","link":"https:\/\/folhadosudeste.com\/site\/?p=4514","title":{"rendered":"FOLHA POLICIAL &#8211; OCORR\u00caNCIAS EM DESTAQUES"},"content":{"rendered":"<p style=\"text-align: justify;\" align=\"center\"><a href=\"http:\/\/folhadosudeste.com\/site\/wp-content\/uploads\/2014\/07\/viatura-pm12.jpg\"><img loading=\"lazy\" decoding=\"async\" class=\"aligncenter size-full wp-image-4473\" alt=\"viatura-pm1\" src=\"http:\/\/folhadosudeste.com\/site\/wp-content\/uploads\/2014\/07\/viatura-pm12.jpg\" width=\"620\" height=\"346\" srcset=\"https:\/\/folhadosudeste.com\/site\/wp-content\/uploads\/2014\/07\/viatura-pm12.jpg 620w, https:\/\/folhadosudeste.com\/site\/wp-content\/uploads\/2014\/07\/viatura-pm12-300x167.jpg 300w\" sizes=\"auto, (max-width: 620px) 100vw, 620px\" \/><\/a><\/p>\n<p style=\"text-align: justify;\" align=\"center\"><b><i>76\u00aa CIA PM \u2013 MURIA\u00c9-MG<\/i><\/b><\/p>\n<p style=\"text-align: justify;\"><b>PM EFETUA PRIS\u00c3O E APREENDE MENOR POR TR\u00c1FICO IL\u00cdCITO DE DROGAS EM MURIA\u00c9<\/b><\/p>\n<p style=\"text-align: justify;\">Em 31\/07\/2014, por volta das 16h30min, na Rua Independ\u00eancia, no Bairro S\u00e3o Crist\u00f3v\u00e3o, militares informados sobre um furto de celular de uma loja, deslocaram at\u00e9 um ponto conhecido por haver tr\u00e1fico drogas, e ao aproximarem do local, avistaram a menor S.R.M.S. de 16 anos, M.A.R. de 13 anos, e R.H.S.M. de 19 anos, e dado ordem de parada, evadiram para o interior da resid\u00eancia. Sendo observado que uma das menores estava com uma bolsa e retirou de seu interior um volume de cor cinza e entregou a um dos comparsas que, com o material em sua m\u00e3o, evadiu para os fundos da resid\u00eancia, pulando os muros do quintal vizinho. Moradores que n\u00e3o quiseram se identificar, afirmaram que ele estava com uma sacola com uma grande quantidade de drogas em seu interior e que utiliza as menores para levarem droga deste local, na rua INDEPEND\u00caNCIA para o local conhecido como \u201cB.DA G.\u201d, na rua CARLOS DIAS GOES. Durante buscas, no interior da resid\u00eancia, foi localizada 01 bucha de maconha, 01 TV SONY, BRAVIA 32\u201d, de cor preta de proced\u00eancia duvidosa, e na bolsa de uma menor localizaram R$90,00, 01 celular LG e o celular SAMSUNG DUOS, cor cinza, que havia sido furtado no interior da loja L.A.no centro, sendo o mesmo reconhecido pela v\u00edtima. A menor \u00e9 namorada do autor, sendo apreendida em flagrante e encaminhada \u00e0 DPJ.<\/p>\n<p style=\"text-align: justify;\"><b>PM PRENDE FORAGIDO DA JUSTI\u00c7A EM BAR\u00c3O DO MONTE ALTO<\/b><\/p>\n<p style=\"text-align: justify;\">Em 31\/07\/2014, por volta das 15h30min, na Rua Oth\u00f4nio Antunes, no Centro, A.M.R. de 35 anos, foi abordado e em consulta ao ISP, consta um mandado de pris\u00e3o em desfavor do mesmo. Face ao exposto, foi dado voz de pris\u00e3o ao autor e conduzido \u00e0 DPJ.<\/p>\n<p style=\"text-align: justify;\"><b>PM REGISTRA DANO MATERIAL EM PENITENCI\u00c1RIA EM MURIA\u00c9<\/b><\/p>\n<p style=\"text-align: justify;\">Em 01\/08\/2014, por volta das 16h, na Avenida Luciano Rodrigues Paula, no Leblon, compareceu no posto policial, o Agente Penitenci\u00e1rio, E.M.F. de 32 anos, relatando que no dia 19\/06\/2014, o detento W.A.S. de 28 anos, ateou fogo em um cobertor e em uma camisa, causando um grande transtorno, pois colocou em risco a vida dele e de outros detentos, al\u00e9m do dano nos materiais do estado.<\/p>\n<p style=\"text-align: justify;\"><b>PM EFETUA PRIS\u00c3O POR TR\u00c1FICO IL\u00cdCITO DE DROGAS EM MURIA\u00c9<\/b><\/p>\n<p style=\"text-align: justify;\">Em 01\/08\/2014, por volta das 20h30min, na Avenida Monteiro de Castro, na Barra, militares depararam com um tumulto, envolvendo alguns indiv\u00edduos que prestam servi\u00e7o de seguran\u00e7a particular, sendo encontrado 12 papelotes de coca\u00edna com R.O.S. de 22 anos, e este informou que levaria a droga para uma festa na VILA VARDIERO, &#8220;FESTA DO ARROZ&#8221;, para uso, por\u00e9m populares informaram que ele estava realizando a venda da droga na PRA\u00c7A DO TRABALHADOR. Foi dado voz de pris\u00e3o em flagrante ao autor e conduzido \u00e0 DPJ.<\/p>\n<p style=\"text-align: justify;\"><b>PM FAZ APREENS\u00c3O DE MENOR POR TR\u00c1FICO IL\u00cdCITO DE DROGAS EM MURIA\u00c9<\/b><\/p>\n<p style=\"text-align: justify;\">Em 01\/08\/2014, por volta das 22h15min, na Vila Santos Dumont, no Bairro Aeroporto, ao avistar os militares, um indiv\u00edduo empreendeu fuga para o interior de um beco, sendo capturado S.D.R. de 17 anos e, no trajeto de fuga, localizado 29 papelotes de coca\u00edna. Na resid\u00eancia deste, sua genitora permitiu a entrada, sendo localizado escondido na laje 01 computador completo. Foi dada voz de apreens\u00e3o ao infrator e conduzido \u00e0 DPJ junto com a droga e o computador.<\/p>\n<p style=\"text-align: justify;\"><b>PM APREENDE MENOR POR POSSE ILEGAL DE MUNI\u00c7\u00c3O EM MURIA\u00c9<\/b><\/p>\n<p style=\"text-align: justify;\">Em 02\/08\/2014, por volta das 23h30min, na Rua Ub\u00e1, no Bairro Santa Terezinha, policiais avistaram L.M.S. de 14 anos, o qual, ao avistar a VP, empreendeu fuga, sendo abordado, momento em que dispensou no solo uma muni\u00e7\u00e3o cal.38 SPL, marca CBC, ponta ogival, intacta, que foi apreendida. Foi dada voz de apreens\u00e3o em flagrante ao menor infrator e conduzido \u00e0 DPJ.<\/p>\n<p style=\"text-align: justify;\"><b>PM PRENDE POR PORTE ILEGAL DE ARMA DE FOGO EM MURIA\u00c9<\/b><\/p>\n<p style=\"text-align: justify;\">Em 02\/08\/2014, por volta das 07h, na Rua Ant\u00f4nio Ramos, no Bairro Aeroporto, ap\u00f3s den\u00fancias que um indiv\u00edduo conhecido estava no local efetuando disparos com o objetivo de matar G.N. de 30 anos, militares, em rastreamento j\u00e1 pela rua CAVALIER, localizaram o autor, o qual portava na cintura uma garrucha CAL.44, municiada com 02 cartuchos intactos e 02 cartuchos deflagrados no bolso da cal\u00e7a, sendo dado voz de pris\u00e3o ao autor e este disse que estava portando a arma devido ao fato de ter sido alvejado por 02 disparos de arma de fogo h\u00e1 04 dias. Em consulta ao ISP, foi constatado ainda mandado de pris\u00e3o contra o autor que foi conduzido \u00e0 DPJ, e teve sua pris\u00e3o ratificada.<\/p>\n<p style=\"text-align: justify;\" align=\"center\"><b><i>75\u00aa CIA PM \u2013 MURIA\u00c9-MG<\/i><\/b><\/p>\n<p style=\"text-align: justify;\"><b>PM EFETUA PRIS\u00c3O DE FORAGIDO DA JUSTI\u00c7A EM S\u00c3O FRANCISCO DO GL\u00d3RIA<\/b><\/p>\n<p style=\"text-align: justify;\">Em 31\/07\/2014, por volta das 13h30min, no C\u00f3rrego Resid\u00eancia, Zona Rural de S\u00e3o Francisco do Gl\u00f3ria, militares abordaram R.B.R. de 28 anos, sendo constatado mandado de pris\u00e3o contra o mesmo, devido a homic\u00eddio ocorrido em ITAGUA\u00cd-RJ, sendo dado voz de pris\u00e3o e conduzido \u00e0 DPJ.<\/p>\n<p style=\"text-align: justify;\"><b>PM PRENDE FORAGIDO DA JUSTI\u00c7A POR LES\u00c3O CORPORAL EM ORIZ\u00c2NIA<\/b><\/p>\n<p style=\"text-align: justify;\">Em 31\/07\/2014, por volta das 14h, no C\u00f3rrego Grande, Zona Rural de Oriz\u00e2nia, militares depararam com a ambul\u00e2ncia prestando socorro a I.C.S.R. de 23 anos, a qual havia sido agredida por S.S.B. de 27 anos. O autor afirmou que na data de ontem agrediu a esposa ap\u00f3s uma discuss\u00e3o, sendo que a equipe policial reconheceu o autor e j\u00e1 tinham ci\u00eancia de que contra ele havia um mandado de pris\u00e3o em aberto. Foi dado voz de pris\u00e3o ao mesmo o qual foi conduzido \u00e0 DPJ.<\/p>\n<p style=\"text-align: justify;\"><b>PM CUMPRE MANDADO DE PRIS\u00c3O EM DIVINO<\/b><\/p>\n<p style=\"text-align: justify;\">Em 01\/08\/2014, por volta das 16h, na Rua Jardim Izilda, em Bom Jesus do Divino, em a\u00e7\u00e3o conjunta, militares deram cumprimento ao mandado de pris\u00e3o em desfavor de J.O.S. de 20 anos, sendo conduzido \u00e0 DPJ.<\/p>\n<p style=\"text-align: justify;\"><b>PM REGISTRA ACIDENTE DE TR\u00c2NSITO COM V\u00cdTIMA FATAL EM ORIZ\u00c2NIA<\/b><\/p>\n<p style=\"text-align: justify;\">Em 03\/08\/2014, por volta das 02h30min, no C\u00f3rrego do Indai\u00e1, Zona Rural de Oriz\u00e2nia, militares depararam com o acidente de tr\u00e2nsito e com a v\u00edtima F.A. de 49 anos, ca\u00eddo ao solo j\u00e1 sem vida. R.H.F. de 32 anos relatou que, ao passar pelo local, deparou com a v\u00edtima. Testemunhas n\u00e3o souberam informar quem poderia ter atropelado o indiv\u00edduo. A per\u00edcia compareceu no local, realizou os servi\u00e7os de praxe e removeu o corpo para o IML de MURIA\u00c9.<\/p>\n<p style=\"text-align: justify;\"><b>\u00a0Fonte:47bpm<\/b><\/p>\n","protected":false},"excerpt":{"rendered":"<p>76\u00aa CIA PM \u2013 MURIA\u00c9-MG PM EFETUA PRIS\u00c3O E APREENDE MENOR POR TR\u00c1FICO IL\u00cdCITO DE DROGAS EM MURIA\u00c9 Em 31\/07\/2014, por volta das 16h30min, na Rua Independ\u00eancia, no Bairro S\u00e3o Crist\u00f3v\u00e3o, militares informados sobre um furto de celular de uma loja, deslocaram at\u00e9 um ponto conhecido por haver tr\u00e1fico drogas, e ao aproximarem do local, [&hellip;]<\/p>\n","protected":false},"author":4,"featured_media":4473,"comment_status":"open","ping_status":"closed","sticky":false,"template":"","format":"standard","meta":{"_joinchat":[],"footnotes":""},"categories":[1],"tags":[],"class_list":["post-4514","post","type-post","status-publish","format-standard","has-post-thumbnail","hentry","category-sem-categoria"],"_links":{"self":[{"href":"https:\/\/folhadosudeste.com\/site\/index.php?rest_route=\/wp\/v2\/posts\/4514","targetHints":{"allow":["GET"]}}],"collection":[{"href":"https:\/\/folhadosudeste.com\/site\/index.php?rest_route=\/wp\/v2\/posts"}],"about":[{"href":"https:\/\/folhadosudeste.com\/site\/index.php?rest_route=\/wp\/v2\/types\/post"}],"author":[{"embeddable":true,"href":"https:\/\/folhadosudeste.com\/site\/index.php?rest_route=\/wp\/v2\/users\/4"}],"replies":[{"embeddable":true,"href":"https:\/\/folhadosudeste.com\/site\/index.php?rest_route=%2Fwp%2Fv2%2Fcomments&post=4514"}],"version-history":[{"count":1,"href":"https:\/\/folhadosudeste.com\/site\/index.php?rest_route=\/wp\/v2\/posts\/4514\/revisions"}],"predecessor-version":[{"id":4515,"href":"https:\/\/folhadosudeste.com\/site\/index.php?rest_route=\/wp\/v2\/posts\/4514\/revisions\/4515"}],"wp:featuredmedia":[{"embeddable":true,"href":"https:\/\/folhadosudeste.com\/site\/index.php?rest_route=\/wp\/v2\/media\/4473"}],"wp:attachment":[{"href":"https:\/\/folhadosudeste.com\/site\/index.php?rest_route=%2Fwp%2Fv2%2Fmedia&parent=4514"}],"wp:term":[{"taxonomy":"category","embeddable":true,"href":"https:\/\/folhadosudeste.com\/site\/index.php?rest_route=%2Fwp%2Fv2%2Fcategories&post=4514"},{"taxonomy":"post_tag","embeddable":true,"href":"https:\/\/folhadosudeste.com\/site\/index.php?rest_route=%2Fwp%2Fv2%2Ftags&post=4514"}],"curies":[{"name":"wp","href":"https:\/\/api.w.org\/{rel}","templated":true}]}}