{"id":4521,"date":"2014-08-05T13:15:05","date_gmt":"2014-08-05T13:15:05","guid":{"rendered":"http:\/\/folhadosudeste.com\/site\/?p=4521"},"modified":"2014-08-05T13:15:05","modified_gmt":"2014-08-05T13:15:05","slug":"30a-festa-da-colheita-de-itamuri-acontece-neste-final-de-semana","status":"publish","type":"post","link":"https:\/\/folhadosudeste.com\/site\/?p=4521","title":{"rendered":"30\u00aa Festa da Colheita de Itamuri acontece neste final de semana"},"content":{"rendered":"<p style=\"text-align: justify;\"><a href=\"http:\/\/folhadosudeste.com\/site\/wp-content\/uploads\/2014\/08\/Logo-Festa-Colheita.jpg\"><img loading=\"lazy\" decoding=\"async\" class=\"aligncenter size-full wp-image-4522\" alt=\"Logo Festa Colheita\" src=\"http:\/\/folhadosudeste.com\/site\/wp-content\/uploads\/2014\/08\/Logo-Festa-Colheita.jpg\" width=\"450\" height=\"374\" srcset=\"https:\/\/folhadosudeste.com\/site\/wp-content\/uploads\/2014\/08\/Logo-Festa-Colheita.jpg 450w, https:\/\/folhadosudeste.com\/site\/wp-content\/uploads\/2014\/08\/Logo-Festa-Colheita-300x249.jpg 300w\" sizes=\"auto, (max-width: 450px) 100vw, 450px\" \/><\/a> <a href=\"http:\/\/folhadosudeste.com\/site\/wp-content\/uploads\/2014\/08\/Festa-da-Colheita-Itamuri-2014.jpg\"><img loading=\"lazy\" decoding=\"async\" class=\"aligncenter size-full wp-image-4523\" alt=\"Festa da Colheita Itamuri 2014\" src=\"http:\/\/folhadosudeste.com\/site\/wp-content\/uploads\/2014\/08\/Festa-da-Colheita-Itamuri-2014.jpg\" width=\"2361\" height=\"3423\" srcset=\"https:\/\/folhadosudeste.com\/site\/wp-content\/uploads\/2014\/08\/Festa-da-Colheita-Itamuri-2014.jpg 2361w, https:\/\/folhadosudeste.com\/site\/wp-content\/uploads\/2014\/08\/Festa-da-Colheita-Itamuri-2014-206x300.jpg 206w, https:\/\/folhadosudeste.com\/site\/wp-content\/uploads\/2014\/08\/Festa-da-Colheita-Itamuri-2014-706x1024.jpg 706w\" sizes=\"auto, (max-width: 2361px) 100vw, 2361px\" \/><\/a><\/p>\n<p style=\"text-align: justify;\"><b>30\u00aa Festa da Colheita de Itamuri acontece neste final de semana<\/b><\/p>\n<p style=\"text-align: justify;\">A 30\u00aa edi\u00e7\u00e3o da \u201cFesta da Colheita\u201d do distrito de Itamuri promete agitar Muria\u00e9 e regi\u00e3o. Ser\u00e3o dois dias de evento, com shows, Cavalgada, atividades culturais, barracas de comidas t\u00edpica e muita divers\u00e3o.<\/p>\n<p style=\"text-align: justify;\">A festividade \u00e9 gratuita e come\u00e7a neste s\u00e1bado (09), com Missa em A\u00e7\u00e3o de Gra\u00e7as e apresenta\u00e7\u00e3o da Banda Sociedade Musical Uni\u00e3o dos Artistas. \u00c0s 21h, ser\u00e1 feita a abertura oficial, com presen\u00e7a de autoridades e convidados. Na sequ\u00eancia, sobem ao palco \u201cToinzinho do Acordeon\u201d e \u201cVin\u00edcius Dias\u201d. Para fechar a noite, a dupla \u201cCristiano &amp; Daniel\u201d promete o melhor do sertanejo, com muita anima\u00e7\u00e3o.<\/p>\n<p style=\"text-align: justify;\">No domingo (10), a \u201cFesta da Colheita\u201d come\u00e7a mais cedo, a partir das 10h, com a \u201cCavalgada\u201d e, logo ap\u00f3s, Almo\u00e7o de Confraterniza\u00e7\u00e3o, promovido pela Igreja. \u00c0s 16h haver\u00e1 \u201cRoda de Leitura com a Biblioteca Municipal Vivaldi Wenceslau Moreira\u201d e, \u00e0s 17h, apresenta\u00e7\u00e3o da Associa\u00e7\u00e3o de Violeiros de Muria\u00e9. O evento ser\u00e1 encerrado com o show de \u201cJo\u00e3ozinho do Acordeon\u201d, agendado para as 19h.<\/p>\n<p style=\"text-align: justify;\">A \u201c30\u00aa Festa da Colheita de Itamuri\u201d \u00e9 uma realiza\u00e7\u00e3o da Prefeitura de Muria\u00e9, da Fundarte e da Associa\u00e7\u00e3o de Moradores do distrito, com patroc\u00ednio do Grupo Energisa.<\/p>\n<p style=\"text-align: justify;\">\n","protected":false},"excerpt":{"rendered":"<p>30\u00aa Festa da Colheita de Itamuri acontece neste final de semana A 30\u00aa edi\u00e7\u00e3o da \u201cFesta da Colheita\u201d do distrito de Itamuri promete agitar Muria\u00e9 e regi\u00e3o. Ser\u00e3o dois dias de evento, com shows, Cavalgada, atividades culturais, barracas de comidas t\u00edpica e muita divers\u00e3o. A festividade \u00e9 gratuita e come\u00e7a neste s\u00e1bado (09), com Missa [&hellip;]<\/p>\n","protected":false},"author":4,"featured_media":4523,"comment_status":"open","ping_status":"closed","sticky":false,"template":"","format":"standard","meta":{"_joinchat":[],"footnotes":""},"categories":[1],"tags":[],"class_list":["post-4521","post","type-post","status-publish","format-standard","has-post-thumbnail","hentry","category-sem-categoria"],"_links":{"self":[{"href":"https:\/\/folhadosudeste.com\/site\/index.php?rest_route=\/wp\/v2\/posts\/4521","targetHints":{"allow":["GET"]}}],"collection":[{"href":"https:\/\/folhadosudeste.com\/site\/index.php?rest_route=\/wp\/v2\/posts"}],"about":[{"href":"https:\/\/folhadosudeste.com\/site\/index.php?rest_route=\/wp\/v2\/types\/post"}],"author":[{"embeddable":true,"href":"https:\/\/folhadosudeste.com\/site\/index.php?rest_route=\/wp\/v2\/users\/4"}],"replies":[{"embeddable":true,"href":"https:\/\/folhadosudeste.com\/site\/index.php?rest_route=%2Fwp%2Fv2%2Fcomments&post=4521"}],"version-history":[{"count":1,"href":"https:\/\/folhadosudeste.com\/site\/index.php?rest_route=\/wp\/v2\/posts\/4521\/revisions"}],"predecessor-version":[{"id":4524,"href":"https:\/\/folhadosudeste.com\/site\/index.php?rest_route=\/wp\/v2\/posts\/4521\/revisions\/4524"}],"wp:featuredmedia":[{"embeddable":true,"href":"https:\/\/folhadosudeste.com\/site\/index.php?rest_route=\/wp\/v2\/media\/4523"}],"wp:attachment":[{"href":"https:\/\/folhadosudeste.com\/site\/index.php?rest_route=%2Fwp%2Fv2%2Fmedia&parent=4521"}],"wp:term":[{"taxonomy":"category","embeddable":true,"href":"https:\/\/folhadosudeste.com\/site\/index.php?rest_route=%2Fwp%2Fv2%2Fcategories&post=4521"},{"taxonomy":"post_tag","embeddable":true,"href":"https:\/\/folhadosudeste.com\/site\/index.php?rest_route=%2Fwp%2Fv2%2Ftags&post=4521"}],"curies":[{"name":"wp","href":"https:\/\/api.w.org\/{rel}","templated":true}]}}