{"id":4545,"date":"2014-08-08T03:21:29","date_gmt":"2014-08-08T03:21:29","guid":{"rendered":"http:\/\/folhadosudeste.com\/site\/?p=4545"},"modified":"2014-08-08T03:21:29","modified_gmt":"2014-08-08T03:21:29","slug":"folha-policial-ocorrencias-em-destaques-3","status":"publish","type":"post","link":"https:\/\/folhadosudeste.com\/site\/?p=4545","title":{"rendered":"Folha Policial &#8211; Ocorr\u00eancias em Destaques"},"content":{"rendered":"<p align=\"center\"><a href=\"http:\/\/folhadosudeste.com\/site\/wp-content\/uploads\/2014\/07\/viatura-pm12.jpg\"><img loading=\"lazy\" decoding=\"async\" class=\"aligncenter size-full wp-image-4473\" alt=\"viatura-pm1\" src=\"http:\/\/folhadosudeste.com\/site\/wp-content\/uploads\/2014\/07\/viatura-pm12.jpg\" width=\"620\" height=\"346\" srcset=\"https:\/\/folhadosudeste.com\/site\/wp-content\/uploads\/2014\/07\/viatura-pm12.jpg 620w, https:\/\/folhadosudeste.com\/site\/wp-content\/uploads\/2014\/07\/viatura-pm12-300x167.jpg 300w\" sizes=\"auto, (max-width: 620px) 100vw, 620px\" \/><\/a><\/p>\n<p align=\"center\"><b><i>75\u00aa CIA PM \u2013 MURIA\u00c9-MG<\/i><\/b><\/p>\n<p style=\"text-align: justify;\"><b>PM EFETUA PRIS\u00c3O DE AUTOR DE HOMC\u00cdDIO EM CARANGOLA<\/b><\/p>\n<p style=\"text-align: justify;\">Em 06\/08\/2014, por volta das 12h30min, na Ponte Alta, zona rural de Carangola, militares receberam den\u00fancia an\u00f4nima, de que haveria um cad\u00e1ver escondido em um c\u00f3rrego que passava pela fazenda MONTE AZUL, e que o poss\u00edvel autor seria Z.C.P. de 43 anos. No local, este foi localizado e relatou n\u00e3o ter matado a v\u00edtima, e que o autor era A.L.P. De 28 anos, o qual matou a v\u00edtima no dia 03\/08\/14 por volta das 20:00 horas, com uma machadada na cabe\u00e7a, na resid\u00eancia do autor e que logo depois este o convenceu a jogar o cad\u00e1ver no c\u00f3rrego e que o autor amarrou os p\u00e9s do cad\u00e1ver, pois era muito pesado para ser carregado e os dois puxaram o cad\u00e1ver at\u00e9 o c\u00f3rrego e ali o jogaram. O interrogado mostrou o local exato no qual haviam jogado o corpo, e l\u00e1 puderam observar que ele estava submerso e dava para ver apenas a m\u00e3o do corpo. A per\u00edcia compareceu ao local e, devido ao estado de decomposi\u00e7\u00e3o, n\u00e3o soube precisar a natureza dos ferimentos e relatou que esclareceria em laudo pr\u00f3prio. O autor do homic\u00eddio n\u00e3o foi localizado em sua casa e seu sogro, C.R.C., franqueou a entrada na casa, pois existiam informa\u00e7\u00f5es que o genro possu\u00eda armas de fogo, e na casa localizaram duas espingardas que foram apreendidas assim como o machado que teria sido utilizado na morte da v\u00edtima. A perita liberou o cad\u00e1ver para funer\u00e1ria, e o autor interrogado foi conduzido \u00e0 DPJ.<\/p>\n<p style=\"text-align: justify;\"><b>PM EFETUA PRIS\u00c3O POR CRIME DE CORRUP\u00c7\u00c3O DE MENOR EM CARANGOLA<\/b><\/p>\n<p style=\"text-align: justify;\">Em 06\/08\/2014, por volta das 21h, na Pra\u00e7a Coronel Maximiano, no Centro, militares receberam den\u00fancia an\u00f4nima, de que havia um grupo de 05 jovens fazendo uso de um cigarro de maconha. Os suspeitos foram localizados e submetidos a busca pessoal, sendo encontrado um cigarro de maconha com T.C.B.C. de 15 anos e no bolso da cal\u00e7a de M.A.S.G. de 19 anos 01 bucha de maconha. O menor disse que havia usado o cigarro de maconha junto com o autor e que o comprou pelo valor de R$ 5,00, na rua DR. JUAREZ QUINT\u00c3O HOSKEN, pr\u00f3ximo ao sem\u00e1foro, de um indiv\u00edduo moreno. O autor disse que a bucha de maconha ganhou de um amigo na cidade de CASIMIRO DE ABREU\/RJ, que confirma o relato do adolescente sabendo que o mesmo \u00e9 menor de idade e que tal pr\u00e1tica e ilegal. O autor recebeu voz de pris\u00e3o por corrup\u00e7\u00e3o de menores e posse para uso de subst\u00e2ncia entorpecente. O menor foi apreendido em flagrante delito por posse de subst\u00e2ncia entorpecente, sendo conduzidos \u00e0 DPJ.<\/p>\n<p style=\"text-align: justify;\"><b>\u00a0Fonte: 47bpm<\/b><\/p>\n","protected":false},"excerpt":{"rendered":"<p>75\u00aa CIA PM \u2013 MURIA\u00c9-MG PM EFETUA PRIS\u00c3O DE AUTOR DE HOMC\u00cdDIO EM CARANGOLA Em 06\/08\/2014, por volta das 12h30min, na Ponte Alta, zona rural de Carangola, militares receberam den\u00fancia an\u00f4nima, de que haveria um cad\u00e1ver escondido em um c\u00f3rrego que passava pela fazenda MONTE AZUL, e que o poss\u00edvel autor seria Z.C.P. de 43 [&hellip;]<\/p>\n","protected":false},"author":4,"featured_media":4473,"comment_status":"open","ping_status":"closed","sticky":false,"template":"","format":"standard","meta":{"_joinchat":[],"footnotes":""},"categories":[1],"tags":[],"class_list":["post-4545","post","type-post","status-publish","format-standard","has-post-thumbnail","hentry","category-sem-categoria"],"_links":{"self":[{"href":"https:\/\/folhadosudeste.com\/site\/index.php?rest_route=\/wp\/v2\/posts\/4545","targetHints":{"allow":["GET"]}}],"collection":[{"href":"https:\/\/folhadosudeste.com\/site\/index.php?rest_route=\/wp\/v2\/posts"}],"about":[{"href":"https:\/\/folhadosudeste.com\/site\/index.php?rest_route=\/wp\/v2\/types\/post"}],"author":[{"embeddable":true,"href":"https:\/\/folhadosudeste.com\/site\/index.php?rest_route=\/wp\/v2\/users\/4"}],"replies":[{"embeddable":true,"href":"https:\/\/folhadosudeste.com\/site\/index.php?rest_route=%2Fwp%2Fv2%2Fcomments&post=4545"}],"version-history":[{"count":1,"href":"https:\/\/folhadosudeste.com\/site\/index.php?rest_route=\/wp\/v2\/posts\/4545\/revisions"}],"predecessor-version":[{"id":4546,"href":"https:\/\/folhadosudeste.com\/site\/index.php?rest_route=\/wp\/v2\/posts\/4545\/revisions\/4546"}],"wp:featuredmedia":[{"embeddable":true,"href":"https:\/\/folhadosudeste.com\/site\/index.php?rest_route=\/wp\/v2\/media\/4473"}],"wp:attachment":[{"href":"https:\/\/folhadosudeste.com\/site\/index.php?rest_route=%2Fwp%2Fv2%2Fmedia&parent=4545"}],"wp:term":[{"taxonomy":"category","embeddable":true,"href":"https:\/\/folhadosudeste.com\/site\/index.php?rest_route=%2Fwp%2Fv2%2Fcategories&post=4545"},{"taxonomy":"post_tag","embeddable":true,"href":"https:\/\/folhadosudeste.com\/site\/index.php?rest_route=%2Fwp%2Fv2%2Ftags&post=4545"}],"curies":[{"name":"wp","href":"https:\/\/api.w.org\/{rel}","templated":true}]}}