{"id":4550,"date":"2014-08-08T20:02:53","date_gmt":"2014-08-08T20:02:53","guid":{"rendered":"http:\/\/folhadosudeste.com\/site\/?p=4550"},"modified":"2014-08-08T20:02:53","modified_gmt":"2014-08-08T20:02:53","slug":"vila-vardiero-promove-xxii-festa-do-arroz","status":"publish","type":"post","link":"https:\/\/folhadosudeste.com\/site\/?p=4550","title":{"rendered":"Vila Vardiero promove XXII Festa do Arroz"},"content":{"rendered":"<p><a href=\"http:\/\/folhadosudeste.com\/site\/wp-content\/uploads\/2014\/08\/DSC_0340.jpg\"><img loading=\"lazy\" decoding=\"async\" class=\"aligncenter size-full wp-image-4570\" alt=\"DSC_0340\" src=\"http:\/\/folhadosudeste.com\/site\/wp-content\/uploads\/2014\/08\/DSC_0340.jpg\" width=\"800\" height=\"533\" srcset=\"https:\/\/folhadosudeste.com\/site\/wp-content\/uploads\/2014\/08\/DSC_0340.jpg 800w, https:\/\/folhadosudeste.com\/site\/wp-content\/uploads\/2014\/08\/DSC_0340-300x199.jpg 300w\" sizes=\"auto, (max-width: 800px) 100vw, 800px\" \/><\/a><\/p>\n<p style=\"text-align: justify;\"><b>Vila Vardiero promove XXII Festa do Arroz<\/b><\/p>\n<p style=\"text-align: justify;\">A Vila Vardiero \u2013 munic\u00edpio de Bar\u00e3o do Monte Alto \u2013, esteve em festa no \u00faltimo final de semana, quando um grande p\u00fablico da regi\u00e3o compareceu para prestigiar a XXII Festa do Arroz \u2013 14\u00ba Concurso Leiteiro dos Produtores Rurais e 8\u00ba Concurso Leiteiro de Cabras. Durante os dias 1\u00ba a 3 de agosto, o evento contou com v\u00e1rias atra\u00e7\u00f5es, como shows, funcionamento de barracas, pavilh\u00e3o agr\u00edcola e parque de divers\u00e3o. A festa iniciou na sexta-feira (1\u00ba) com os shows de Marcelo &amp; Wesley e da Banda Deliciar. No s\u00e1bado (2), foi a vez da Banda Nova Vibe e da dupla Cristiano &amp; Daniel animar o p\u00fablico presente. Para encerrar com chave de ouro, o domingo (3) teve cavalgada, desfiles das carro\u00e7as e charretes com Padroeiras das Comunidades vizinhas, almo\u00e7o beneficente com comidas t\u00edpicas, sorteio de v\u00e1rios brindes e as apresenta\u00e7\u00f5es do Grupo Faz de Conta e Fl\u00e1via Mendon\u00e7a&#8230;\u00a0Saiba mais na edi\u00e7\u00e3o n\u00ba 622 do Jornal Folha do Sudeste, final de semana nas bancas.[dopwgg id=&#8221;379&#8243;][dopwgg id=&#8221;380&#8243;]<\/p>\n","protected":false},"excerpt":{"rendered":"<p>Vila Vardiero promove XXII Festa do Arroz A Vila Vardiero \u2013 munic\u00edpio de Bar\u00e3o do Monte Alto \u2013, esteve em festa no \u00faltimo final de semana, quando um grande p\u00fablico da regi\u00e3o compareceu para prestigiar a XXII Festa do Arroz \u2013 14\u00ba Concurso Leiteiro dos Produtores Rurais e 8\u00ba Concurso Leiteiro de Cabras. Durante os [&hellip;]<\/p>\n","protected":false},"author":4,"featured_media":4570,"comment_status":"open","ping_status":"closed","sticky":false,"template":"","format":"standard","meta":{"_joinchat":[],"footnotes":""},"categories":[1],"tags":[],"class_list":["post-4550","post","type-post","status-publish","format-standard","has-post-thumbnail","hentry","category-sem-categoria"],"_links":{"self":[{"href":"https:\/\/folhadosudeste.com\/site\/index.php?rest_route=\/wp\/v2\/posts\/4550","targetHints":{"allow":["GET"]}}],"collection":[{"href":"https:\/\/folhadosudeste.com\/site\/index.php?rest_route=\/wp\/v2\/posts"}],"about":[{"href":"https:\/\/folhadosudeste.com\/site\/index.php?rest_route=\/wp\/v2\/types\/post"}],"author":[{"embeddable":true,"href":"https:\/\/folhadosudeste.com\/site\/index.php?rest_route=\/wp\/v2\/users\/4"}],"replies":[{"embeddable":true,"href":"https:\/\/folhadosudeste.com\/site\/index.php?rest_route=%2Fwp%2Fv2%2Fcomments&post=4550"}],"version-history":[{"count":2,"href":"https:\/\/folhadosudeste.com\/site\/index.php?rest_route=\/wp\/v2\/posts\/4550\/revisions"}],"predecessor-version":[{"id":4571,"href":"https:\/\/folhadosudeste.com\/site\/index.php?rest_route=\/wp\/v2\/posts\/4550\/revisions\/4571"}],"wp:featuredmedia":[{"embeddable":true,"href":"https:\/\/folhadosudeste.com\/site\/index.php?rest_route=\/wp\/v2\/media\/4570"}],"wp:attachment":[{"href":"https:\/\/folhadosudeste.com\/site\/index.php?rest_route=%2Fwp%2Fv2%2Fmedia&parent=4550"}],"wp:term":[{"taxonomy":"category","embeddable":true,"href":"https:\/\/folhadosudeste.com\/site\/index.php?rest_route=%2Fwp%2Fv2%2Fcategories&post=4550"},{"taxonomy":"post_tag","embeddable":true,"href":"https:\/\/folhadosudeste.com\/site\/index.php?rest_route=%2Fwp%2Fv2%2Ftags&post=4550"}],"curies":[{"name":"wp","href":"https:\/\/api.w.org\/{rel}","templated":true}]}}