{"id":4558,"date":"2014-08-08T19:54:58","date_gmt":"2014-08-08T19:54:58","guid":{"rendered":"http:\/\/folhadosudeste.com\/site\/?p=4558"},"modified":"2014-08-08T19:54:58","modified_gmt":"2014-08-08T19:54:58","slug":"produtores-aprendem-sobre-gado-de-leite-em-dia-de-campo","status":"publish","type":"post","link":"https:\/\/folhadosudeste.com\/site\/?p=4558","title":{"rendered":"Produtores aprendem sobre \u2018Gado de Leite\u2019 em Dia de Campo"},"content":{"rendered":"<p><a href=\"http:\/\/folhadosudeste.com\/site\/wp-content\/uploads\/2014\/08\/DSC00937.jpg\"><img loading=\"lazy\" decoding=\"async\" class=\"aligncenter size-full wp-image-4562\" alt=\"DSC00937\" src=\"http:\/\/folhadosudeste.com\/site\/wp-content\/uploads\/2014\/08\/DSC00937.jpg\" width=\"800\" height=\"533\" srcset=\"https:\/\/folhadosudeste.com\/site\/wp-content\/uploads\/2014\/08\/DSC00937.jpg 800w, https:\/\/folhadosudeste.com\/site\/wp-content\/uploads\/2014\/08\/DSC00937-300x199.jpg 300w\" sizes=\"auto, (max-width: 800px) 100vw, 800px\" \/><\/a><\/p>\n<p><b>Produtores aprendem sobre \u2018Gado de Leite\u2019 em Dia de Campo<\/b><\/p>\n<p style=\"text-align: justify;\">A Fazenda Garcia (Inhambu), Divis\u00f3rio, foi palco de mais um importante Dia de Campo promovido pela Emater, em parceria com as empresas ligadas ao meio rural. Realizado na \u00faltima sexta (1\u00ba), o tema do encontro foi \u2018Gado de Leite\u2019 e a propriedade foi escolhida por ser a posse de cinco irm\u00e3os que v\u00eam dedicando-se h\u00e1 muito tempo \u00e0 pecu\u00e1ria de leite, passando de empregados a propriet\u00e1rios produtores \u2013 uma bela hist\u00f3ria que come\u00e7aram ainda pequenos e foram trabalhando com dedica\u00e7\u00e3o, buscando informa\u00e7\u00f5es e tecnologia, crescendo e tornando-se refer\u00eancia na produ\u00e7\u00e3o em nossa regi\u00e3o. Mesmo com uma pequena propriedade, produzem muito leite e transformaram sua pequena propriedade em um grande&#8230;\u00a0Saiba mais na edi\u00e7\u00e3o n\u00ba 622 do Jornal Folha do Sudeste, final de semana nas bancas.[dopwgg id=&#8221;373&#8243;]<\/p>\n","protected":false},"excerpt":{"rendered":"<p>Produtores aprendem sobre \u2018Gado de Leite\u2019 em Dia de Campo A Fazenda Garcia (Inhambu), Divis\u00f3rio, foi palco de mais um importante Dia de Campo promovido pela Emater, em parceria com as empresas ligadas ao meio rural. Realizado na \u00faltima sexta (1\u00ba), o tema do encontro foi \u2018Gado de Leite\u2019 e a propriedade foi escolhida por [&hellip;]<\/p>\n","protected":false},"author":4,"featured_media":4562,"comment_status":"open","ping_status":"closed","sticky":false,"template":"","format":"standard","meta":{"_joinchat":[],"footnotes":""},"categories":[1],"tags":[],"class_list":["post-4558","post","type-post","status-publish","format-standard","has-post-thumbnail","hentry","category-sem-categoria"],"_links":{"self":[{"href":"https:\/\/folhadosudeste.com\/site\/index.php?rest_route=\/wp\/v2\/posts\/4558","targetHints":{"allow":["GET"]}}],"collection":[{"href":"https:\/\/folhadosudeste.com\/site\/index.php?rest_route=\/wp\/v2\/posts"}],"about":[{"href":"https:\/\/folhadosudeste.com\/site\/index.php?rest_route=\/wp\/v2\/types\/post"}],"author":[{"embeddable":true,"href":"https:\/\/folhadosudeste.com\/site\/index.php?rest_route=\/wp\/v2\/users\/4"}],"replies":[{"embeddable":true,"href":"https:\/\/folhadosudeste.com\/site\/index.php?rest_route=%2Fwp%2Fv2%2Fcomments&post=4558"}],"version-history":[{"count":2,"href":"https:\/\/folhadosudeste.com\/site\/index.php?rest_route=\/wp\/v2\/posts\/4558\/revisions"}],"predecessor-version":[{"id":4563,"href":"https:\/\/folhadosudeste.com\/site\/index.php?rest_route=\/wp\/v2\/posts\/4558\/revisions\/4563"}],"wp:featuredmedia":[{"embeddable":true,"href":"https:\/\/folhadosudeste.com\/site\/index.php?rest_route=\/wp\/v2\/media\/4562"}],"wp:attachment":[{"href":"https:\/\/folhadosudeste.com\/site\/index.php?rest_route=%2Fwp%2Fv2%2Fmedia&parent=4558"}],"wp:term":[{"taxonomy":"category","embeddable":true,"href":"https:\/\/folhadosudeste.com\/site\/index.php?rest_route=%2Fwp%2Fv2%2Fcategories&post=4558"},{"taxonomy":"post_tag","embeddable":true,"href":"https:\/\/folhadosudeste.com\/site\/index.php?rest_route=%2Fwp%2Fv2%2Ftags&post=4558"}],"curies":[{"name":"wp","href":"https:\/\/api.w.org\/{rel}","templated":true}]}}